{"id":9527,"date":"2025-11-10T21:55:26","date_gmt":"2025-11-10T20:55:26","guid":{"rendered":"https:\/\/universnews224.com\/?p=9527"},"modified":"2025-11-10T21:55:26","modified_gmt":"2025-11-10T20:55:26","slug":"commemoration-de-lanniversaire-de-larmistice-des-veuves-danciens-combattants-guineens-beneficient-du-soutien-de-la-france","status":"publish","type":"post","link":"https:\/\/universnews224.com\/index.php\/commemoration-de-lanniversaire-de-larmistice-des-veuves-danciens-combattants-guineens-beneficient-du-soutien-de-la-france\/","title":{"rendered":"Comm\u00e9moration de l&rsquo;anniversaire de l\u2019armistice : des veuves d\u2019anciens combattants guin\u00e9ens b\u00e9n\u00e9ficient du soutien de la France."},"content":{"rendered":"<p>Le 11 novembre 1918 marquait la fin de la premi\u00e8re guerre mondiale. Ce lundi 10 novembre 2025, pour honorer les anciens combattants guin\u00e9ens, la Direction G\u00e9n\u00e9rale des Pensions Militaires et Anciens Combattants, en collaboration avec l\u2019ambassade de France en Guin\u00e9e, a organis\u00e9 une c\u00e9r\u00e9monie en diff\u00e9r\u00e9 afin de rendre un vibrant hommage et des dons de mat\u00e9riel m\u00e9dical et de denr\u00e9es destin\u00e9s aux veuves de soldats d\u00e9c\u00e9d\u00e9s.<a href=\"https:\/\/universnews224.com\/wp-content\/uploads\/2025\/11\/IMG-20251110-WA0009.jpg\"><img loading=\"lazy\" class=\"alignnone size-medium wp-image-9528\" src=\"https:\/\/universnews224.com\/wp-content\/uploads\/2025\/11\/IMG-20251110-WA0009-300x169.jpg\" alt=\"\" width=\"300\" height=\"169\" srcset=\"https:\/\/universnews224.com\/wp-content\/uploads\/2025\/11\/IMG-20251110-WA0009-300x169.jpg 300w, https:\/\/universnews224.com\/wp-content\/uploads\/2025\/11\/IMG-20251110-WA0009-768x432.jpg 768w, https:\/\/universnews224.com\/wp-content\/uploads\/2025\/11\/IMG-20251110-WA0009-800x450.jpg 800w, https:\/\/universnews224.com\/wp-content\/uploads\/2025\/11\/IMG-20251110-WA0009.jpg 1008w\" sizes=\"(max-width: 300px) 100vw, 300px\" \/><\/a><\/p>\n<div dir=\"auto\">\n<div dir=\"auto\">\u00ab L&rsquo;Ambassade de France en Guin\u00e9e, fid\u00e8le \u00e0 ses habitudes, nous a encore octroy\u00e9 des dons d&rsquo;une valeur inestimable, comprenant notamment des fournitures de bureaux et les produits m\u00e9dicaux. A ces dons de nos partenaires vient s&rsquo;ajouter le grand bonheur des anciens combattants et veuves de Guin\u00e9e. Le merveilleux cadeau qui restera \u00e0 vie comme \u00e9tant le meilleur, offert par le G\u00e9n\u00e9ral Mamadi Doumbouya, soldat du peuple. La r\u00e9alisation de ce merveilleux \u00e9difice est aussi \u00e0 l&rsquo;actif d&rsquo;un homme exceptionnel qui, pour son amour de son prochain, a farouchement lutt\u00e9 durant plusieurs ann\u00e9es pour faire barrage \u00e0 tous les obstacles qui avaient \u00e9t\u00e9 cr\u00e9\u00e9s par certains concitoyens en mal d&rsquo;inspiration \u00bb,a-t-il indiqu\u00e9 le repr\u00e9sentant de Office National des Anciens Combattants de Guin\u00e9e avant d\u2019ajouter:<a href=\"https:\/\/universnews224.com\/wp-content\/uploads\/2025\/11\/IMG-20251110-WA0012.jpg\"><img loading=\"lazy\" class=\"alignnone size-medium wp-image-9532\" src=\"https:\/\/universnews224.com\/wp-content\/uploads\/2025\/11\/IMG-20251110-WA0012-300x213.jpg\" alt=\"\" width=\"300\" height=\"213\" srcset=\"https:\/\/universnews224.com\/wp-content\/uploads\/2025\/11\/IMG-20251110-WA0012-300x213.jpg 300w, https:\/\/universnews224.com\/wp-content\/uploads\/2025\/11\/IMG-20251110-WA0012-1024x726.jpg 1024w, https:\/\/universnews224.com\/wp-content\/uploads\/2025\/11\/IMG-20251110-WA0012-768x545.jpg 768w, https:\/\/universnews224.com\/wp-content\/uploads\/2025\/11\/IMG-20251110-WA0012.jpg 1080w\" sizes=\"(max-width: 300px) 100vw, 300px\" \/><\/a><\/div>\n<div dir=\"auto\"><\/div>\n<div dir=\"auto\">\u00ab Mon intervention sera incompl\u00e8te si j&rsquo;occulte cette s\u00e9quence de ma vie que je viens de vivre respectueusement le 2 octobre et le 1er novembre 2025, lors de la c\u00e9l\u00e9bration de l&rsquo;ind\u00e9pendance nationale et de l&rsquo;anniversaire de l&rsquo;arm\u00e9e guin\u00e9enne. En effet, c&rsquo;est au cours de ces deux \u00e9v\u00e9nements historiques que le G\u00e9n\u00e9ral Mamadi Doumbouya, m&rsquo;a doublement grandi, honor\u00e9 et \u00e0 travers moi tous les anciens combatants vivants ou morts et toutes les personnes \u00e2g\u00e9es\u00bb, a-t-il ajout\u00e9.<\/div>\n<div dir=\"auto\">Pour sa part, le ministre de la d\u00e9fense nationale, le G\u00e9n\u00e9ral Aboubacar Sidiki Camara, \u00e0 sont tour remercier et f\u00e9liciter les anciens combattants guin\u00e9ens.<\/div>\n<div dir=\"auto\">\u00ab La R\u00e9publique fran\u00e7aise \u00e0 travers son ambassadeur \u00e0 fait un geste symbolique Mais aussi ce devoir de m\u00e9moire de la R\u00e9publique fran\u00e7aise Ce principe de red\u00e9vabilit\u00e9 morale de la R\u00e9publique fran\u00e7aise Vis-\u00e0-vis de ces anciens combattants Ceux qui ont combattu pour la libert\u00e9 Ceux qui ont donn\u00e9 leur vie, leur sang et ceux qui ont \u00e9t\u00e9 les plus heureux sont ceux qui sont revenus en Guin\u00e9e et qui sont l\u00e0 aujourd&rsquo;hui. Il n&rsquo;est jamais trop tard pour bien faire. Donc il n&rsquo;est jamais trop tard pour commencer cette d\u00e9coration est une exaltation de nos p\u00e8res qui se sont battus sous le drapeau fran\u00e7ais Mais aussi c&rsquo;est un encouragement pour ceux qui se trouvent sous le drapeau maintenant car rendre honneur aux morts, pour la patrie exalte les vivants qui sont encore sous le drapeau Merci pour ce don que j&rsquo;esp\u00e8re y rendre droit Aux familles de ces combattants de la libert\u00e9 \u00bb, a-t-il affirm\u00e9.<a href=\"https:\/\/universnews224.com\/wp-content\/uploads\/2025\/11\/IMG-20251110-WA0010.jpg\"><img loading=\"lazy\" class=\"alignnone size-medium wp-image-9529\" src=\"https:\/\/universnews224.com\/wp-content\/uploads\/2025\/11\/IMG-20251110-WA0010-300x169.jpg\" alt=\"\" width=\"300\" height=\"169\" srcset=\"https:\/\/universnews224.com\/wp-content\/uploads\/2025\/11\/IMG-20251110-WA0010-300x169.jpg 300w, https:\/\/universnews224.com\/wp-content\/uploads\/2025\/11\/IMG-20251110-WA0010-768x432.jpg 768w, https:\/\/universnews224.com\/wp-content\/uploads\/2025\/11\/IMG-20251110-WA0010-800x450.jpg 800w, https:\/\/universnews224.com\/wp-content\/uploads\/2025\/11\/IMG-20251110-WA0010.jpg 1008w\" sizes=\"(max-width: 300px) 100vw, 300px\" \/><\/a><\/div>\n<div dir=\"auto\"><\/div>\n<div dir=\"auto\">\u00abIci c&rsquo;est l&rsquo;occasion de vous dire que le Pr\u00e9sident de la R\u00e9publique prend tr\u00e8s au s\u00e9rieux la situation des anciens combattants. Et \u00e0 travers ma modeste personne Il y met tous les moyens pour qu&rsquo;ils soient h\u00e9r\u00e9s. Les infrastructures en construction et leur \u00e9quipement D&rsquo;un centre m\u00e9dical, d&rsquo;une biblioth\u00e8que, d&rsquo;un centre sportif et tant d&rsquo;autres J&rsquo;en suis s\u00fbr, facilitera le repos de nos p\u00e8res. Parce que nous leur devons \u00e7a par principe mais aussi par tradition africaine. Le respect aux anciens Alors je souhaite une tr\u00e8s longue vie \u00e0 nos p\u00e8res ici et \u00e0 nos m\u00e8res les veuves. Je vous prie tr\u00e8s respectueusement d&rsquo;\u00e9couter toujours les requ\u00eates de Madame la Directrice en vue de trouver solution au probl\u00e8me qui vous incombe \u00bb,a conclu le ministre. <a href=\"https:\/\/universnews224.com\/wp-content\/uploads\/2025\/11\/IMG-20251110-WA0013.jpg\"><img loading=\"lazy\" class=\"alignnone size-medium wp-image-9531\" src=\"https:\/\/universnews224.com\/wp-content\/uploads\/2025\/11\/IMG-20251110-WA0013-300x169.jpg\" alt=\"\" width=\"300\" height=\"169\" srcset=\"https:\/\/universnews224.com\/wp-content\/uploads\/2025\/11\/IMG-20251110-WA0013-300x169.jpg 300w, https:\/\/universnews224.com\/wp-content\/uploads\/2025\/11\/IMG-20251110-WA0013-768x432.jpg 768w, https:\/\/universnews224.com\/wp-content\/uploads\/2025\/11\/IMG-20251110-WA0013-800x450.jpg 800w, https:\/\/universnews224.com\/wp-content\/uploads\/2025\/11\/IMG-20251110-WA0013.jpg 1008w\" sizes=\"(max-width: 300px) 100vw, 300px\" \/><\/a><\/div>\n<div dir=\"auto\"><\/div>\n<div dir=\"auto\">Alass Sylla pour universnews224.com 625.480.252<\/div>\n<\/div>\n","protected":false},"excerpt":{"rendered":"<p>Le 11 novembre 1918 marquait la fin de la premi\u00e8re guerre mondiale. Ce lundi 10<\/p>\n","protected":false},"author":2,"featured_media":9530,"comment_status":"closed","ping_status":"open","sticky":false,"template":"","format":"standard","meta":[],"categories":[3,5],"tags":[237],"yoast_head":"<!-- This site is optimized with the Yoast SEO plugin v19.13 - https:\/\/yoast.com\/wordpress\/plugins\/seo\/ -->\n<title>Comm\u00e9moration de l&#039;anniversaire de l\u2019armistice : des veuves d\u2019anciens combattants guin\u00e9ens b\u00e9n\u00e9ficient du soutien de la France. - UNIVERSNEWS224<\/title>\n<meta name=\"robots\" content=\"index, follow, max-snippet:-1, max-image-preview:large, max-video-preview:-1\" \/>\n<link rel=\"canonical\" href=\"https:\/\/universnews224.com\/index.php\/commemoration-de-lanniversaire-de-larmistice-des-veuves-danciens-combattants-guineens-beneficient-du-soutien-de-la-france\/\" \/>\n<meta property=\"og:locale\" content=\"fr_FR\" \/>\n<meta property=\"og:type\" content=\"article\" \/>\n<meta property=\"og:title\" content=\"Comm\u00e9moration de l&#039;anniversaire de l\u2019armistice : des veuves d\u2019anciens combattants guin\u00e9ens b\u00e9n\u00e9ficient du soutien de la France. - UNIVERSNEWS224\" \/>\n<meta property=\"og:description\" content=\"Le 11 novembre 1918 marquait la fin de la premi\u00e8re guerre mondiale. Ce lundi 10\" \/>\n<meta property=\"og:url\" content=\"https:\/\/universnews224.com\/index.php\/commemoration-de-lanniversaire-de-larmistice-des-veuves-danciens-combattants-guineens-beneficient-du-soutien-de-la-france\/\" \/>\n<meta property=\"og:site_name\" content=\"UNIVERSNEWS224\" \/>\n<meta property=\"article:published_time\" content=\"2025-11-10T20:55:26+00:00\" \/>\n<meta property=\"og:image\" content=\"https:\/\/universnews224.com\/wp-content\/uploads\/2025\/11\/IMG-20251110-WA0011.jpg\" \/>\n\t<meta property=\"og:image:width\" content=\"1008\" \/>\n\t<meta property=\"og:image:height\" content=\"567\" \/>\n\t<meta property=\"og:image:type\" content=\"image\/jpeg\" \/>\n<meta name=\"author\" content=\"La R\u00e9daction\" \/>\n<meta name=\"twitter:label1\" content=\"\u00c9crit par\" \/>\n\t<meta name=\"twitter:data1\" content=\"La R\u00e9daction\" \/>\n\t<meta name=\"twitter:label2\" content=\"Dur\u00e9e de lecture estim\u00e9e\" \/>\n\t<meta name=\"twitter:data2\" content=\"4 minutes\" \/>\n<script type=\"application\/ld+json\" class=\"yoast-schema-graph\">{\"@context\":\"https:\/\/schema.org\",\"@graph\":[{\"@type\":\"Article\",\"@id\":\"https:\/\/universnews224.com\/index.php\/commemoration-de-lanniversaire-de-larmistice-des-veuves-danciens-combattants-guineens-beneficient-du-soutien-de-la-france\/#article\",\"isPartOf\":{\"@id\":\"https:\/\/universnews224.com\/index.php\/commemoration-de-lanniversaire-de-larmistice-des-veuves-danciens-combattants-guineens-beneficient-du-soutien-de-la-france\/\"},\"author\":{\"name\":\"La R\u00e9daction\",\"@id\":\"https:\/\/universnews224.com\/#\/schema\/person\/a4b7d4f94a4716df60456a491260485e\"},\"headline\":\"Comm\u00e9moration de l&rsquo;anniversaire de l\u2019armistice : des veuves d\u2019anciens combattants guin\u00e9ens b\u00e9n\u00e9ficient du soutien de la France.\",\"datePublished\":\"2025-11-10T20:55:26+00:00\",\"dateModified\":\"2025-11-10T20:55:26+00:00\",\"mainEntityOfPage\":{\"@id\":\"https:\/\/universnews224.com\/index.php\/commemoration-de-lanniversaire-de-larmistice-des-veuves-danciens-combattants-guineens-beneficient-du-soutien-de-la-france\/\"},\"wordCount\":652,\"publisher\":{\"@id\":\"https:\/\/universnews224.com\/#organization\"},\"keywords\":[\"A la une\"],\"articleSection\":[\"ACTU\",\"SOCI\u00c9T\u00c9\"],\"inLanguage\":\"fr-FR\"},{\"@type\":\"WebPage\",\"@id\":\"https:\/\/universnews224.com\/index.php\/commemoration-de-lanniversaire-de-larmistice-des-veuves-danciens-combattants-guineens-beneficient-du-soutien-de-la-france\/\",\"url\":\"https:\/\/universnews224.com\/index.php\/commemoration-de-lanniversaire-de-larmistice-des-veuves-danciens-combattants-guineens-beneficient-du-soutien-de-la-france\/\",\"name\":\"Comm\u00e9moration de l'anniversaire de l\u2019armistice : des veuves d\u2019anciens combattants guin\u00e9ens b\u00e9n\u00e9ficient du soutien de la France. - UNIVERSNEWS224\",\"isPartOf\":{\"@id\":\"https:\/\/universnews224.com\/#website\"},\"datePublished\":\"2025-11-10T20:55:26+00:00\",\"dateModified\":\"2025-11-10T20:55:26+00:00\",\"inLanguage\":\"fr-FR\",\"potentialAction\":[{\"@type\":\"ReadAction\",\"target\":[\"https:\/\/universnews224.com\/index.php\/commemoration-de-lanniversaire-de-larmistice-des-veuves-danciens-combattants-guineens-beneficient-du-soutien-de-la-france\/\"]}]},{\"@type\":\"WebSite\",\"@id\":\"https:\/\/universnews224.com\/#website\",\"url\":\"https:\/\/universnews224.com\/\",\"name\":\"UNIVERSNEWS224\",\"description\":\"\",\"publisher\":{\"@id\":\"https:\/\/universnews224.com\/#organization\"},\"potentialAction\":[{\"@type\":\"SearchAction\",\"target\":{\"@type\":\"EntryPoint\",\"urlTemplate\":\"https:\/\/universnews224.com\/?s={search_term_string}\"},\"query-input\":\"required name=search_term_string\"}],\"inLanguage\":\"fr-FR\"},{\"@type\":\"Organization\",\"@id\":\"https:\/\/universnews224.com\/#organization\",\"name\":\"UNIVERSNEWS224\",\"url\":\"https:\/\/universnews224.com\/\",\"logo\":{\"@type\":\"ImageObject\",\"inLanguage\":\"fr-FR\",\"@id\":\"https:\/\/universnews224.com\/#\/schema\/logo\/image\/\",\"url\":\"https:\/\/universnews224.com\/wp-content\/uploads\/2022\/08\/cropped-cropped-logoban.jpg\",\"contentUrl\":\"https:\/\/universnews224.com\/wp-content\/uploads\/2022\/08\/cropped-cropped-logoban.jpg\",\"width\":1080,\"height\":138,\"caption\":\"UNIVERSNEWS224\"},\"image\":{\"@id\":\"https:\/\/universnews224.com\/#\/schema\/logo\/image\/\"}},{\"@type\":\"Person\",\"@id\":\"https:\/\/universnews224.com\/#\/schema\/person\/a4b7d4f94a4716df60456a491260485e\",\"name\":\"La R\u00e9daction\",\"image\":{\"@type\":\"ImageObject\",\"inLanguage\":\"fr-FR\",\"@id\":\"https:\/\/universnews224.com\/#\/schema\/person\/image\/\",\"url\":\"https:\/\/secure.gravatar.com\/avatar\/edb90acc7752b23e1b3307ad36c14f0d?s=96&d=mm&r=g\",\"contentUrl\":\"https:\/\/secure.gravatar.com\/avatar\/edb90acc7752b23e1b3307ad36c14f0d?s=96&d=mm&r=g\",\"caption\":\"La R\u00e9daction\"},\"sameAs\":[\"https:\/\/universnews224.com\"],\"url\":\"https:\/\/universnews224.com\/index.php\/author\/m-camara\/\"}]}<\/script>\n<!-- \/ Yoast SEO plugin. -->","yoast_head_json":{"title":"Comm\u00e9moration de l'anniversaire de l\u2019armistice : des veuves d\u2019anciens combattants guin\u00e9ens b\u00e9n\u00e9ficient du soutien de la France. - UNIVERSNEWS224","robots":{"index":"index","follow":"follow","max-snippet":"max-snippet:-1","max-image-preview":"max-image-preview:large","max-video-preview":"max-video-preview:-1"},"canonical":"https:\/\/universnews224.com\/index.php\/commemoration-de-lanniversaire-de-larmistice-des-veuves-danciens-combattants-guineens-beneficient-du-soutien-de-la-france\/","og_locale":"fr_FR","og_type":"article","og_title":"Comm\u00e9moration de l'anniversaire de l\u2019armistice : des veuves d\u2019anciens combattants guin\u00e9ens b\u00e9n\u00e9ficient du soutien de la France. - UNIVERSNEWS224","og_description":"Le 11 novembre 1918 marquait la fin de la premi\u00e8re guerre mondiale. Ce lundi 10","og_url":"https:\/\/universnews224.com\/index.php\/commemoration-de-lanniversaire-de-larmistice-des-veuves-danciens-combattants-guineens-beneficient-du-soutien-de-la-france\/","og_site_name":"UNIVERSNEWS224","article_published_time":"2025-11-10T20:55:26+00:00","og_image":[{"width":1008,"height":567,"url":"https:\/\/universnews224.com\/wp-content\/uploads\/2025\/11\/IMG-20251110-WA0011.jpg","type":"image\/jpeg"}],"author":"La R\u00e9daction","twitter_misc":{"\u00c9crit par":"La R\u00e9daction","Dur\u00e9e de lecture estim\u00e9e":"4 minutes"},"schema":{"@context":"https:\/\/schema.org","@graph":[{"@type":"Article","@id":"https:\/\/universnews224.com\/index.php\/commemoration-de-lanniversaire-de-larmistice-des-veuves-danciens-combattants-guineens-beneficient-du-soutien-de-la-france\/#article","isPartOf":{"@id":"https:\/\/universnews224.com\/index.php\/commemoration-de-lanniversaire-de-larmistice-des-veuves-danciens-combattants-guineens-beneficient-du-soutien-de-la-france\/"},"author":{"name":"La R\u00e9daction","@id":"https:\/\/universnews224.com\/#\/schema\/person\/a4b7d4f94a4716df60456a491260485e"},"headline":"Comm\u00e9moration de l&rsquo;anniversaire de l\u2019armistice : des veuves d\u2019anciens combattants guin\u00e9ens b\u00e9n\u00e9ficient du soutien de la France.","datePublished":"2025-11-10T20:55:26+00:00","dateModified":"2025-11-10T20:55:26+00:00","mainEntityOfPage":{"@id":"https:\/\/universnews224.com\/index.php\/commemoration-de-lanniversaire-de-larmistice-des-veuves-danciens-combattants-guineens-beneficient-du-soutien-de-la-france\/"},"wordCount":652,"publisher":{"@id":"https:\/\/universnews224.com\/#organization"},"keywords":["A la une"],"articleSection":["ACTU","SOCI\u00c9T\u00c9"],"inLanguage":"fr-FR"},{"@type":"WebPage","@id":"https:\/\/universnews224.com\/index.php\/commemoration-de-lanniversaire-de-larmistice-des-veuves-danciens-combattants-guineens-beneficient-du-soutien-de-la-france\/","url":"https:\/\/universnews224.com\/index.php\/commemoration-de-lanniversaire-de-larmistice-des-veuves-danciens-combattants-guineens-beneficient-du-soutien-de-la-france\/","name":"Comm\u00e9moration de l'anniversaire de l\u2019armistice : des veuves d\u2019anciens combattants guin\u00e9ens b\u00e9n\u00e9ficient du soutien de la France. - UNIVERSNEWS224","isPartOf":{"@id":"https:\/\/universnews224.com\/#website"},"datePublished":"2025-11-10T20:55:26+00:00","dateModified":"2025-11-10T20:55:26+00:00","inLanguage":"fr-FR","potentialAction":[{"@type":"ReadAction","target":["https:\/\/universnews224.com\/index.php\/commemoration-de-lanniversaire-de-larmistice-des-veuves-danciens-combattants-guineens-beneficient-du-soutien-de-la-france\/"]}]},{"@type":"WebSite","@id":"https:\/\/universnews224.com\/#website","url":"https:\/\/universnews224.com\/","name":"UNIVERSNEWS224","description":"","publisher":{"@id":"https:\/\/universnews224.com\/#organization"},"potentialAction":[{"@type":"SearchAction","target":{"@type":"EntryPoint","urlTemplate":"https:\/\/universnews224.com\/?s={search_term_string}"},"query-input":"required name=search_term_string"}],"inLanguage":"fr-FR"},{"@type":"Organization","@id":"https:\/\/universnews224.com\/#organization","name":"UNIVERSNEWS224","url":"https:\/\/universnews224.com\/","logo":{"@type":"ImageObject","inLanguage":"fr-FR","@id":"https:\/\/universnews224.com\/#\/schema\/logo\/image\/","url":"https:\/\/universnews224.com\/wp-content\/uploads\/2022\/08\/cropped-cropped-logoban.jpg","contentUrl":"https:\/\/universnews224.com\/wp-content\/uploads\/2022\/08\/cropped-cropped-logoban.jpg","width":1080,"height":138,"caption":"UNIVERSNEWS224"},"image":{"@id":"https:\/\/universnews224.com\/#\/schema\/logo\/image\/"}},{"@type":"Person","@id":"https:\/\/universnews224.com\/#\/schema\/person\/a4b7d4f94a4716df60456a491260485e","name":"La R\u00e9daction","image":{"@type":"ImageObject","inLanguage":"fr-FR","@id":"https:\/\/universnews224.com\/#\/schema\/person\/image\/","url":"https:\/\/secure.gravatar.com\/avatar\/edb90acc7752b23e1b3307ad36c14f0d?s=96&d=mm&r=g","contentUrl":"https:\/\/secure.gravatar.com\/avatar\/edb90acc7752b23e1b3307ad36c14f0d?s=96&d=mm&r=g","caption":"La R\u00e9daction"},"sameAs":["https:\/\/universnews224.com"],"url":"https:\/\/universnews224.com\/index.php\/author\/m-camara\/"}]}},"_links":{"self":[{"href":"https:\/\/universnews224.com\/index.php\/wp-json\/wp\/v2\/posts\/9527"}],"collection":[{"href":"https:\/\/universnews224.com\/index.php\/wp-json\/wp\/v2\/posts"}],"about":[{"href":"https:\/\/universnews224.com\/index.php\/wp-json\/wp\/v2\/types\/post"}],"author":[{"embeddable":true,"href":"https:\/\/universnews224.com\/index.php\/wp-json\/wp\/v2\/users\/2"}],"replies":[{"embeddable":true,"href":"https:\/\/universnews224.com\/index.php\/wp-json\/wp\/v2\/comments?post=9527"}],"version-history":[{"count":1,"href":"https:\/\/universnews224.com\/index.php\/wp-json\/wp\/v2\/posts\/9527\/revisions"}],"predecessor-version":[{"id":9533,"href":"https:\/\/universnews224.com\/index.php\/wp-json\/wp\/v2\/posts\/9527\/revisions\/9533"}],"wp:featuredmedia":[{"embeddable":true,"href":"https:\/\/universnews224.com\/index.php\/wp-json\/wp\/v2\/media\/9530"}],"wp:attachment":[{"href":"https:\/\/universnews224.com\/index.php\/wp-json\/wp\/v2\/media?parent=9527"}],"wp:term":[{"taxonomy":"category","embeddable":true,"href":"https:\/\/universnews224.com\/index.php\/wp-json\/wp\/v2\/categories?post=9527"},{"taxonomy":"post_tag","embeddable":true,"href":"https:\/\/universnews224.com\/index.php\/wp-json\/wp\/v2\/tags?post=9527"}],"curies":[{"name":"wp","href":"https:\/\/api.w.org\/{rel}","templated":true}]}}