{"id":9540,"date":"2025-11-13T22:12:45","date_gmt":"2025-11-13T21:12:45","guid":{"rendered":"https:\/\/universnews224.com\/?p=9540"},"modified":"2025-11-13T22:12:45","modified_gmt":"2025-11-13T21:12:45","slug":"presidentielle-2025-le-corps-electoral-convoque-pour-le-28-decembre-2025","status":"publish","type":"post","link":"https:\/\/universnews224.com\/index.php\/presidentielle-2025-le-corps-electoral-convoque-pour-le-28-decembre-2025\/","title":{"rendered":"Pr\u00e9sidentielle 2025: le corps \u00e9lectoral convoqu\u00e9 pour le 28 d\u00e9cembre 2025\u00a0"},"content":{"rendered":"<div dir=\"auto\">Au lendemain de la publication de la liste d\u00e9finitive des candidats retenus pour l\u2019\u00e9lection pr\u00e9sidentielle, le pr\u00e9sident de la transition, Mamadi Doumbouya a, dans d\u00e9cret lu \u00e0 la t\u00e9l\u00e9vision nationale provoque le corps \u00e9lectoral le dimanche 28 d\u00e9cembre pour l&rsquo;\u00e9lection du Pr\u00e9sident de la R\u00e9publique.<\/div>\n<div dir=\"auto\"><\/div>\n<div dir=\"auto\">Le d\u00e9cret indique que les bureaux de vote sont ouverts \u00e0 7 heures et clos \u00e0 18 heures.<\/div>\n<div dir=\"auto\"><\/div>\n<div dir=\"auto\">Le d\u00e9cret souligne que conform\u00e9ment aux dispositions de l&rsquo;article 79 du code \u00e9lectoral, le vote se fera \u00e0 bulletin unique.<\/div>\n<div dir=\"auto\"><\/div>\n<div dir=\"auto\">Plus loin, le d\u00e9cret pr\u00e9cise que le ministre de l&rsquo;administration du territoire et de la d\u00e9centralisation, le ministre des affaires \u00e9trang\u00e8res, de l&rsquo;int\u00e9gration africaine et des guineens \u00e9tablis \u00e0 l&rsquo;\u00e9tranger, le garde des Sceaux, ministre de la justice et des droits de l&rsquo;homme, le ministre de la s\u00e9curit\u00e9 et de la protection civile, le ministre de la d\u00e9fense nationale, le ministre de l&rsquo;\u00e9conomie et des finances, le ministre du budget et conform\u00e9ment \u00e0 l&rsquo;article 341 du code \u00e9lectoral, la Direction g\u00e9n\u00e9rale des \u00e9lections DGE et l&rsquo;Observatoire national autonome de supervision du r\u00e9f\u00e9rendum constitutionnel en (ONASUR) sont charg\u00e9s chacun en ce qui le concerne de l&rsquo;application du pr\u00e9sent d\u00e9cret.<\/div>\n<div dir=\"auto\"><\/div>\n","protected":false},"excerpt":{"rendered":"<p>Au lendemain de la publication de la liste d\u00e9finitive des candidats retenus pour l\u2019\u00e9lection pr\u00e9sidentielle,<\/p>\n","protected":false},"author":2,"featured_media":9188,"comment_status":"closed","ping_status":"open","sticky":false,"template":"","format":"standard","meta":[],"categories":[3,4],"tags":[237],"yoast_head":"<!-- This site is optimized with the Yoast SEO plugin v19.13 - https:\/\/yoast.com\/wordpress\/plugins\/seo\/ -->\n<title>Pr\u00e9sidentielle 2025: le corps \u00e9lectoral convoqu\u00e9 pour le 28 d\u00e9cembre 2025\u00a0 - UNIVERSNEWS224<\/title>\n<meta name=\"robots\" content=\"index, follow, max-snippet:-1, max-image-preview:large, max-video-preview:-1\" \/>\n<link rel=\"canonical\" href=\"https:\/\/universnews224.com\/index.php\/presidentielle-2025-le-corps-electoral-convoque-pour-le-28-decembre-2025\/\" \/>\n<meta property=\"og:locale\" content=\"fr_FR\" \/>\n<meta property=\"og:type\" content=\"article\" \/>\n<meta property=\"og:title\" content=\"Pr\u00e9sidentielle 2025: le corps \u00e9lectoral convoqu\u00e9 pour le 28 d\u00e9cembre 2025\u00a0 - UNIVERSNEWS224\" \/>\n<meta property=\"og:description\" content=\"Au lendemain de la publication de la liste d\u00e9finitive des candidats retenus pour l\u2019\u00e9lection pr\u00e9sidentielle,\" \/>\n<meta property=\"og:url\" content=\"https:\/\/universnews224.com\/index.php\/presidentielle-2025-le-corps-electoral-convoque-pour-le-28-decembre-2025\/\" \/>\n<meta property=\"og:site_name\" content=\"UNIVERSNEWS224\" \/>\n<meta property=\"article:published_time\" content=\"2025-11-13T21:12:45+00:00\" \/>\n<meta property=\"og:image\" content=\"https:\/\/universnews224.com\/wp-content\/uploads\/2025\/09\/FB_IMG_1758460388493-1536x1023-1.jpg\" \/>\n\t<meta property=\"og:image:width\" content=\"1536\" \/>\n\t<meta property=\"og:image:height\" content=\"1023\" \/>\n\t<meta property=\"og:image:type\" content=\"image\/jpeg\" \/>\n<meta name=\"author\" content=\"La R\u00e9daction\" \/>\n<meta name=\"twitter:label1\" content=\"\u00c9crit par\" \/>\n\t<meta name=\"twitter:data1\" content=\"La R\u00e9daction\" \/>\n\t<meta name=\"twitter:label2\" content=\"Dur\u00e9e de lecture estim\u00e9e\" \/>\n\t<meta name=\"twitter:data2\" content=\"1 minute\" \/>\n<script type=\"application\/ld+json\" class=\"yoast-schema-graph\">{\"@context\":\"https:\/\/schema.org\",\"@graph\":[{\"@type\":\"Article\",\"@id\":\"https:\/\/universnews224.com\/index.php\/presidentielle-2025-le-corps-electoral-convoque-pour-le-28-decembre-2025\/#article\",\"isPartOf\":{\"@id\":\"https:\/\/universnews224.com\/index.php\/presidentielle-2025-le-corps-electoral-convoque-pour-le-28-decembre-2025\/\"},\"author\":{\"name\":\"La R\u00e9daction\",\"@id\":\"https:\/\/universnews224.com\/#\/schema\/person\/a4b7d4f94a4716df60456a491260485e\"},\"headline\":\"Pr\u00e9sidentielle 2025: le corps \u00e9lectoral convoqu\u00e9 pour le 28 d\u00e9cembre 2025\u00a0\",\"datePublished\":\"2025-11-13T21:12:45+00:00\",\"dateModified\":\"2025-11-13T21:12:45+00:00\",\"mainEntityOfPage\":{\"@id\":\"https:\/\/universnews224.com\/index.php\/presidentielle-2025-le-corps-electoral-convoque-pour-le-28-decembre-2025\/\"},\"wordCount\":221,\"publisher\":{\"@id\":\"https:\/\/universnews224.com\/#organization\"},\"keywords\":[\"A la une\"],\"articleSection\":[\"ACTU\",\"POLITIQUE\"],\"inLanguage\":\"fr-FR\"},{\"@type\":\"WebPage\",\"@id\":\"https:\/\/universnews224.com\/index.php\/presidentielle-2025-le-corps-electoral-convoque-pour-le-28-decembre-2025\/\",\"url\":\"https:\/\/universnews224.com\/index.php\/presidentielle-2025-le-corps-electoral-convoque-pour-le-28-decembre-2025\/\",\"name\":\"Pr\u00e9sidentielle 2025: le corps \u00e9lectoral convoqu\u00e9 pour le 28 d\u00e9cembre 2025\u00a0 - UNIVERSNEWS224\",\"isPartOf\":{\"@id\":\"https:\/\/universnews224.com\/#website\"},\"datePublished\":\"2025-11-13T21:12:45+00:00\",\"dateModified\":\"2025-11-13T21:12:45+00:00\",\"inLanguage\":\"fr-FR\",\"potentialAction\":[{\"@type\":\"ReadAction\",\"target\":[\"https:\/\/universnews224.com\/index.php\/presidentielle-2025-le-corps-electoral-convoque-pour-le-28-decembre-2025\/\"]}]},{\"@type\":\"WebSite\",\"@id\":\"https:\/\/universnews224.com\/#website\",\"url\":\"https:\/\/universnews224.com\/\",\"name\":\"UNIVERSNEWS224\",\"description\":\"\",\"publisher\":{\"@id\":\"https:\/\/universnews224.com\/#organization\"},\"potentialAction\":[{\"@type\":\"SearchAction\",\"target\":{\"@type\":\"EntryPoint\",\"urlTemplate\":\"https:\/\/universnews224.com\/?s={search_term_string}\"},\"query-input\":\"required name=search_term_string\"}],\"inLanguage\":\"fr-FR\"},{\"@type\":\"Organization\",\"@id\":\"https:\/\/universnews224.com\/#organization\",\"name\":\"UNIVERSNEWS224\",\"url\":\"https:\/\/universnews224.com\/\",\"logo\":{\"@type\":\"ImageObject\",\"inLanguage\":\"fr-FR\",\"@id\":\"https:\/\/universnews224.com\/#\/schema\/logo\/image\/\",\"url\":\"https:\/\/universnews224.com\/wp-content\/uploads\/2022\/08\/cropped-cropped-logoban.jpg\",\"contentUrl\":\"https:\/\/universnews224.com\/wp-content\/uploads\/2022\/08\/cropped-cropped-logoban.jpg\",\"width\":1080,\"height\":138,\"caption\":\"UNIVERSNEWS224\"},\"image\":{\"@id\":\"https:\/\/universnews224.com\/#\/schema\/logo\/image\/\"}},{\"@type\":\"Person\",\"@id\":\"https:\/\/universnews224.com\/#\/schema\/person\/a4b7d4f94a4716df60456a491260485e\",\"name\":\"La R\u00e9daction\",\"image\":{\"@type\":\"ImageObject\",\"inLanguage\":\"fr-FR\",\"@id\":\"https:\/\/universnews224.com\/#\/schema\/person\/image\/\",\"url\":\"https:\/\/secure.gravatar.com\/avatar\/edb90acc7752b23e1b3307ad36c14f0d?s=96&d=mm&r=g\",\"contentUrl\":\"https:\/\/secure.gravatar.com\/avatar\/edb90acc7752b23e1b3307ad36c14f0d?s=96&d=mm&r=g\",\"caption\":\"La R\u00e9daction\"},\"sameAs\":[\"https:\/\/universnews224.com\"],\"url\":\"https:\/\/universnews224.com\/index.php\/author\/m-camara\/\"}]}<\/script>\n<!-- \/ Yoast SEO plugin. -->","yoast_head_json":{"title":"Pr\u00e9sidentielle 2025: le corps \u00e9lectoral convoqu\u00e9 pour le 28 d\u00e9cembre 2025\u00a0 - UNIVERSNEWS224","robots":{"index":"index","follow":"follow","max-snippet":"max-snippet:-1","max-image-preview":"max-image-preview:large","max-video-preview":"max-video-preview:-1"},"canonical":"https:\/\/universnews224.com\/index.php\/presidentielle-2025-le-corps-electoral-convoque-pour-le-28-decembre-2025\/","og_locale":"fr_FR","og_type":"article","og_title":"Pr\u00e9sidentielle 2025: le corps \u00e9lectoral convoqu\u00e9 pour le 28 d\u00e9cembre 2025\u00a0 - UNIVERSNEWS224","og_description":"Au lendemain de la publication de la liste d\u00e9finitive des candidats retenus pour l\u2019\u00e9lection pr\u00e9sidentielle,","og_url":"https:\/\/universnews224.com\/index.php\/presidentielle-2025-le-corps-electoral-convoque-pour-le-28-decembre-2025\/","og_site_name":"UNIVERSNEWS224","article_published_time":"2025-11-13T21:12:45+00:00","og_image":[{"width":1536,"height":1023,"url":"https:\/\/universnews224.com\/wp-content\/uploads\/2025\/09\/FB_IMG_1758460388493-1536x1023-1.jpg","type":"image\/jpeg"}],"author":"La R\u00e9daction","twitter_misc":{"\u00c9crit par":"La R\u00e9daction","Dur\u00e9e de lecture estim\u00e9e":"1 minute"},"schema":{"@context":"https:\/\/schema.org","@graph":[{"@type":"Article","@id":"https:\/\/universnews224.com\/index.php\/presidentielle-2025-le-corps-electoral-convoque-pour-le-28-decembre-2025\/#article","isPartOf":{"@id":"https:\/\/universnews224.com\/index.php\/presidentielle-2025-le-corps-electoral-convoque-pour-le-28-decembre-2025\/"},"author":{"name":"La R\u00e9daction","@id":"https:\/\/universnews224.com\/#\/schema\/person\/a4b7d4f94a4716df60456a491260485e"},"headline":"Pr\u00e9sidentielle 2025: le corps \u00e9lectoral convoqu\u00e9 pour le 28 d\u00e9cembre 2025\u00a0","datePublished":"2025-11-13T21:12:45+00:00","dateModified":"2025-11-13T21:12:45+00:00","mainEntityOfPage":{"@id":"https:\/\/universnews224.com\/index.php\/presidentielle-2025-le-corps-electoral-convoque-pour-le-28-decembre-2025\/"},"wordCount":221,"publisher":{"@id":"https:\/\/universnews224.com\/#organization"},"keywords":["A la une"],"articleSection":["ACTU","POLITIQUE"],"inLanguage":"fr-FR"},{"@type":"WebPage","@id":"https:\/\/universnews224.com\/index.php\/presidentielle-2025-le-corps-electoral-convoque-pour-le-28-decembre-2025\/","url":"https:\/\/universnews224.com\/index.php\/presidentielle-2025-le-corps-electoral-convoque-pour-le-28-decembre-2025\/","name":"Pr\u00e9sidentielle 2025: le corps \u00e9lectoral convoqu\u00e9 pour le 28 d\u00e9cembre 2025\u00a0 - UNIVERSNEWS224","isPartOf":{"@id":"https:\/\/universnews224.com\/#website"},"datePublished":"2025-11-13T21:12:45+00:00","dateModified":"2025-11-13T21:12:45+00:00","inLanguage":"fr-FR","potentialAction":[{"@type":"ReadAction","target":["https:\/\/universnews224.com\/index.php\/presidentielle-2025-le-corps-electoral-convoque-pour-le-28-decembre-2025\/"]}]},{"@type":"WebSite","@id":"https:\/\/universnews224.com\/#website","url":"https:\/\/universnews224.com\/","name":"UNIVERSNEWS224","description":"","publisher":{"@id":"https:\/\/universnews224.com\/#organization"},"potentialAction":[{"@type":"SearchAction","target":{"@type":"EntryPoint","urlTemplate":"https:\/\/universnews224.com\/?s={search_term_string}"},"query-input":"required name=search_term_string"}],"inLanguage":"fr-FR"},{"@type":"Organization","@id":"https:\/\/universnews224.com\/#organization","name":"UNIVERSNEWS224","url":"https:\/\/universnews224.com\/","logo":{"@type":"ImageObject","inLanguage":"fr-FR","@id":"https:\/\/universnews224.com\/#\/schema\/logo\/image\/","url":"https:\/\/universnews224.com\/wp-content\/uploads\/2022\/08\/cropped-cropped-logoban.jpg","contentUrl":"https:\/\/universnews224.com\/wp-content\/uploads\/2022\/08\/cropped-cropped-logoban.jpg","width":1080,"height":138,"caption":"UNIVERSNEWS224"},"image":{"@id":"https:\/\/universnews224.com\/#\/schema\/logo\/image\/"}},{"@type":"Person","@id":"https:\/\/universnews224.com\/#\/schema\/person\/a4b7d4f94a4716df60456a491260485e","name":"La R\u00e9daction","image":{"@type":"ImageObject","inLanguage":"fr-FR","@id":"https:\/\/universnews224.com\/#\/schema\/person\/image\/","url":"https:\/\/secure.gravatar.com\/avatar\/edb90acc7752b23e1b3307ad36c14f0d?s=96&d=mm&r=g","contentUrl":"https:\/\/secure.gravatar.com\/avatar\/edb90acc7752b23e1b3307ad36c14f0d?s=96&d=mm&r=g","caption":"La R\u00e9daction"},"sameAs":["https:\/\/universnews224.com"],"url":"https:\/\/universnews224.com\/index.php\/author\/m-camara\/"}]}},"_links":{"self":[{"href":"https:\/\/universnews224.com\/index.php\/wp-json\/wp\/v2\/posts\/9540"}],"collection":[{"href":"https:\/\/universnews224.com\/index.php\/wp-json\/wp\/v2\/posts"}],"about":[{"href":"https:\/\/universnews224.com\/index.php\/wp-json\/wp\/v2\/types\/post"}],"author":[{"embeddable":true,"href":"https:\/\/universnews224.com\/index.php\/wp-json\/wp\/v2\/users\/2"}],"replies":[{"embeddable":true,"href":"https:\/\/universnews224.com\/index.php\/wp-json\/wp\/v2\/comments?post=9540"}],"version-history":[{"count":1,"href":"https:\/\/universnews224.com\/index.php\/wp-json\/wp\/v2\/posts\/9540\/revisions"}],"predecessor-version":[{"id":9541,"href":"https:\/\/universnews224.com\/index.php\/wp-json\/wp\/v2\/posts\/9540\/revisions\/9541"}],"wp:featuredmedia":[{"embeddable":true,"href":"https:\/\/universnews224.com\/index.php\/wp-json\/wp\/v2\/media\/9188"}],"wp:attachment":[{"href":"https:\/\/universnews224.com\/index.php\/wp-json\/wp\/v2\/media?parent=9540"}],"wp:term":[{"taxonomy":"category","embeddable":true,"href":"https:\/\/universnews224.com\/index.php\/wp-json\/wp\/v2\/categories?post=9540"},{"taxonomy":"post_tag","embeddable":true,"href":"https:\/\/universnews224.com\/index.php\/wp-json\/wp\/v2\/tags?post=9540"}],"curies":[{"name":"wp","href":"https:\/\/api.w.org\/{rel}","templated":true}]}}