{"id":9548,"date":"2025-11-15T01:39:18","date_gmt":"2025-11-15T00:39:18","guid":{"rendered":"https:\/\/universnews224.com\/?p=9548"},"modified":"2025-11-15T01:39:18","modified_gmt":"2025-11-15T00:39:18","slug":"decongestion-du-port-de-conakry-un-nouveau-quai-operationnel-pour-absorber-la-croissance-du-trafic","status":"publish","type":"post","link":"https:\/\/universnews224.com\/index.php\/decongestion-du-port-de-conakry-un-nouveau-quai-operationnel-pour-absorber-la-croissance-du-trafic\/","title":{"rendered":"D\u00e9congestion du Port de Conakry : un nouveau quai op\u00e9rationnel pour absorber la croissance du trafic"},"content":{"rendered":"<p>Dans l&rsquo;optique de d\u00e9sengorger le Port Autonome de Conakry (PAC), qui conna\u00eet une croissance exceptionnelle du trafic maritime depuis le d\u00e9but de l&rsquo;ann\u00e9e 2025, la soci\u00e9t\u00e9 Alport Conakry, filiale du groupe Albayrak, a proc\u00e9d\u00e9 ce vendredi 13 novembre 2025 \u00e0 la lib\u00e9ration du Quai n\u00b09. Ce quai \u00e9tait auparavant occup\u00e9 par le d\u00e9p\u00f4t flottant de carburant \u00ab Albayrak TS \u00bb, depuis l\u2019explosion du d\u00e9p\u00f4t central d\u2019hydrocarbures de Kaloum le 17 d\u00e9cembre 2023.<\/p>\n<p><a href=\"https:\/\/universnews224.com\/wp-content\/uploads\/2025\/11\/IMG-20251115-WA0004.jpg\"><img loading=\"lazy\" class=\"alignnone size-medium wp-image-9549\" src=\"https:\/\/universnews224.com\/wp-content\/uploads\/2025\/11\/IMG-20251115-WA0004-300x200.jpg\" alt=\"\" width=\"300\" height=\"200\" srcset=\"https:\/\/universnews224.com\/wp-content\/uploads\/2025\/11\/IMG-20251115-WA0004-300x200.jpg 300w, https:\/\/universnews224.com\/wp-content\/uploads\/2025\/11\/IMG-20251115-WA0004-1024x683.jpg 1024w, https:\/\/universnews224.com\/wp-content\/uploads\/2025\/11\/IMG-20251115-WA0004-768x512.jpg 768w, https:\/\/universnews224.com\/wp-content\/uploads\/2025\/11\/IMG-20251115-WA0004.jpg 1080w\" sizes=\"(max-width: 300px) 100vw, 300px\" \/><\/a>C&rsquo;\u00e9tait en pr\u00e9sence du ministre des Transports, M. Ousmane Gaoul Diallo, des directeurs g\u00e9n\u00e9raux d&rsquo;Alport Conakry, du Port Autonome de Conakry et des Douanes, ainsi qu&rsquo;une forte mobilisation de la communaut\u00e9 portuaire.<a href=\"https:\/\/universnews224.com\/wp-content\/uploads\/2025\/11\/IMG-20251115-WA0005.jpg\"><img loading=\"lazy\" class=\"alignnone size-medium wp-image-9550\" src=\"https:\/\/universnews224.com\/wp-content\/uploads\/2025\/11\/IMG-20251115-WA0005-300x169.jpg\" alt=\"\" width=\"300\" height=\"169\" srcset=\"https:\/\/universnews224.com\/wp-content\/uploads\/2025\/11\/IMG-20251115-WA0005-300x169.jpg 300w, https:\/\/universnews224.com\/wp-content\/uploads\/2025\/11\/IMG-20251115-WA0005-1024x576.jpg 1024w, https:\/\/universnews224.com\/wp-content\/uploads\/2025\/11\/IMG-20251115-WA0005-768x432.jpg 768w, https:\/\/universnews224.com\/wp-content\/uploads\/2025\/11\/IMG-20251115-WA0005-800x450.jpg 800w, https:\/\/universnews224.com\/wp-content\/uploads\/2025\/11\/IMG-20251115-WA0005.jpg 1080w\" sizes=\"(max-width: 300px) 100vw, 300px\" \/><\/a><\/p>\n<p>Une r\u00e9ponse au flux croissant de marchandises<\/p>\n<p>Selon Mustafa Levent Adali, directeur g\u00e9n\u00e9ral d&rsquo;Alport Conakry, cette op\u00e9ration vise \u00e0 r\u00e9pondre aux flux croissants de marchandises que le Port de Conakry ne cesse d&rsquo;enregistrer.<\/p>\n<p><a href=\"https:\/\/universnews224.com\/wp-content\/uploads\/2025\/11\/IMG-20251115-WA0001.jpg\"><img loading=\"lazy\" class=\"alignnone size-medium wp-image-9551\" src=\"https:\/\/universnews224.com\/wp-content\/uploads\/2025\/11\/IMG-20251115-WA0001-300x200.jpg\" alt=\"\" width=\"300\" height=\"200\" srcset=\"https:\/\/universnews224.com\/wp-content\/uploads\/2025\/11\/IMG-20251115-WA0001-300x200.jpg 300w, https:\/\/universnews224.com\/wp-content\/uploads\/2025\/11\/IMG-20251115-WA0001-1024x683.jpg 1024w, https:\/\/universnews224.com\/wp-content\/uploads\/2025\/11\/IMG-20251115-WA0001-768x512.jpg 768w, https:\/\/universnews224.com\/wp-content\/uploads\/2025\/11\/IMG-20251115-WA0001.jpg 1080w\" sizes=\"(max-width: 300px) 100vw, 300px\" \/><\/a><\/p>\n<p>\u00ab Aujourd&rsquo;hui, nous assistons au d\u00e9part du navire de carburant Albayrak TS, qui \u00e9tait stationn\u00e9 ici depuis l&rsquo;incendie de l&rsquo;installation d&rsquo;hydrocarbures de Conakry, vers un nouveau quai que nous venons de construire. Le d\u00e9p\u00f4t flottant de carburant Albayrak TS va \u00eatre d\u00e9plac\u00e9 vers le nouveau quai que nous venons de mettre en place. Ainsi, nous pourrons utiliser ce quai pour les autres navires. Le but est de d\u00e9congestionner le port de Conakry qui conna\u00eet une suractivit\u00e9 en ce moment \u00bb, a-t-il soulign\u00e9.<\/p>\n<p>Initiative salu\u00e9e par les autorit\u00e9s portuaires<\/p>\n<p>Cette initiative a \u00e9t\u00e9 vivement salu\u00e9e par les autorit\u00e9s portuaires. Biro Diallo, directeur g\u00e9n\u00e9ral du Port Autonome de Conakry, a remerci\u00e9 la soci\u00e9t\u00e9 Alport Conakry pour avoir construit ce nouveau quai en un temps record.<a href=\"https:\/\/universnews224.com\/wp-content\/uploads\/2025\/11\/IMG-20251115-WA0002.jpg\"><img loading=\"lazy\" class=\"alignnone size-medium wp-image-9552\" src=\"https:\/\/universnews224.com\/wp-content\/uploads\/2025\/11\/IMG-20251115-WA0002-300x200.jpg\" alt=\"\" width=\"300\" height=\"200\" srcset=\"https:\/\/universnews224.com\/wp-content\/uploads\/2025\/11\/IMG-20251115-WA0002-300x200.jpg 300w, https:\/\/universnews224.com\/wp-content\/uploads\/2025\/11\/IMG-20251115-WA0002-1024x683.jpg 1024w, https:\/\/universnews224.com\/wp-content\/uploads\/2025\/11\/IMG-20251115-WA0002-768x512.jpg 768w, https:\/\/universnews224.com\/wp-content\/uploads\/2025\/11\/IMG-20251115-WA0002.jpg 1080w\" sizes=\"(max-width: 300px) 100vw, 300px\" \/><\/a><\/p>\n<p>\u00ab Comme vous le savez bien, ce quai n\u00b09 a \u00e9t\u00e9 enti\u00e8rement occup\u00e9 par la livraison du carburant dont le pays avait s\u00e9rieusement besoin. Mais r\u00e9cemment, l&rsquo;augmentation du besoin en quais au niveau du Port Autonome de Conakry nous a caus\u00e9 quelques difficult\u00e9s. Donc, nos partenaires d&rsquo;Alport et nous avons eu l&rsquo;id\u00e9e de d\u00e9dier un autre quai au navire de carburant. Ce qui a \u00e9t\u00e9 fait en deux semaines, ce qui est un record, car il fallait installer des tuyaux sous la mer et les reconnecter sur la ligne. Il faut donc saluer ces travailleurs qui ont \u0153uvr\u00e9 nuit et jour pour livrer ce quai-l\u00e0. Nous remercions tr\u00e8s sinc\u00e8rement la soci\u00e9t\u00e9 Alport pour ce travail \u00bb, a-t-il indiqu\u00e9.<\/p>\n<p>De son c\u00f4t\u00e9, Ousmane Gaoul Diallo, ministre des Transports, a tout d\u2019abord salu\u00e9 les efforts de la soci\u00e9t\u00e9 Alport Conakry dans le d\u00e9veloppement socio-\u00e9conomique de la Guin\u00e9e, avant de d\u00e9clarer que cette action va r\u00e9sorber de fa\u00e7on palliative le probl\u00e8me de congestion au Port de Conakry, en attendant la construction des deux quais compl\u00e9mentaires.<a href=\"https:\/\/universnews224.com\/wp-content\/uploads\/2025\/11\/IMG-20251115-WA0003.jpg\"><img loading=\"lazy\" class=\"alignnone size-medium wp-image-9553\" src=\"https:\/\/universnews224.com\/wp-content\/uploads\/2025\/11\/IMG-20251115-WA0003-300x295.jpg\" alt=\"\" width=\"300\" height=\"295\" srcset=\"https:\/\/universnews224.com\/wp-content\/uploads\/2025\/11\/IMG-20251115-WA0003-300x295.jpg 300w, https:\/\/universnews224.com\/wp-content\/uploads\/2025\/11\/IMG-20251115-WA0003-768x755.jpg 768w, https:\/\/universnews224.com\/wp-content\/uploads\/2025\/11\/IMG-20251115-WA0003.jpg 906w\" sizes=\"(max-width: 300px) 100vw, 300px\" \/><\/a><\/p>\n<p>\u00ab D&rsquo;abord, il faut saluer l&rsquo;implication de la direction du Port Autonome de Conakry, des responsables de la soci\u00e9t\u00e9 Alport, de la Douane et des autorit\u00e9s \u00e0 tous les niveaux. Tous ces acteurs ont \u00e9t\u00e9 durement impact\u00e9s par l&rsquo;accroissement du trafic au niveau du port de Conakry. Cela a entra\u00een\u00e9, \u00e0 un moment donn\u00e9, des suractivit\u00e9s pour le personnel. Des dispositions ont d\u00e9j\u00e0 \u00e9t\u00e9 prises avec l&rsquo;extension des capacit\u00e9s de stockage des conteneurs. Et maintenant, ce quai que l&rsquo;on r\u00e9cup\u00e8re va aussi augmenter les capacit\u00e9s de d\u00e9chargement du port de Conakry. Donc, c&rsquo;est quelque chose de tr\u00e8s bien et qui arrive \u00e0 un moment important. Il est important de pr\u00e9ciser que ce n&rsquo;est pas la fin de la crise de la congestion, mais c&rsquo;est une r\u00e9ponse appropri\u00e9e qui viendra certainement soulager les usagers du port de Conakry et les populations d&rsquo;une certaine mani\u00e8re. Nous sommes tout \u00e0 fait satisfaits de cette solution \u00bb, a-t-il martel\u00e9.<a href=\"https:\/\/universnews224.com\/wp-content\/uploads\/2025\/11\/IMG-20251115-WA0000.jpg\"><img loading=\"lazy\" class=\"alignnone size-medium wp-image-9554\" src=\"https:\/\/universnews224.com\/wp-content\/uploads\/2025\/11\/IMG-20251115-WA0000-300x169.jpg\" alt=\"\" width=\"300\" height=\"169\" srcset=\"https:\/\/universnews224.com\/wp-content\/uploads\/2025\/11\/IMG-20251115-WA0000-300x169.jpg 300w, https:\/\/universnews224.com\/wp-content\/uploads\/2025\/11\/IMG-20251115-WA0000-1024x576.jpg 1024w, https:\/\/universnews224.com\/wp-content\/uploads\/2025\/11\/IMG-20251115-WA0000-768x432.jpg 768w, https:\/\/universnews224.com\/wp-content\/uploads\/2025\/11\/IMG-20251115-WA0000-800x450.jpg 800w, https:\/\/universnews224.com\/wp-content\/uploads\/2025\/11\/IMG-20251115-WA0000.jpg 1080w\" sizes=\"(max-width: 300px) 100vw, 300px\" \/><\/a><\/p>\n<p>&nbsp;<\/p>\n","protected":false},"excerpt":{"rendered":"<p>Dans l&rsquo;optique de d\u00e9sengorger le Port Autonome de Conakry (PAC), qui conna\u00eet une croissance exceptionnelle<\/p>\n","protected":false},"author":2,"featured_media":9550,"comment_status":"closed","ping_status":"open","sticky":false,"template":"","format":"standard","meta":[],"categories":[3,5],"tags":[237],"yoast_head":"<!-- This site is optimized with the Yoast SEO plugin v19.13 - https:\/\/yoast.com\/wordpress\/plugins\/seo\/ -->\n<title>D\u00e9congestion du Port de Conakry : un nouveau quai op\u00e9rationnel pour absorber la croissance du trafic - UNIVERSNEWS224<\/title>\n<meta name=\"robots\" content=\"index, follow, max-snippet:-1, max-image-preview:large, max-video-preview:-1\" \/>\n<link rel=\"canonical\" href=\"https:\/\/universnews224.com\/index.php\/decongestion-du-port-de-conakry-un-nouveau-quai-operationnel-pour-absorber-la-croissance-du-trafic\/\" \/>\n<meta property=\"og:locale\" content=\"fr_FR\" \/>\n<meta property=\"og:type\" content=\"article\" \/>\n<meta property=\"og:title\" content=\"D\u00e9congestion du Port de Conakry : un nouveau quai op\u00e9rationnel pour absorber la croissance du trafic - UNIVERSNEWS224\" \/>\n<meta property=\"og:description\" content=\"Dans l&rsquo;optique de d\u00e9sengorger le Port Autonome de Conakry (PAC), qui conna\u00eet une croissance exceptionnelle\" \/>\n<meta property=\"og:url\" content=\"https:\/\/universnews224.com\/index.php\/decongestion-du-port-de-conakry-un-nouveau-quai-operationnel-pour-absorber-la-croissance-du-trafic\/\" \/>\n<meta property=\"og:site_name\" content=\"UNIVERSNEWS224\" \/>\n<meta property=\"article:published_time\" content=\"2025-11-15T00:39:18+00:00\" \/>\n<meta property=\"og:image\" content=\"https:\/\/universnews224.com\/wp-content\/uploads\/2025\/11\/IMG-20251115-WA0005.jpg\" \/>\n\t<meta property=\"og:image:width\" content=\"1080\" \/>\n\t<meta property=\"og:image:height\" content=\"607\" \/>\n\t<meta property=\"og:image:type\" content=\"image\/jpeg\" \/>\n<meta name=\"author\" content=\"La R\u00e9daction\" \/>\n<meta name=\"twitter:label1\" content=\"\u00c9crit par\" \/>\n\t<meta name=\"twitter:data1\" content=\"La R\u00e9daction\" \/>\n\t<meta name=\"twitter:label2\" content=\"Dur\u00e9e de lecture estim\u00e9e\" \/>\n\t<meta name=\"twitter:data2\" content=\"5 minutes\" \/>\n<script type=\"application\/ld+json\" class=\"yoast-schema-graph\">{\"@context\":\"https:\/\/schema.org\",\"@graph\":[{\"@type\":\"Article\",\"@id\":\"https:\/\/universnews224.com\/index.php\/decongestion-du-port-de-conakry-un-nouveau-quai-operationnel-pour-absorber-la-croissance-du-trafic\/#article\",\"isPartOf\":{\"@id\":\"https:\/\/universnews224.com\/index.php\/decongestion-du-port-de-conakry-un-nouveau-quai-operationnel-pour-absorber-la-croissance-du-trafic\/\"},\"author\":{\"name\":\"La R\u00e9daction\",\"@id\":\"https:\/\/universnews224.com\/#\/schema\/person\/a4b7d4f94a4716df60456a491260485e\"},\"headline\":\"D\u00e9congestion du Port de Conakry : un nouveau quai op\u00e9rationnel pour absorber la croissance du trafic\",\"datePublished\":\"2025-11-15T00:39:18+00:00\",\"dateModified\":\"2025-11-15T00:39:18+00:00\",\"mainEntityOfPage\":{\"@id\":\"https:\/\/universnews224.com\/index.php\/decongestion-du-port-de-conakry-un-nouveau-quai-operationnel-pour-absorber-la-croissance-du-trafic\/\"},\"wordCount\":658,\"publisher\":{\"@id\":\"https:\/\/universnews224.com\/#organization\"},\"keywords\":[\"A la une\"],\"articleSection\":[\"ACTU\",\"SOCI\u00c9T\u00c9\"],\"inLanguage\":\"fr-FR\"},{\"@type\":\"WebPage\",\"@id\":\"https:\/\/universnews224.com\/index.php\/decongestion-du-port-de-conakry-un-nouveau-quai-operationnel-pour-absorber-la-croissance-du-trafic\/\",\"url\":\"https:\/\/universnews224.com\/index.php\/decongestion-du-port-de-conakry-un-nouveau-quai-operationnel-pour-absorber-la-croissance-du-trafic\/\",\"name\":\"D\u00e9congestion du Port de Conakry : un nouveau quai op\u00e9rationnel pour absorber la croissance du trafic - UNIVERSNEWS224\",\"isPartOf\":{\"@id\":\"https:\/\/universnews224.com\/#website\"},\"datePublished\":\"2025-11-15T00:39:18+00:00\",\"dateModified\":\"2025-11-15T00:39:18+00:00\",\"inLanguage\":\"fr-FR\",\"potentialAction\":[{\"@type\":\"ReadAction\",\"target\":[\"https:\/\/universnews224.com\/index.php\/decongestion-du-port-de-conakry-un-nouveau-quai-operationnel-pour-absorber-la-croissance-du-trafic\/\"]}]},{\"@type\":\"WebSite\",\"@id\":\"https:\/\/universnews224.com\/#website\",\"url\":\"https:\/\/universnews224.com\/\",\"name\":\"UNIVERSNEWS224\",\"description\":\"\",\"publisher\":{\"@id\":\"https:\/\/universnews224.com\/#organization\"},\"potentialAction\":[{\"@type\":\"SearchAction\",\"target\":{\"@type\":\"EntryPoint\",\"urlTemplate\":\"https:\/\/universnews224.com\/?s={search_term_string}\"},\"query-input\":\"required name=search_term_string\"}],\"inLanguage\":\"fr-FR\"},{\"@type\":\"Organization\",\"@id\":\"https:\/\/universnews224.com\/#organization\",\"name\":\"UNIVERSNEWS224\",\"url\":\"https:\/\/universnews224.com\/\",\"logo\":{\"@type\":\"ImageObject\",\"inLanguage\":\"fr-FR\",\"@id\":\"https:\/\/universnews224.com\/#\/schema\/logo\/image\/\",\"url\":\"https:\/\/universnews224.com\/wp-content\/uploads\/2022\/08\/cropped-cropped-logoban.jpg\",\"contentUrl\":\"https:\/\/universnews224.com\/wp-content\/uploads\/2022\/08\/cropped-cropped-logoban.jpg\",\"width\":1080,\"height\":138,\"caption\":\"UNIVERSNEWS224\"},\"image\":{\"@id\":\"https:\/\/universnews224.com\/#\/schema\/logo\/image\/\"}},{\"@type\":\"Person\",\"@id\":\"https:\/\/universnews224.com\/#\/schema\/person\/a4b7d4f94a4716df60456a491260485e\",\"name\":\"La R\u00e9daction\",\"image\":{\"@type\":\"ImageObject\",\"inLanguage\":\"fr-FR\",\"@id\":\"https:\/\/universnews224.com\/#\/schema\/person\/image\/\",\"url\":\"https:\/\/secure.gravatar.com\/avatar\/edb90acc7752b23e1b3307ad36c14f0d?s=96&d=mm&r=g\",\"contentUrl\":\"https:\/\/secure.gravatar.com\/avatar\/edb90acc7752b23e1b3307ad36c14f0d?s=96&d=mm&r=g\",\"caption\":\"La R\u00e9daction\"},\"sameAs\":[\"https:\/\/universnews224.com\"],\"url\":\"https:\/\/universnews224.com\/index.php\/author\/m-camara\/\"}]}<\/script>\n<!-- \/ Yoast SEO plugin. -->","yoast_head_json":{"title":"D\u00e9congestion du Port de Conakry : un nouveau quai op\u00e9rationnel pour absorber la croissance du trafic - UNIVERSNEWS224","robots":{"index":"index","follow":"follow","max-snippet":"max-snippet:-1","max-image-preview":"max-image-preview:large","max-video-preview":"max-video-preview:-1"},"canonical":"https:\/\/universnews224.com\/index.php\/decongestion-du-port-de-conakry-un-nouveau-quai-operationnel-pour-absorber-la-croissance-du-trafic\/","og_locale":"fr_FR","og_type":"article","og_title":"D\u00e9congestion du Port de Conakry : un nouveau quai op\u00e9rationnel pour absorber la croissance du trafic - UNIVERSNEWS224","og_description":"Dans l&rsquo;optique de d\u00e9sengorger le Port Autonome de Conakry (PAC), qui conna\u00eet une croissance exceptionnelle","og_url":"https:\/\/universnews224.com\/index.php\/decongestion-du-port-de-conakry-un-nouveau-quai-operationnel-pour-absorber-la-croissance-du-trafic\/","og_site_name":"UNIVERSNEWS224","article_published_time":"2025-11-15T00:39:18+00:00","og_image":[{"width":1080,"height":607,"url":"https:\/\/universnews224.com\/wp-content\/uploads\/2025\/11\/IMG-20251115-WA0005.jpg","type":"image\/jpeg"}],"author":"La R\u00e9daction","twitter_misc":{"\u00c9crit par":"La R\u00e9daction","Dur\u00e9e de lecture estim\u00e9e":"5 minutes"},"schema":{"@context":"https:\/\/schema.org","@graph":[{"@type":"Article","@id":"https:\/\/universnews224.com\/index.php\/decongestion-du-port-de-conakry-un-nouveau-quai-operationnel-pour-absorber-la-croissance-du-trafic\/#article","isPartOf":{"@id":"https:\/\/universnews224.com\/index.php\/decongestion-du-port-de-conakry-un-nouveau-quai-operationnel-pour-absorber-la-croissance-du-trafic\/"},"author":{"name":"La R\u00e9daction","@id":"https:\/\/universnews224.com\/#\/schema\/person\/a4b7d4f94a4716df60456a491260485e"},"headline":"D\u00e9congestion du Port de Conakry : un nouveau quai op\u00e9rationnel pour absorber la croissance du trafic","datePublished":"2025-11-15T00:39:18+00:00","dateModified":"2025-11-15T00:39:18+00:00","mainEntityOfPage":{"@id":"https:\/\/universnews224.com\/index.php\/decongestion-du-port-de-conakry-un-nouveau-quai-operationnel-pour-absorber-la-croissance-du-trafic\/"},"wordCount":658,"publisher":{"@id":"https:\/\/universnews224.com\/#organization"},"keywords":["A la une"],"articleSection":["ACTU","SOCI\u00c9T\u00c9"],"inLanguage":"fr-FR"},{"@type":"WebPage","@id":"https:\/\/universnews224.com\/index.php\/decongestion-du-port-de-conakry-un-nouveau-quai-operationnel-pour-absorber-la-croissance-du-trafic\/","url":"https:\/\/universnews224.com\/index.php\/decongestion-du-port-de-conakry-un-nouveau-quai-operationnel-pour-absorber-la-croissance-du-trafic\/","name":"D\u00e9congestion du Port de Conakry : un nouveau quai op\u00e9rationnel pour absorber la croissance du trafic - UNIVERSNEWS224","isPartOf":{"@id":"https:\/\/universnews224.com\/#website"},"datePublished":"2025-11-15T00:39:18+00:00","dateModified":"2025-11-15T00:39:18+00:00","inLanguage":"fr-FR","potentialAction":[{"@type":"ReadAction","target":["https:\/\/universnews224.com\/index.php\/decongestion-du-port-de-conakry-un-nouveau-quai-operationnel-pour-absorber-la-croissance-du-trafic\/"]}]},{"@type":"WebSite","@id":"https:\/\/universnews224.com\/#website","url":"https:\/\/universnews224.com\/","name":"UNIVERSNEWS224","description":"","publisher":{"@id":"https:\/\/universnews224.com\/#organization"},"potentialAction":[{"@type":"SearchAction","target":{"@type":"EntryPoint","urlTemplate":"https:\/\/universnews224.com\/?s={search_term_string}"},"query-input":"required name=search_term_string"}],"inLanguage":"fr-FR"},{"@type":"Organization","@id":"https:\/\/universnews224.com\/#organization","name":"UNIVERSNEWS224","url":"https:\/\/universnews224.com\/","logo":{"@type":"ImageObject","inLanguage":"fr-FR","@id":"https:\/\/universnews224.com\/#\/schema\/logo\/image\/","url":"https:\/\/universnews224.com\/wp-content\/uploads\/2022\/08\/cropped-cropped-logoban.jpg","contentUrl":"https:\/\/universnews224.com\/wp-content\/uploads\/2022\/08\/cropped-cropped-logoban.jpg","width":1080,"height":138,"caption":"UNIVERSNEWS224"},"image":{"@id":"https:\/\/universnews224.com\/#\/schema\/logo\/image\/"}},{"@type":"Person","@id":"https:\/\/universnews224.com\/#\/schema\/person\/a4b7d4f94a4716df60456a491260485e","name":"La R\u00e9daction","image":{"@type":"ImageObject","inLanguage":"fr-FR","@id":"https:\/\/universnews224.com\/#\/schema\/person\/image\/","url":"https:\/\/secure.gravatar.com\/avatar\/edb90acc7752b23e1b3307ad36c14f0d?s=96&d=mm&r=g","contentUrl":"https:\/\/secure.gravatar.com\/avatar\/edb90acc7752b23e1b3307ad36c14f0d?s=96&d=mm&r=g","caption":"La R\u00e9daction"},"sameAs":["https:\/\/universnews224.com"],"url":"https:\/\/universnews224.com\/index.php\/author\/m-camara\/"}]}},"_links":{"self":[{"href":"https:\/\/universnews224.com\/index.php\/wp-json\/wp\/v2\/posts\/9548"}],"collection":[{"href":"https:\/\/universnews224.com\/index.php\/wp-json\/wp\/v2\/posts"}],"about":[{"href":"https:\/\/universnews224.com\/index.php\/wp-json\/wp\/v2\/types\/post"}],"author":[{"embeddable":true,"href":"https:\/\/universnews224.com\/index.php\/wp-json\/wp\/v2\/users\/2"}],"replies":[{"embeddable":true,"href":"https:\/\/universnews224.com\/index.php\/wp-json\/wp\/v2\/comments?post=9548"}],"version-history":[{"count":1,"href":"https:\/\/universnews224.com\/index.php\/wp-json\/wp\/v2\/posts\/9548\/revisions"}],"predecessor-version":[{"id":9555,"href":"https:\/\/universnews224.com\/index.php\/wp-json\/wp\/v2\/posts\/9548\/revisions\/9555"}],"wp:featuredmedia":[{"embeddable":true,"href":"https:\/\/universnews224.com\/index.php\/wp-json\/wp\/v2\/media\/9550"}],"wp:attachment":[{"href":"https:\/\/universnews224.com\/index.php\/wp-json\/wp\/v2\/media?parent=9548"}],"wp:term":[{"taxonomy":"category","embeddable":true,"href":"https:\/\/universnews224.com\/index.php\/wp-json\/wp\/v2\/categories?post=9548"},{"taxonomy":"post_tag","embeddable":true,"href":"https:\/\/universnews224.com\/index.php\/wp-json\/wp\/v2\/tags?post=9548"}],"curies":[{"name":"wp","href":"https:\/\/api.w.org\/{rel}","templated":true}]}}