{"id":9556,"date":"2025-11-15T18:53:13","date_gmt":"2025-11-15T17:53:13","guid":{"rendered":"https:\/\/universnews224.com\/?p=9556"},"modified":"2025-11-15T18:53:13","modified_gmt":"2025-11-15T17:53:13","slug":"ratoma-lechangeur-de-bambeto-inaugure-par-le-president-general-mamadi-doumbouya","status":"publish","type":"post","link":"https:\/\/universnews224.com\/index.php\/ratoma-lechangeur-de-bambeto-inaugure-par-le-president-general-mamadi-doumbouya\/","title":{"rendered":"Ratoma : L&rsquo;\u00c9changeur de Bamb\u00e9to inaugur\u00e9 par le Pr\u00e9sident, G\u00e9n\u00e9ral Mamadi Doumbouya"},"content":{"rendered":"<p dir=\"ltr\">Le Pr\u00e9sident de la transition, le <b>G\u00e9n\u00e9ral<\/b> Mamadi Doumbouya, a inaugur\u00e9 l\u2019\u00e9changeur de Bamb\u00e9to ce samedi 15 novembre 2025. Cet ouvrage <b>gigantesque<\/b>, financ\u00e9 \u00e0 hauteur de <b>339 milliards de francs guin\u00e9ens<\/b>, se caract\u00e9rise <b>par les \u00e9l\u00e9ments suivants<\/b> : un passage souterrain de 253 m\u00e8tres, un passage sup\u00e9rieur de 261 m\u00e8tres, un carrefour giratoire <b>\u00e0 quatre bretelles (2&#215;2 voies)<\/b> et deux kilom\u00e8tres de routes reliant la transversale <b>vers l&rsquo;A\u00e9roport<\/b>.<a href=\"https:\/\/universnews224.com\/wp-content\/uploads\/2025\/11\/IMG-20251115-WA0012.jpg\"><img loading=\"lazy\" class=\"alignnone size-medium wp-image-9561\" src=\"https:\/\/universnews224.com\/wp-content\/uploads\/2025\/11\/IMG-20251115-WA0012-300x169.jpg\" alt=\"\" width=\"300\" height=\"169\" srcset=\"https:\/\/universnews224.com\/wp-content\/uploads\/2025\/11\/IMG-20251115-WA0012-300x169.jpg 300w, https:\/\/universnews224.com\/wp-content\/uploads\/2025\/11\/IMG-20251115-WA0012.jpg 678w\" sizes=\"(max-width: 300px) 100vw, 300px\" \/><\/a><\/p>\n<p dir=\"ltr\">\u200bLa construction de ce <b>viaduc<\/b> en b\u00e9ton a \u00e9galement permis d\u2019am\u00e9nager plus de 3 500 m\u00e8tres de voies de contournement ou de d\u00e9viation.<a href=\"https:\/\/universnews224.com\/wp-content\/uploads\/2025\/11\/IMG-20251115-WA0008.jpg\"><img loading=\"lazy\" class=\"alignnone size-medium wp-image-9557\" src=\"https:\/\/universnews224.com\/wp-content\/uploads\/2025\/11\/IMG-20251115-WA0008-300x194.jpg\" alt=\"\" width=\"300\" height=\"194\" srcset=\"https:\/\/universnews224.com\/wp-content\/uploads\/2025\/11\/IMG-20251115-WA0008-300x194.jpg 300w, https:\/\/universnews224.com\/wp-content\/uploads\/2025\/11\/IMG-20251115-WA0008-1024x663.jpg 1024w, https:\/\/universnews224.com\/wp-content\/uploads\/2025\/11\/IMG-20251115-WA0008-768x497.jpg 768w, https:\/\/universnews224.com\/wp-content\/uploads\/2025\/11\/IMG-20251115-WA0008.jpg 1080w\" sizes=\"(max-width: 300px) 100vw, 300px\" \/><\/a><\/p>\n<p dir=\"ltr\">\u200bLa c\u00e9r\u00e9monie d\u2019inauguration de l\u2019\u00e9changeur de Bamb\u00e9to a \u00e9t\u00e9 marqu\u00e9e par une forte mobilisation des populations de Conakry, qui ont ovationn\u00e9 le cort\u00e8ge pr\u00e9sidentiel.<\/p>\n<p dir=\"ltr\">\u200b<b>En hommage \u00e0 la m\u00e9moire des victimes des violences politiques<\/b>, le Pr\u00e9sident Mamadi Doumbouya a souhait\u00e9 maintenir le nom de l&rsquo;\u00c9changeur de Bamb\u00e9to.<\/p>\n<p dir=\"ltr\">\u200bCette inauguration historique s\u2019inscrit dans la vision du gouvernement guin\u00e9en de transformer structurellement le pays en dotant la Guin\u00e9e d\u2019un meilleur r\u00e9seau routier <b>afin de<\/b> promouvoir l\u2019\u00e9mergence \u00e9conomique.<\/p>\n<h3>\u200b<\/h3>\n<p dir=\"ltr\">\u200bSelon les autorit\u00e9s, ce projet fait partie des travaux financ\u00e9s par l&rsquo;Accord-cadre entre la R\u00e9publique de Guin\u00e9e et la coop\u00e9ration <b>kowe\u00eftienne<\/b>.<\/p>\n<p dir=\"ltr\">\u200bDans son discours de circonstance, le ministre des Infrastructures et des Travaux publics, S\u00e9kou Laye Camara, a rendu <b>hommage au Chef de l&rsquo;\u00c9tat pour<\/b> son implication personnelle dans l&rsquo;aboutissement de ce projet gigantesque.<a href=\"https:\/\/universnews224.com\/wp-content\/uploads\/2025\/11\/IMG-20251115-WA0009.jpg\"><img loading=\"lazy\" class=\"alignnone size-medium wp-image-9558\" src=\"https:\/\/universnews224.com\/wp-content\/uploads\/2025\/11\/IMG-20251115-WA0009-300x239.jpg\" alt=\"\" width=\"300\" height=\"239\" srcset=\"https:\/\/universnews224.com\/wp-content\/uploads\/2025\/11\/IMG-20251115-WA0009-300x239.jpg 300w, https:\/\/universnews224.com\/wp-content\/uploads\/2025\/11\/IMG-20251115-WA0009.jpg 588w\" sizes=\"(max-width: 300px) 100vw, 300px\" \/><\/a><\/p>\n<p dir=\"ltr\">\u200b\u00ab L&rsquo;inauguration que nous <b>effectuons<\/b> aujourd\u2019hui fait partie du projet qui s\u2019inscrit dans le Pilier 3 du programme Simandou 2040, d\u00e9di\u00e9 aux infrastructures modernes. L&rsquo;\u00e9changeur de Bamb\u00e9to est le fruit de la coop\u00e9ration entre la R\u00e9publique <b>du Kowe\u00eft<\/b> et la R\u00e9publique de Guin\u00e9e, \u00e0 travers le Fonds Kowe\u00eftien pour le D\u00e9veloppement \u00c9conomique, pour un montant total de 339 milliards 606 millions de francs guin\u00e9ens. Les caract\u00e9ristiques du projet se pr\u00e9sentent comme suit : Un passage souterrain de 253 m\u00e8tres, Un passage sup\u00e9rieur de 261 m\u00e8tres, Un carrefour giratoire \u00e0 quatre bretelles de 2&#215;2 voies, <b>et<\/b> 2 kilom\u00e8tres de route bitum\u00e9e sur la Transversale T2 reliant l&rsquo;a\u00e9roport \u00e0 Bamb\u00e9to. Il est important de souligner que le projet int\u00e8gre \u00e9galement des ouvrages d&rsquo;assainissement, un \u00e9clairage public moderne, et un am\u00e9nagement paysager qui redonne \u00e0 Bamb\u00e9to son \u00e9clat urbain et son harmonie. En trois ans, la promesse est devenue r\u00e9alit\u00e9. L&rsquo;engagement s&rsquo;est transform\u00e9 \u00bb, a indiqu\u00e9 le ministre.<\/p>\n<p dir=\"ltr\">\u200b\u00ab Monsieur le Pr\u00e9sident, vous avez suivi ce chantier de bout en bout, y compris lors de vos visites nocturnes. Il a \u00e9t\u00e9 ex\u00e9cut\u00e9 exactement en trois ans et trois jours, <b>conform\u00e9ment<\/b> aux d\u00e9lais du cahier des charges. Il fait plaisir de passer \u00e0 Bamb\u00e9to sans craindre les embouteillages. Chaque ouvrage inaugur\u00e9 sous votre leadership est un message adress\u00e9 <b>\u00e0 celui<\/b> de l&rsquo;action, de la coh\u00e9rence et de la confiance du peuple de Guin\u00e9e retrouv\u00e9e \u00bb, a d\u00e9clar\u00e9 le patron des <b>Travaux Publics (TP)<\/b>.<\/p>\n<p dir=\"ltr\">\u200bDe son c\u00f4t\u00e9, le ministre de la Coop\u00e9ration Internationale, Isra\u00ebl Nab\u00e9, a mis en avant l\u2019importance strat\u00e9gique de l\u2019\u00e9changeur :<a href=\"https:\/\/universnews224.com\/wp-content\/uploads\/2025\/11\/IMG-20251115-WA0010.jpg\"><img loading=\"lazy\" class=\"alignnone size-medium wp-image-9559\" src=\"https:\/\/universnews224.com\/wp-content\/uploads\/2025\/11\/IMG-20251115-WA0010-300x220.jpg\" alt=\"\" width=\"300\" height=\"220\" srcset=\"https:\/\/universnews224.com\/wp-content\/uploads\/2025\/11\/IMG-20251115-WA0010-300x220.jpg 300w, https:\/\/universnews224.com\/wp-content\/uploads\/2025\/11\/IMG-20251115-WA0010-768x564.jpg 768w, https:\/\/universnews224.com\/wp-content\/uploads\/2025\/11\/IMG-20251115-WA0010.jpg 837w\" sizes=\"(max-width: 300px) 100vw, 300px\" \/><\/a><\/p>\n<p dir=\"ltr\">\u200b\u00ab Cet ouvrage n\u2019est pas seulement technique. C\u2019est une r\u00e9ponse concr\u00e8te aux besoins des citoyens et un symbole de progr\u00e8s partag\u00e9 qui s\u2019inscrit pleinement dans l\u2019ambition de cr\u00e9er une capitale moderne, fluide et mieux structur\u00e9e, conform\u00e9ment \u00e0 la vision nationale port\u00e9e par le Chef de l\u2019\u00c9tat \u00bb.<\/p>\n<p dir=\"ltr\">\u200bPour sa part, M. Yaya Sow, conseiller juridique des infrastructures et des travaux publics \u00e0 la Pr\u00e9sidence, a tout d&rsquo;abord <b>rendu un vibrant<\/b> hommage au pr\u00e9sident Mamadi avant de <b>d\u00e9clarer<\/b> qu&rsquo;il continuerait \u00e0 servir avec loyaut\u00e9 <b>pour<\/b> le d\u00e9veloppement de notre pays. <a href=\"https:\/\/universnews224.com\/wp-content\/uploads\/2025\/11\/IMG-20251115-WA0011.jpg\"><img loading=\"lazy\" class=\"alignnone size-medium wp-image-9560\" src=\"https:\/\/universnews224.com\/wp-content\/uploads\/2025\/11\/IMG-20251115-WA0011-300x208.jpg\" alt=\"\" width=\"300\" height=\"208\" srcset=\"https:\/\/universnews224.com\/wp-content\/uploads\/2025\/11\/IMG-20251115-WA0011-300x208.jpg 300w, https:\/\/universnews224.com\/wp-content\/uploads\/2025\/11\/IMG-20251115-WA0011-768x533.jpg 768w, https:\/\/universnews224.com\/wp-content\/uploads\/2025\/11\/IMG-20251115-WA0011.jpg 771w\" sizes=\"(max-width: 300px) 100vw, 300px\" \/><\/a><\/p>\n<p dir=\"ltr\">\u00ab Cet ouvrage flambant neuf financ\u00e9 par le Fonds Kowe\u00eftien, <b>qui est un<\/b> partenaire engag\u00e9 de la R\u00e9publique, <b>vise \u00e0<\/b> soutenir la croissance et son d\u00e9veloppement dans divers secteurs. Aujourd&rsquo;hui, il <b>portera<\/b> officiellement le nom d\u2019\u00c9changeur de Bamb\u00e9to <b>afin<\/b> de rendre un vibrant hommage aux victimes de l&rsquo;axe li\u00e9es aux \u00e9v\u00e9nements survenus dans cette zone au fil des ann\u00e9es \u00bb, a conclu <b>M.<\/b> Sow.<a href=\"https:\/\/universnews224.com\/wp-content\/uploads\/2025\/11\/IMG-20251115-WA0012.jpg\"><img loading=\"lazy\" class=\"alignnone size-medium wp-image-9561\" src=\"https:\/\/universnews224.com\/wp-content\/uploads\/2025\/11\/IMG-20251115-WA0012-300x169.jpg\" alt=\"\" width=\"300\" height=\"169\" srcset=\"https:\/\/universnews224.com\/wp-content\/uploads\/2025\/11\/IMG-20251115-WA0012-300x169.jpg 300w, https:\/\/universnews224.com\/wp-content\/uploads\/2025\/11\/IMG-20251115-WA0012.jpg 678w\" sizes=\"(max-width: 300px) 100vw, 300px\" \/><\/a><\/p>\n<p dir=\"ltr\">\u200b<b>Alass Sylla pour universnews224.com<\/b><\/p>\n","protected":false},"excerpt":{"rendered":"<p>Le Pr\u00e9sident de la transition, le G\u00e9n\u00e9ral Mamadi Doumbouya, a inaugur\u00e9 l\u2019\u00e9changeur de Bamb\u00e9to ce<\/p>\n","protected":false},"author":2,"featured_media":9557,"comment_status":"closed","ping_status":"open","sticky":false,"template":"","format":"standard","meta":[],"categories":[3,5],"tags":[],"yoast_head":"<!-- This site is optimized with the Yoast SEO plugin v19.13 - https:\/\/yoast.com\/wordpress\/plugins\/seo\/ -->\n<title>Ratoma : L&#039;\u00c9changeur de Bamb\u00e9to inaugur\u00e9 par le Pr\u00e9sident, G\u00e9n\u00e9ral Mamadi Doumbouya - UNIVERSNEWS224<\/title>\n<meta name=\"robots\" content=\"index, follow, max-snippet:-1, max-image-preview:large, max-video-preview:-1\" \/>\n<link rel=\"canonical\" href=\"https:\/\/universnews224.com\/index.php\/ratoma-lechangeur-de-bambeto-inaugure-par-le-president-general-mamadi-doumbouya\/\" \/>\n<meta property=\"og:locale\" content=\"fr_FR\" \/>\n<meta property=\"og:type\" content=\"article\" \/>\n<meta property=\"og:title\" content=\"Ratoma : L&#039;\u00c9changeur de Bamb\u00e9to inaugur\u00e9 par le Pr\u00e9sident, G\u00e9n\u00e9ral Mamadi Doumbouya - UNIVERSNEWS224\" \/>\n<meta property=\"og:description\" content=\"Le Pr\u00e9sident de la transition, le G\u00e9n\u00e9ral Mamadi Doumbouya, a inaugur\u00e9 l\u2019\u00e9changeur de Bamb\u00e9to ce\" \/>\n<meta property=\"og:url\" content=\"https:\/\/universnews224.com\/index.php\/ratoma-lechangeur-de-bambeto-inaugure-par-le-president-general-mamadi-doumbouya\/\" \/>\n<meta property=\"og:site_name\" content=\"UNIVERSNEWS224\" \/>\n<meta property=\"article:published_time\" content=\"2025-11-15T17:53:13+00:00\" \/>\n<meta property=\"og:image\" content=\"https:\/\/universnews224.com\/wp-content\/uploads\/2025\/11\/IMG-20251115-WA0008.jpg\" \/>\n\t<meta property=\"og:image:width\" content=\"1080\" \/>\n\t<meta property=\"og:image:height\" content=\"699\" \/>\n\t<meta property=\"og:image:type\" content=\"image\/jpeg\" \/>\n<meta name=\"author\" content=\"La R\u00e9daction\" \/>\n<meta name=\"twitter:label1\" content=\"\u00c9crit par\" \/>\n\t<meta name=\"twitter:data1\" content=\"La R\u00e9daction\" \/>\n\t<meta name=\"twitter:label2\" content=\"Dur\u00e9e de lecture estim\u00e9e\" \/>\n\t<meta name=\"twitter:data2\" content=\"5 minutes\" \/>\n<script type=\"application\/ld+json\" class=\"yoast-schema-graph\">{\"@context\":\"https:\/\/schema.org\",\"@graph\":[{\"@type\":\"Article\",\"@id\":\"https:\/\/universnews224.com\/index.php\/ratoma-lechangeur-de-bambeto-inaugure-par-le-president-general-mamadi-doumbouya\/#article\",\"isPartOf\":{\"@id\":\"https:\/\/universnews224.com\/index.php\/ratoma-lechangeur-de-bambeto-inaugure-par-le-president-general-mamadi-doumbouya\/\"},\"author\":{\"name\":\"La R\u00e9daction\",\"@id\":\"https:\/\/universnews224.com\/#\/schema\/person\/a4b7d4f94a4716df60456a491260485e\"},\"headline\":\"Ratoma : L&rsquo;\u00c9changeur de Bamb\u00e9to inaugur\u00e9 par le Pr\u00e9sident, G\u00e9n\u00e9ral Mamadi Doumbouya\",\"datePublished\":\"2025-11-15T17:53:13+00:00\",\"dateModified\":\"2025-11-15T17:53:13+00:00\",\"mainEntityOfPage\":{\"@id\":\"https:\/\/universnews224.com\/index.php\/ratoma-lechangeur-de-bambeto-inaugure-par-le-president-general-mamadi-doumbouya\/\"},\"wordCount\":724,\"publisher\":{\"@id\":\"https:\/\/universnews224.com\/#organization\"},\"articleSection\":[\"ACTU\",\"SOCI\u00c9T\u00c9\"],\"inLanguage\":\"fr-FR\"},{\"@type\":\"WebPage\",\"@id\":\"https:\/\/universnews224.com\/index.php\/ratoma-lechangeur-de-bambeto-inaugure-par-le-president-general-mamadi-doumbouya\/\",\"url\":\"https:\/\/universnews224.com\/index.php\/ratoma-lechangeur-de-bambeto-inaugure-par-le-president-general-mamadi-doumbouya\/\",\"name\":\"Ratoma : L'\u00c9changeur de Bamb\u00e9to inaugur\u00e9 par le Pr\u00e9sident, G\u00e9n\u00e9ral Mamadi Doumbouya - UNIVERSNEWS224\",\"isPartOf\":{\"@id\":\"https:\/\/universnews224.com\/#website\"},\"datePublished\":\"2025-11-15T17:53:13+00:00\",\"dateModified\":\"2025-11-15T17:53:13+00:00\",\"inLanguage\":\"fr-FR\",\"potentialAction\":[{\"@type\":\"ReadAction\",\"target\":[\"https:\/\/universnews224.com\/index.php\/ratoma-lechangeur-de-bambeto-inaugure-par-le-president-general-mamadi-doumbouya\/\"]}]},{\"@type\":\"WebSite\",\"@id\":\"https:\/\/universnews224.com\/#website\",\"url\":\"https:\/\/universnews224.com\/\",\"name\":\"UNIVERSNEWS224\",\"description\":\"\",\"publisher\":{\"@id\":\"https:\/\/universnews224.com\/#organization\"},\"potentialAction\":[{\"@type\":\"SearchAction\",\"target\":{\"@type\":\"EntryPoint\",\"urlTemplate\":\"https:\/\/universnews224.com\/?s={search_term_string}\"},\"query-input\":\"required name=search_term_string\"}],\"inLanguage\":\"fr-FR\"},{\"@type\":\"Organization\",\"@id\":\"https:\/\/universnews224.com\/#organization\",\"name\":\"UNIVERSNEWS224\",\"url\":\"https:\/\/universnews224.com\/\",\"logo\":{\"@type\":\"ImageObject\",\"inLanguage\":\"fr-FR\",\"@id\":\"https:\/\/universnews224.com\/#\/schema\/logo\/image\/\",\"url\":\"https:\/\/universnews224.com\/wp-content\/uploads\/2022\/08\/cropped-cropped-logoban.jpg\",\"contentUrl\":\"https:\/\/universnews224.com\/wp-content\/uploads\/2022\/08\/cropped-cropped-logoban.jpg\",\"width\":1080,\"height\":138,\"caption\":\"UNIVERSNEWS224\"},\"image\":{\"@id\":\"https:\/\/universnews224.com\/#\/schema\/logo\/image\/\"}},{\"@type\":\"Person\",\"@id\":\"https:\/\/universnews224.com\/#\/schema\/person\/a4b7d4f94a4716df60456a491260485e\",\"name\":\"La R\u00e9daction\",\"image\":{\"@type\":\"ImageObject\",\"inLanguage\":\"fr-FR\",\"@id\":\"https:\/\/universnews224.com\/#\/schema\/person\/image\/\",\"url\":\"https:\/\/secure.gravatar.com\/avatar\/edb90acc7752b23e1b3307ad36c14f0d?s=96&d=mm&r=g\",\"contentUrl\":\"https:\/\/secure.gravatar.com\/avatar\/edb90acc7752b23e1b3307ad36c14f0d?s=96&d=mm&r=g\",\"caption\":\"La R\u00e9daction\"},\"sameAs\":[\"https:\/\/universnews224.com\"],\"url\":\"https:\/\/universnews224.com\/index.php\/author\/m-camara\/\"}]}<\/script>\n<!-- \/ Yoast SEO plugin. -->","yoast_head_json":{"title":"Ratoma : L'\u00c9changeur de Bamb\u00e9to inaugur\u00e9 par le Pr\u00e9sident, G\u00e9n\u00e9ral Mamadi Doumbouya - UNIVERSNEWS224","robots":{"index":"index","follow":"follow","max-snippet":"max-snippet:-1","max-image-preview":"max-image-preview:large","max-video-preview":"max-video-preview:-1"},"canonical":"https:\/\/universnews224.com\/index.php\/ratoma-lechangeur-de-bambeto-inaugure-par-le-president-general-mamadi-doumbouya\/","og_locale":"fr_FR","og_type":"article","og_title":"Ratoma : L'\u00c9changeur de Bamb\u00e9to inaugur\u00e9 par le Pr\u00e9sident, G\u00e9n\u00e9ral Mamadi Doumbouya - UNIVERSNEWS224","og_description":"Le Pr\u00e9sident de la transition, le G\u00e9n\u00e9ral Mamadi Doumbouya, a inaugur\u00e9 l\u2019\u00e9changeur de Bamb\u00e9to ce","og_url":"https:\/\/universnews224.com\/index.php\/ratoma-lechangeur-de-bambeto-inaugure-par-le-president-general-mamadi-doumbouya\/","og_site_name":"UNIVERSNEWS224","article_published_time":"2025-11-15T17:53:13+00:00","og_image":[{"width":1080,"height":699,"url":"https:\/\/universnews224.com\/wp-content\/uploads\/2025\/11\/IMG-20251115-WA0008.jpg","type":"image\/jpeg"}],"author":"La R\u00e9daction","twitter_misc":{"\u00c9crit par":"La R\u00e9daction","Dur\u00e9e de lecture estim\u00e9e":"5 minutes"},"schema":{"@context":"https:\/\/schema.org","@graph":[{"@type":"Article","@id":"https:\/\/universnews224.com\/index.php\/ratoma-lechangeur-de-bambeto-inaugure-par-le-president-general-mamadi-doumbouya\/#article","isPartOf":{"@id":"https:\/\/universnews224.com\/index.php\/ratoma-lechangeur-de-bambeto-inaugure-par-le-president-general-mamadi-doumbouya\/"},"author":{"name":"La R\u00e9daction","@id":"https:\/\/universnews224.com\/#\/schema\/person\/a4b7d4f94a4716df60456a491260485e"},"headline":"Ratoma : L&rsquo;\u00c9changeur de Bamb\u00e9to inaugur\u00e9 par le Pr\u00e9sident, G\u00e9n\u00e9ral Mamadi Doumbouya","datePublished":"2025-11-15T17:53:13+00:00","dateModified":"2025-11-15T17:53:13+00:00","mainEntityOfPage":{"@id":"https:\/\/universnews224.com\/index.php\/ratoma-lechangeur-de-bambeto-inaugure-par-le-president-general-mamadi-doumbouya\/"},"wordCount":724,"publisher":{"@id":"https:\/\/universnews224.com\/#organization"},"articleSection":["ACTU","SOCI\u00c9T\u00c9"],"inLanguage":"fr-FR"},{"@type":"WebPage","@id":"https:\/\/universnews224.com\/index.php\/ratoma-lechangeur-de-bambeto-inaugure-par-le-president-general-mamadi-doumbouya\/","url":"https:\/\/universnews224.com\/index.php\/ratoma-lechangeur-de-bambeto-inaugure-par-le-president-general-mamadi-doumbouya\/","name":"Ratoma : L'\u00c9changeur de Bamb\u00e9to inaugur\u00e9 par le Pr\u00e9sident, G\u00e9n\u00e9ral Mamadi Doumbouya - UNIVERSNEWS224","isPartOf":{"@id":"https:\/\/universnews224.com\/#website"},"datePublished":"2025-11-15T17:53:13+00:00","dateModified":"2025-11-15T17:53:13+00:00","inLanguage":"fr-FR","potentialAction":[{"@type":"ReadAction","target":["https:\/\/universnews224.com\/index.php\/ratoma-lechangeur-de-bambeto-inaugure-par-le-president-general-mamadi-doumbouya\/"]}]},{"@type":"WebSite","@id":"https:\/\/universnews224.com\/#website","url":"https:\/\/universnews224.com\/","name":"UNIVERSNEWS224","description":"","publisher":{"@id":"https:\/\/universnews224.com\/#organization"},"potentialAction":[{"@type":"SearchAction","target":{"@type":"EntryPoint","urlTemplate":"https:\/\/universnews224.com\/?s={search_term_string}"},"query-input":"required name=search_term_string"}],"inLanguage":"fr-FR"},{"@type":"Organization","@id":"https:\/\/universnews224.com\/#organization","name":"UNIVERSNEWS224","url":"https:\/\/universnews224.com\/","logo":{"@type":"ImageObject","inLanguage":"fr-FR","@id":"https:\/\/universnews224.com\/#\/schema\/logo\/image\/","url":"https:\/\/universnews224.com\/wp-content\/uploads\/2022\/08\/cropped-cropped-logoban.jpg","contentUrl":"https:\/\/universnews224.com\/wp-content\/uploads\/2022\/08\/cropped-cropped-logoban.jpg","width":1080,"height":138,"caption":"UNIVERSNEWS224"},"image":{"@id":"https:\/\/universnews224.com\/#\/schema\/logo\/image\/"}},{"@type":"Person","@id":"https:\/\/universnews224.com\/#\/schema\/person\/a4b7d4f94a4716df60456a491260485e","name":"La R\u00e9daction","image":{"@type":"ImageObject","inLanguage":"fr-FR","@id":"https:\/\/universnews224.com\/#\/schema\/person\/image\/","url":"https:\/\/secure.gravatar.com\/avatar\/edb90acc7752b23e1b3307ad36c14f0d?s=96&d=mm&r=g","contentUrl":"https:\/\/secure.gravatar.com\/avatar\/edb90acc7752b23e1b3307ad36c14f0d?s=96&d=mm&r=g","caption":"La R\u00e9daction"},"sameAs":["https:\/\/universnews224.com"],"url":"https:\/\/universnews224.com\/index.php\/author\/m-camara\/"}]}},"_links":{"self":[{"href":"https:\/\/universnews224.com\/index.php\/wp-json\/wp\/v2\/posts\/9556"}],"collection":[{"href":"https:\/\/universnews224.com\/index.php\/wp-json\/wp\/v2\/posts"}],"about":[{"href":"https:\/\/universnews224.com\/index.php\/wp-json\/wp\/v2\/types\/post"}],"author":[{"embeddable":true,"href":"https:\/\/universnews224.com\/index.php\/wp-json\/wp\/v2\/users\/2"}],"replies":[{"embeddable":true,"href":"https:\/\/universnews224.com\/index.php\/wp-json\/wp\/v2\/comments?post=9556"}],"version-history":[{"count":1,"href":"https:\/\/universnews224.com\/index.php\/wp-json\/wp\/v2\/posts\/9556\/revisions"}],"predecessor-version":[{"id":9562,"href":"https:\/\/universnews224.com\/index.php\/wp-json\/wp\/v2\/posts\/9556\/revisions\/9562"}],"wp:featuredmedia":[{"embeddable":true,"href":"https:\/\/universnews224.com\/index.php\/wp-json\/wp\/v2\/media\/9557"}],"wp:attachment":[{"href":"https:\/\/universnews224.com\/index.php\/wp-json\/wp\/v2\/media?parent=9556"}],"wp:term":[{"taxonomy":"category","embeddable":true,"href":"https:\/\/universnews224.com\/index.php\/wp-json\/wp\/v2\/categories?post=9556"},{"taxonomy":"post_tag","embeddable":true,"href":"https:\/\/universnews224.com\/index.php\/wp-json\/wp\/v2\/tags?post=9556"}],"curies":[{"name":"wp","href":"https:\/\/api.w.org\/{rel}","templated":true}]}}