{"id":9604,"date":"2025-11-22T16:00:59","date_gmt":"2025-11-22T15:00:59","guid":{"rendered":"https:\/\/universnews224.com\/?p=9604"},"modified":"2025-11-22T16:00:59","modified_gmt":"2025-11-22T15:00:59","slug":"presidentielle-2025-le-pup-appelle-a-la-mobilisation-pour-le-general-president-mamadi-doumbouya","status":"publish","type":"post","link":"https:\/\/universnews224.com\/index.php\/presidentielle-2025-le-pup-appelle-a-la-mobilisation-pour-le-general-president-mamadi-doumbouya\/","title":{"rendered":"Pr\u00e9sidentielle 2025 : le PUP appelle \u00e0 la mobilisation pour le G\u00e9n\u00e9ral Pr\u00e9sident Mamadi Doumbouya"},"content":{"rendered":"<p dir=\"ltr\">Le Parti de l\u2019Unit\u00e9 et du Progr\u00e8s (PUP)\u00a0 tenu, ce samedi 22 novembre 2025, son assembl\u00e9e g\u00e9n\u00e9rale hebdomadaire. La rencontre a connu une forte mobilisation des militants et sympathisants du parti, <b>venus<\/b> des <b>quatre coins<\/b> de la capitale et de l&rsquo;int\u00e9rieur du pays <b>pour r\u00e9affirmer<\/b> leur soutien \u00e0 la candidature du G\u00e9n\u00e9ral Pr\u00e9sident Mamadi Doumbouya \u00e0 la prochaine \u00e9lection pr\u00e9sidentielle pr\u00e9vue le 28 d\u00e9cembre.<a href=\"https:\/\/universnews224.com\/wp-content\/uploads\/2025\/11\/IMG-20251122-WA0020.jpg\"><img loading=\"lazy\" class=\"alignnone size-medium wp-image-9605\" src=\"https:\/\/universnews224.com\/wp-content\/uploads\/2025\/11\/IMG-20251122-WA0020-300x169.jpg\" alt=\"\" width=\"300\" height=\"169\" srcset=\"https:\/\/universnews224.com\/wp-content\/uploads\/2025\/11\/IMG-20251122-WA0020-300x169.jpg 300w, https:\/\/universnews224.com\/wp-content\/uploads\/2025\/11\/IMG-20251122-WA0020-1024x576.jpg 1024w, https:\/\/universnews224.com\/wp-content\/uploads\/2025\/11\/IMG-20251122-WA0020-768x432.jpg 768w, https:\/\/universnews224.com\/wp-content\/uploads\/2025\/11\/IMG-20251122-WA0020-800x450.jpg 800w, https:\/\/universnews224.com\/wp-content\/uploads\/2025\/11\/IMG-20251122-WA0020.jpg 1280w\" sizes=\"(max-width: 300px) 100vw, 300px\" \/><\/a><\/p>\n<p dir=\"ltr\">\u200b\u00c0 cette occasion, le pr\u00e9sident du PUP, Elhadj Fod\u00e9 Bangoura, a rappel\u00e9 les valeurs incarn\u00e9es par le feu G\u00e9n\u00e9ral Lansana Cont\u00e9, fondateur du parti et ancien chef de l\u2019\u00c9tat guin\u00e9en. <b>Il a ensuite<\/b> demand\u00e9 \u00e0 ses militants, dans une d\u00e9claration, d&rsquo;accompagner et de voter pour <b>le<\/b> candidat Pr\u00e9sident Mamadi Doumbouya.<a href=\"https:\/\/universnews224.com\/wp-content\/uploads\/2025\/11\/IMG-20251122-WA0017.jpg\"><img loading=\"lazy\" class=\"alignnone size-medium wp-image-9606\" src=\"https:\/\/universnews224.com\/wp-content\/uploads\/2025\/11\/IMG-20251122-WA0017-300x256.jpg\" alt=\"\" width=\"300\" height=\"256\" srcset=\"https:\/\/universnews224.com\/wp-content\/uploads\/2025\/11\/IMG-20251122-WA0017-300x256.jpg 300w, https:\/\/universnews224.com\/wp-content\/uploads\/2025\/11\/IMG-20251122-WA0017-1024x873.jpg 1024w, https:\/\/universnews224.com\/wp-content\/uploads\/2025\/11\/IMG-20251122-WA0017-768x655.jpg 768w, https:\/\/universnews224.com\/wp-content\/uploads\/2025\/11\/IMG-20251122-WA0017.jpg 1180w\" sizes=\"(max-width: 300px) 100vw, 300px\" \/><\/a><\/p>\n<p dir=\"ltr\">\u200b\u00ab En ce jour historique, la grande famille du Parti de l&rsquo;Unit\u00e9 et du Progr\u00e8s se retrouve rassembl\u00e9e, unie et d\u00e9termin\u00e9e, pour exprimer haut et fort sa position, sa vision et son engagement en faveur de l&rsquo;avenir de notre ch\u00e8re nation. La direction nationale du Parti de l&rsquo;Unit\u00e9 et du Progr\u00e8s, apr\u00e8s consultation de ses structures \u00e0 la base et de l&rsquo;ensemble des responsables politiques, a d\u00e9cid\u00e9 d&rsquo;apporter son soutien \u00e0 la candidature du candidat <b>Mamadi Doumbouya<\/b>. Ce choix r\u00e9sulte d&rsquo;une analyse responsable et lucide du contexte national, des aspirations profondes de notre peuple et des d\u00e9fis majeurs auxquels notre pays reste confront\u00e9. Le Parti de l&rsquo;Unit\u00e9 et du Progr\u00e8s, fid\u00e8le \u00e0 sa tradition r\u00e9publicaine, \u00e0 sa vocation d&rsquo;unit\u00e9 nationale et \u00e0 son engagement constant pour la paix, consid\u00e8re que la stabilit\u00e9 du pays, la poursuite des r\u00e9formes et la consolidation des acquis exigent un leadership ferme, visionnaire et coh\u00e9rent \u00bb, a indiqu\u00e9 le pr\u00e9sident Fod\u00e9 Bangoura, avant d&rsquo;ajouter que la direction nationale encourage l&rsquo;ensemble de ses responsables, militants, sympathisants et alli\u00e9s \u00e0 voter massivement pour Mamadi Doumbouya afin d&rsquo;assurer la continuit\u00e9 et le progr\u00e8s.<a href=\"https:\/\/universnews224.com\/wp-content\/uploads\/2025\/11\/20251122_122934-scaled.jpg\"><img loading=\"lazy\" class=\"alignnone size-medium wp-image-9607\" src=\"https:\/\/universnews224.com\/wp-content\/uploads\/2025\/11\/20251122_122934-300x169.jpg\" alt=\"\" width=\"300\" height=\"169\" srcset=\"https:\/\/universnews224.com\/wp-content\/uploads\/2025\/11\/20251122_122934-300x169.jpg 300w, https:\/\/universnews224.com\/wp-content\/uploads\/2025\/11\/20251122_122934-1024x576.jpg 1024w, https:\/\/universnews224.com\/wp-content\/uploads\/2025\/11\/20251122_122934-768x432.jpg 768w, https:\/\/universnews224.com\/wp-content\/uploads\/2025\/11\/20251122_122934-1536x864.jpg 1536w, https:\/\/universnews224.com\/wp-content\/uploads\/2025\/11\/20251122_122934-2048x1153.jpg 2048w, https:\/\/universnews224.com\/wp-content\/uploads\/2025\/11\/20251122_122934-800x450.jpg 800w\" sizes=\"(max-width: 300px) 100vw, 300px\" \/><\/a><\/p>\n<p dir=\"ltr\">\u200b<b>Pour conclure<\/b>, il <b>a lanc\u00e9<\/b> un <b>appel<\/b> \u00e0 tous les mouvements affili\u00e9s \u00e0 se mobiliser pleinement sur le terrain, dans la discipline, la paix et le respect des valeurs d\u00e9mocratiques, pour relayer ce mot d&rsquo;ordre et garantir une victoire \u00e9clatante \u00e0 <b>leur<\/b> valeureux candidat Mamadi Doumbouya. \u00ab Le Parti de l&rsquo;Unit\u00e9 et du Progr\u00e8s reste convaincu que la participation active de ses militants contribuera \u00e0 renforcer la dynamique nationale en faveur d&rsquo;un avenir plus <b>porteur<\/b> pour la Guin\u00e9e. Ensemble, unis, nous ferons triompher la d\u00e9mocratie, la stabilit\u00e9 et le progr\u00e8s \u00bb, a-t-il conclu.<a href=\"https:\/\/universnews224.com\/wp-content\/uploads\/2025\/11\/IMG-20251122-WA0021.jpg\"><img loading=\"lazy\" class=\"alignnone size-medium wp-image-9608\" src=\"https:\/\/universnews224.com\/wp-content\/uploads\/2025\/11\/IMG-20251122-WA0021-300x237.jpg\" alt=\"\" width=\"300\" height=\"237\" srcset=\"https:\/\/universnews224.com\/wp-content\/uploads\/2025\/11\/IMG-20251122-WA0021-300x237.jpg 300w, https:\/\/universnews224.com\/wp-content\/uploads\/2025\/11\/IMG-20251122-WA0021-1024x808.jpg 1024w, https:\/\/universnews224.com\/wp-content\/uploads\/2025\/11\/IMG-20251122-WA0021-768x606.jpg 768w, https:\/\/universnews224.com\/wp-content\/uploads\/2025\/11\/IMG-20251122-WA0021.jpg 1027w\" sizes=\"(max-width: 300px) 100vw, 300px\" \/><\/a><\/p>\n<p dir=\"ltr\">\u200b<b>Alass Sylla pour universnews224.com<\/b><\/p>\n<p dir=\"ltr\"><b>T\u00e9l. : 625 480 252<\/b><\/p>\n","protected":false},"excerpt":{"rendered":"<p>Le Parti de l\u2019Unit\u00e9 et du Progr\u00e8s (PUP)\u00a0 tenu, ce samedi 22 novembre 2025, son<\/p>\n","protected":false},"author":2,"featured_media":9606,"comment_status":"closed","ping_status":"open","sticky":false,"template":"","format":"standard","meta":[],"categories":[3,4],"tags":[237],"yoast_head":"<!-- This site is optimized with the Yoast SEO plugin v19.13 - https:\/\/yoast.com\/wordpress\/plugins\/seo\/ -->\n<title>Pr\u00e9sidentielle 2025 : le PUP appelle \u00e0 la mobilisation pour le G\u00e9n\u00e9ral Pr\u00e9sident Mamadi Doumbouya - UNIVERSNEWS224<\/title>\n<meta name=\"robots\" content=\"index, follow, max-snippet:-1, max-image-preview:large, max-video-preview:-1\" \/>\n<link rel=\"canonical\" href=\"https:\/\/universnews224.com\/index.php\/presidentielle-2025-le-pup-appelle-a-la-mobilisation-pour-le-general-president-mamadi-doumbouya\/\" \/>\n<meta property=\"og:locale\" content=\"fr_FR\" \/>\n<meta property=\"og:type\" content=\"article\" \/>\n<meta property=\"og:title\" content=\"Pr\u00e9sidentielle 2025 : le PUP appelle \u00e0 la mobilisation pour le G\u00e9n\u00e9ral Pr\u00e9sident Mamadi Doumbouya - UNIVERSNEWS224\" \/>\n<meta property=\"og:description\" content=\"Le Parti de l\u2019Unit\u00e9 et du Progr\u00e8s (PUP)\u00a0 tenu, ce samedi 22 novembre 2025, son\" \/>\n<meta property=\"og:url\" content=\"https:\/\/universnews224.com\/index.php\/presidentielle-2025-le-pup-appelle-a-la-mobilisation-pour-le-general-president-mamadi-doumbouya\/\" \/>\n<meta property=\"og:site_name\" content=\"UNIVERSNEWS224\" \/>\n<meta property=\"article:published_time\" content=\"2025-11-22T15:00:59+00:00\" \/>\n<meta property=\"og:image\" content=\"https:\/\/universnews224.com\/wp-content\/uploads\/2025\/11\/IMG-20251122-WA0017.jpg\" \/>\n\t<meta property=\"og:image:width\" content=\"1180\" \/>\n\t<meta property=\"og:image:height\" content=\"1006\" \/>\n\t<meta property=\"og:image:type\" content=\"image\/jpeg\" \/>\n<meta name=\"author\" content=\"La R\u00e9daction\" \/>\n<meta name=\"twitter:label1\" content=\"\u00c9crit par\" \/>\n\t<meta name=\"twitter:data1\" content=\"La R\u00e9daction\" \/>\n\t<meta name=\"twitter:label2\" content=\"Dur\u00e9e de lecture estim\u00e9e\" \/>\n\t<meta name=\"twitter:data2\" content=\"3 minutes\" \/>\n<script type=\"application\/ld+json\" class=\"yoast-schema-graph\">{\"@context\":\"https:\/\/schema.org\",\"@graph\":[{\"@type\":\"Article\",\"@id\":\"https:\/\/universnews224.com\/index.php\/presidentielle-2025-le-pup-appelle-a-la-mobilisation-pour-le-general-president-mamadi-doumbouya\/#article\",\"isPartOf\":{\"@id\":\"https:\/\/universnews224.com\/index.php\/presidentielle-2025-le-pup-appelle-a-la-mobilisation-pour-le-general-president-mamadi-doumbouya\/\"},\"author\":{\"name\":\"La R\u00e9daction\",\"@id\":\"https:\/\/universnews224.com\/#\/schema\/person\/a4b7d4f94a4716df60456a491260485e\"},\"headline\":\"Pr\u00e9sidentielle 2025 : le PUP appelle \u00e0 la mobilisation pour le G\u00e9n\u00e9ral Pr\u00e9sident Mamadi Doumbouya\",\"datePublished\":\"2025-11-22T15:00:59+00:00\",\"dateModified\":\"2025-11-22T15:00:59+00:00\",\"mainEntityOfPage\":{\"@id\":\"https:\/\/universnews224.com\/index.php\/presidentielle-2025-le-pup-appelle-a-la-mobilisation-pour-le-general-president-mamadi-doumbouya\/\"},\"wordCount\":440,\"publisher\":{\"@id\":\"https:\/\/universnews224.com\/#organization\"},\"keywords\":[\"A la une\"],\"articleSection\":[\"ACTU\",\"POLITIQUE\"],\"inLanguage\":\"fr-FR\"},{\"@type\":\"WebPage\",\"@id\":\"https:\/\/universnews224.com\/index.php\/presidentielle-2025-le-pup-appelle-a-la-mobilisation-pour-le-general-president-mamadi-doumbouya\/\",\"url\":\"https:\/\/universnews224.com\/index.php\/presidentielle-2025-le-pup-appelle-a-la-mobilisation-pour-le-general-president-mamadi-doumbouya\/\",\"name\":\"Pr\u00e9sidentielle 2025 : le PUP appelle \u00e0 la mobilisation pour le G\u00e9n\u00e9ral Pr\u00e9sident Mamadi Doumbouya - UNIVERSNEWS224\",\"isPartOf\":{\"@id\":\"https:\/\/universnews224.com\/#website\"},\"datePublished\":\"2025-11-22T15:00:59+00:00\",\"dateModified\":\"2025-11-22T15:00:59+00:00\",\"inLanguage\":\"fr-FR\",\"potentialAction\":[{\"@type\":\"ReadAction\",\"target\":[\"https:\/\/universnews224.com\/index.php\/presidentielle-2025-le-pup-appelle-a-la-mobilisation-pour-le-general-president-mamadi-doumbouya\/\"]}]},{\"@type\":\"WebSite\",\"@id\":\"https:\/\/universnews224.com\/#website\",\"url\":\"https:\/\/universnews224.com\/\",\"name\":\"UNIVERSNEWS224\",\"description\":\"\",\"publisher\":{\"@id\":\"https:\/\/universnews224.com\/#organization\"},\"potentialAction\":[{\"@type\":\"SearchAction\",\"target\":{\"@type\":\"EntryPoint\",\"urlTemplate\":\"https:\/\/universnews224.com\/?s={search_term_string}\"},\"query-input\":\"required name=search_term_string\"}],\"inLanguage\":\"fr-FR\"},{\"@type\":\"Organization\",\"@id\":\"https:\/\/universnews224.com\/#organization\",\"name\":\"UNIVERSNEWS224\",\"url\":\"https:\/\/universnews224.com\/\",\"logo\":{\"@type\":\"ImageObject\",\"inLanguage\":\"fr-FR\",\"@id\":\"https:\/\/universnews224.com\/#\/schema\/logo\/image\/\",\"url\":\"https:\/\/universnews224.com\/wp-content\/uploads\/2022\/08\/cropped-cropped-logoban.jpg\",\"contentUrl\":\"https:\/\/universnews224.com\/wp-content\/uploads\/2022\/08\/cropped-cropped-logoban.jpg\",\"width\":1080,\"height\":138,\"caption\":\"UNIVERSNEWS224\"},\"image\":{\"@id\":\"https:\/\/universnews224.com\/#\/schema\/logo\/image\/\"}},{\"@type\":\"Person\",\"@id\":\"https:\/\/universnews224.com\/#\/schema\/person\/a4b7d4f94a4716df60456a491260485e\",\"name\":\"La R\u00e9daction\",\"image\":{\"@type\":\"ImageObject\",\"inLanguage\":\"fr-FR\",\"@id\":\"https:\/\/universnews224.com\/#\/schema\/person\/image\/\",\"url\":\"https:\/\/secure.gravatar.com\/avatar\/edb90acc7752b23e1b3307ad36c14f0d?s=96&d=mm&r=g\",\"contentUrl\":\"https:\/\/secure.gravatar.com\/avatar\/edb90acc7752b23e1b3307ad36c14f0d?s=96&d=mm&r=g\",\"caption\":\"La R\u00e9daction\"},\"sameAs\":[\"https:\/\/universnews224.com\"],\"url\":\"https:\/\/universnews224.com\/index.php\/author\/m-camara\/\"}]}<\/script>\n<!-- \/ Yoast SEO plugin. -->","yoast_head_json":{"title":"Pr\u00e9sidentielle 2025 : le PUP appelle \u00e0 la mobilisation pour le G\u00e9n\u00e9ral Pr\u00e9sident Mamadi Doumbouya - UNIVERSNEWS224","robots":{"index":"index","follow":"follow","max-snippet":"max-snippet:-1","max-image-preview":"max-image-preview:large","max-video-preview":"max-video-preview:-1"},"canonical":"https:\/\/universnews224.com\/index.php\/presidentielle-2025-le-pup-appelle-a-la-mobilisation-pour-le-general-president-mamadi-doumbouya\/","og_locale":"fr_FR","og_type":"article","og_title":"Pr\u00e9sidentielle 2025 : le PUP appelle \u00e0 la mobilisation pour le G\u00e9n\u00e9ral Pr\u00e9sident Mamadi Doumbouya - UNIVERSNEWS224","og_description":"Le Parti de l\u2019Unit\u00e9 et du Progr\u00e8s (PUP)\u00a0 tenu, ce samedi 22 novembre 2025, son","og_url":"https:\/\/universnews224.com\/index.php\/presidentielle-2025-le-pup-appelle-a-la-mobilisation-pour-le-general-president-mamadi-doumbouya\/","og_site_name":"UNIVERSNEWS224","article_published_time":"2025-11-22T15:00:59+00:00","og_image":[{"width":1180,"height":1006,"url":"https:\/\/universnews224.com\/wp-content\/uploads\/2025\/11\/IMG-20251122-WA0017.jpg","type":"image\/jpeg"}],"author":"La R\u00e9daction","twitter_misc":{"\u00c9crit par":"La R\u00e9daction","Dur\u00e9e de lecture estim\u00e9e":"3 minutes"},"schema":{"@context":"https:\/\/schema.org","@graph":[{"@type":"Article","@id":"https:\/\/universnews224.com\/index.php\/presidentielle-2025-le-pup-appelle-a-la-mobilisation-pour-le-general-president-mamadi-doumbouya\/#article","isPartOf":{"@id":"https:\/\/universnews224.com\/index.php\/presidentielle-2025-le-pup-appelle-a-la-mobilisation-pour-le-general-president-mamadi-doumbouya\/"},"author":{"name":"La R\u00e9daction","@id":"https:\/\/universnews224.com\/#\/schema\/person\/a4b7d4f94a4716df60456a491260485e"},"headline":"Pr\u00e9sidentielle 2025 : le PUP appelle \u00e0 la mobilisation pour le G\u00e9n\u00e9ral Pr\u00e9sident Mamadi Doumbouya","datePublished":"2025-11-22T15:00:59+00:00","dateModified":"2025-11-22T15:00:59+00:00","mainEntityOfPage":{"@id":"https:\/\/universnews224.com\/index.php\/presidentielle-2025-le-pup-appelle-a-la-mobilisation-pour-le-general-president-mamadi-doumbouya\/"},"wordCount":440,"publisher":{"@id":"https:\/\/universnews224.com\/#organization"},"keywords":["A la une"],"articleSection":["ACTU","POLITIQUE"],"inLanguage":"fr-FR"},{"@type":"WebPage","@id":"https:\/\/universnews224.com\/index.php\/presidentielle-2025-le-pup-appelle-a-la-mobilisation-pour-le-general-president-mamadi-doumbouya\/","url":"https:\/\/universnews224.com\/index.php\/presidentielle-2025-le-pup-appelle-a-la-mobilisation-pour-le-general-president-mamadi-doumbouya\/","name":"Pr\u00e9sidentielle 2025 : le PUP appelle \u00e0 la mobilisation pour le G\u00e9n\u00e9ral Pr\u00e9sident Mamadi Doumbouya - UNIVERSNEWS224","isPartOf":{"@id":"https:\/\/universnews224.com\/#website"},"datePublished":"2025-11-22T15:00:59+00:00","dateModified":"2025-11-22T15:00:59+00:00","inLanguage":"fr-FR","potentialAction":[{"@type":"ReadAction","target":["https:\/\/universnews224.com\/index.php\/presidentielle-2025-le-pup-appelle-a-la-mobilisation-pour-le-general-president-mamadi-doumbouya\/"]}]},{"@type":"WebSite","@id":"https:\/\/universnews224.com\/#website","url":"https:\/\/universnews224.com\/","name":"UNIVERSNEWS224","description":"","publisher":{"@id":"https:\/\/universnews224.com\/#organization"},"potentialAction":[{"@type":"SearchAction","target":{"@type":"EntryPoint","urlTemplate":"https:\/\/universnews224.com\/?s={search_term_string}"},"query-input":"required name=search_term_string"}],"inLanguage":"fr-FR"},{"@type":"Organization","@id":"https:\/\/universnews224.com\/#organization","name":"UNIVERSNEWS224","url":"https:\/\/universnews224.com\/","logo":{"@type":"ImageObject","inLanguage":"fr-FR","@id":"https:\/\/universnews224.com\/#\/schema\/logo\/image\/","url":"https:\/\/universnews224.com\/wp-content\/uploads\/2022\/08\/cropped-cropped-logoban.jpg","contentUrl":"https:\/\/universnews224.com\/wp-content\/uploads\/2022\/08\/cropped-cropped-logoban.jpg","width":1080,"height":138,"caption":"UNIVERSNEWS224"},"image":{"@id":"https:\/\/universnews224.com\/#\/schema\/logo\/image\/"}},{"@type":"Person","@id":"https:\/\/universnews224.com\/#\/schema\/person\/a4b7d4f94a4716df60456a491260485e","name":"La R\u00e9daction","image":{"@type":"ImageObject","inLanguage":"fr-FR","@id":"https:\/\/universnews224.com\/#\/schema\/person\/image\/","url":"https:\/\/secure.gravatar.com\/avatar\/edb90acc7752b23e1b3307ad36c14f0d?s=96&d=mm&r=g","contentUrl":"https:\/\/secure.gravatar.com\/avatar\/edb90acc7752b23e1b3307ad36c14f0d?s=96&d=mm&r=g","caption":"La R\u00e9daction"},"sameAs":["https:\/\/universnews224.com"],"url":"https:\/\/universnews224.com\/index.php\/author\/m-camara\/"}]}},"_links":{"self":[{"href":"https:\/\/universnews224.com\/index.php\/wp-json\/wp\/v2\/posts\/9604"}],"collection":[{"href":"https:\/\/universnews224.com\/index.php\/wp-json\/wp\/v2\/posts"}],"about":[{"href":"https:\/\/universnews224.com\/index.php\/wp-json\/wp\/v2\/types\/post"}],"author":[{"embeddable":true,"href":"https:\/\/universnews224.com\/index.php\/wp-json\/wp\/v2\/users\/2"}],"replies":[{"embeddable":true,"href":"https:\/\/universnews224.com\/index.php\/wp-json\/wp\/v2\/comments?post=9604"}],"version-history":[{"count":1,"href":"https:\/\/universnews224.com\/index.php\/wp-json\/wp\/v2\/posts\/9604\/revisions"}],"predecessor-version":[{"id":9609,"href":"https:\/\/universnews224.com\/index.php\/wp-json\/wp\/v2\/posts\/9604\/revisions\/9609"}],"wp:featuredmedia":[{"embeddable":true,"href":"https:\/\/universnews224.com\/index.php\/wp-json\/wp\/v2\/media\/9606"}],"wp:attachment":[{"href":"https:\/\/universnews224.com\/index.php\/wp-json\/wp\/v2\/media?parent=9604"}],"wp:term":[{"taxonomy":"category","embeddable":true,"href":"https:\/\/universnews224.com\/index.php\/wp-json\/wp\/v2\/categories?post=9604"},{"taxonomy":"post_tag","embeddable":true,"href":"https:\/\/universnews224.com\/index.php\/wp-json\/wp\/v2\/tags?post=9604"}],"curies":[{"name":"wp","href":"https:\/\/api.w.org\/{rel}","templated":true}]}}