{"id":9630,"date":"2025-11-26T17:19:04","date_gmt":"2025-11-26T16:19:04","guid":{"rendered":"https:\/\/universnews224.com\/?p=9630"},"modified":"2025-11-26T17:19:04","modified_gmt":"2025-11-26T16:19:04","slug":"guinee-bissau-des-tirs-entendus-pres-du-palais-presidentiel-embalo-arrete-medias","status":"publish","type":"post","link":"https:\/\/universnews224.com\/index.php\/guinee-bissau-des-tirs-entendus-pres-du-palais-presidentiel-embalo-arrete-medias\/","title":{"rendered":"Guin\u00e9e-Bissau: des tirs entendus pr\u00e8s du palais pr\u00e9sidentiel, Embalo arr\u00eat\u00e9 (m\u00e9dias)"},"content":{"rendered":"<p>Des tirs ont \u00e9t\u00e9 entendus, mercredi 26 novembre 2025, en milieu de journ\u00e9e pr\u00e8s du palais pr\u00e9sidentiel de Guin\u00e9e-Bissau, aux abords duquel des passants fuyaient pour se mettre \u00e0 l\u2019abri, ont constat\u00e9 des journalistes de l\u2019AFP, alors que le pays attend les r\u00e9sultats des \u00e9lections pr\u00e9sidentielle et l\u00e9gislatives organis\u00e9es dimanche 23 novembre. Ces tirs ont pour le moment cess\u00e9.<\/p>\n<p>Il y a un peu plus d\u2019une heure, nos confr\u00e8res de Jeune Afrique annoncent sur leur site que Umaru Sissoco Embalo, les a lui-m\u00eame contact\u00e9s. Le pr\u00e9sident sortant de la Guin\u00e9e-Bissau explique avoir \u00e9t\u00e9 arr\u00eat\u00e9 dans son bureau du palais pr\u00e9sidentiel, vers midi (TU).<\/p>\n<p>Il affirme que son ministre de l\u2019Int\u00e9rieur, Botch\u00e9 Cand\u00e9, a \u00e9galement \u00e9t\u00e9 mis aux arr\u00eats, ainsi que les plus hauts responsables militaires : le chef d\u2019\u00e9tat-major g\u00e9n\u00e9ral des arm\u00e9es et son adjoint, les g\u00e9n\u00e9raux Biague Na Ntan et Mamadou Tour\u00e9.<\/p>\n<div class=\"jeg_ad jeg_ad_article jnews_content_inline_3_ads  \">\n<div class=\"ads-wrapper align-center \"><\/div>\n<\/div>\n<p>Toujours selon Jeune Afrique, le pr\u00e9sident Embalo assure ne pas avoir subi de violence et accuse le chef d\u2019\u00e9tat-major de l\u2019arm\u00e9e de Terre d\u2019\u00eatre l\u2019auteur du coup d\u2019\u00c9tat.<\/p>\n<p>De leur c\u00f4t\u00e9, RFI et l\u2019AFP confirment que des tirs nourris ont \u00e9t\u00e9 entendus ce matin dans la capitale, aux abords de la pr\u00e9sidence et de la Commission \u00e9lectorale.<\/p>\n<p>La situation est d\u00e9sormais calme, et de nombreux \u00e9l\u00e9ments de la Garde pr\u00e9sidentielle occupent les voies strat\u00e9giques menant au palais.<\/p>\n<p>Mais le pr\u00e9sident Embalo reste introuvable.<\/p>\n<p>Ces \u00e9v\u00e9nements surviennent apr\u00e8s les \u00e9lections pr\u00e9sidentielle et l\u00e9gislatives de dimanche 23 novembre, o\u00f9 le pr\u00e9sident sortant \u00e9tait donn\u00e9 favori.<\/p>\n<p>Alors que les r\u00e9sultats officiels sont attendus demain, jeudi 27 novembre, Embalo et son concurrent Fernando Dias da Costa ont, d\u00e8s hier, tous deux revendiqu\u00e9 la victoire !<\/p>\n<p>La pr\u00e9c\u00e9dente pr\u00e9sidentielle, en 2019, avait d\u00e9bouch\u00e9 sur plusieurs mois de crise post-\u00e9lectorale, M. Embalo et son adversaire M. Pereira revendiquant tous deux la victoire.<\/p>\n<p>Avec Rfi.<\/p>\n","protected":false},"excerpt":{"rendered":"<p>Des tirs ont \u00e9t\u00e9 entendus, mercredi 26 novembre 2025, en milieu de journ\u00e9e pr\u00e8s du<\/p>\n","protected":false},"author":2,"featured_media":9631,"comment_status":"closed","ping_status":"open","sticky":false,"template":"","format":"standard","meta":[],"categories":[3,4],"tags":[237],"yoast_head":"<!-- This site is optimized with the Yoast SEO plugin v19.13 - https:\/\/yoast.com\/wordpress\/plugins\/seo\/ -->\n<title>Guin\u00e9e-Bissau: des tirs entendus pr\u00e8s du palais pr\u00e9sidentiel, Embalo arr\u00eat\u00e9 (m\u00e9dias) - UNIVERSNEWS224<\/title>\n<meta name=\"robots\" content=\"index, follow, max-snippet:-1, max-image-preview:large, max-video-preview:-1\" \/>\n<link rel=\"canonical\" href=\"https:\/\/universnews224.com\/index.php\/guinee-bissau-des-tirs-entendus-pres-du-palais-presidentiel-embalo-arrete-medias\/\" \/>\n<meta property=\"og:locale\" content=\"fr_FR\" \/>\n<meta property=\"og:type\" content=\"article\" \/>\n<meta property=\"og:title\" content=\"Guin\u00e9e-Bissau: des tirs entendus pr\u00e8s du palais pr\u00e9sidentiel, Embalo arr\u00eat\u00e9 (m\u00e9dias) - UNIVERSNEWS224\" \/>\n<meta property=\"og:description\" content=\"Des tirs ont \u00e9t\u00e9 entendus, mercredi 26 novembre 2025, en milieu de journ\u00e9e pr\u00e8s du\" \/>\n<meta property=\"og:url\" content=\"https:\/\/universnews224.com\/index.php\/guinee-bissau-des-tirs-entendus-pres-du-palais-presidentiel-embalo-arrete-medias\/\" \/>\n<meta property=\"og:site_name\" content=\"UNIVERSNEWS224\" \/>\n<meta property=\"article:published_time\" content=\"2025-11-26T16:19:04+00:00\" \/>\n<meta property=\"og:image\" content=\"https:\/\/universnews224.com\/wp-content\/uploads\/2025\/11\/a4e2c8cd-e6d9-4b5c-abe4-a7bf7d99665a_w408_r1_s.jpg\" \/>\n\t<meta property=\"og:image:width\" content=\"408\" \/>\n\t<meta property=\"og:image:height\" content=\"230\" \/>\n\t<meta property=\"og:image:type\" content=\"image\/jpeg\" \/>\n<meta name=\"author\" content=\"La R\u00e9daction\" \/>\n<meta name=\"twitter:label1\" content=\"\u00c9crit par\" \/>\n\t<meta name=\"twitter:data1\" content=\"La R\u00e9daction\" \/>\n\t<meta name=\"twitter:label2\" content=\"Dur\u00e9e de lecture estim\u00e9e\" \/>\n\t<meta name=\"twitter:data2\" content=\"2 minutes\" \/>\n<script type=\"application\/ld+json\" class=\"yoast-schema-graph\">{\"@context\":\"https:\/\/schema.org\",\"@graph\":[{\"@type\":\"Article\",\"@id\":\"https:\/\/universnews224.com\/index.php\/guinee-bissau-des-tirs-entendus-pres-du-palais-presidentiel-embalo-arrete-medias\/#article\",\"isPartOf\":{\"@id\":\"https:\/\/universnews224.com\/index.php\/guinee-bissau-des-tirs-entendus-pres-du-palais-presidentiel-embalo-arrete-medias\/\"},\"author\":{\"name\":\"La R\u00e9daction\",\"@id\":\"https:\/\/universnews224.com\/#\/schema\/person\/a4b7d4f94a4716df60456a491260485e\"},\"headline\":\"Guin\u00e9e-Bissau: des tirs entendus pr\u00e8s du palais pr\u00e9sidentiel, Embalo arr\u00eat\u00e9 (m\u00e9dias)\",\"datePublished\":\"2025-11-26T16:19:04+00:00\",\"dateModified\":\"2025-11-26T16:19:04+00:00\",\"mainEntityOfPage\":{\"@id\":\"https:\/\/universnews224.com\/index.php\/guinee-bissau-des-tirs-entendus-pres-du-palais-presidentiel-embalo-arrete-medias\/\"},\"wordCount\":362,\"publisher\":{\"@id\":\"https:\/\/universnews224.com\/#organization\"},\"keywords\":[\"A la une\"],\"articleSection\":[\"ACTU\",\"POLITIQUE\"],\"inLanguage\":\"fr-FR\"},{\"@type\":\"WebPage\",\"@id\":\"https:\/\/universnews224.com\/index.php\/guinee-bissau-des-tirs-entendus-pres-du-palais-presidentiel-embalo-arrete-medias\/\",\"url\":\"https:\/\/universnews224.com\/index.php\/guinee-bissau-des-tirs-entendus-pres-du-palais-presidentiel-embalo-arrete-medias\/\",\"name\":\"Guin\u00e9e-Bissau: des tirs entendus pr\u00e8s du palais pr\u00e9sidentiel, Embalo arr\u00eat\u00e9 (m\u00e9dias) - UNIVERSNEWS224\",\"isPartOf\":{\"@id\":\"https:\/\/universnews224.com\/#website\"},\"datePublished\":\"2025-11-26T16:19:04+00:00\",\"dateModified\":\"2025-11-26T16:19:04+00:00\",\"inLanguage\":\"fr-FR\",\"potentialAction\":[{\"@type\":\"ReadAction\",\"target\":[\"https:\/\/universnews224.com\/index.php\/guinee-bissau-des-tirs-entendus-pres-du-palais-presidentiel-embalo-arrete-medias\/\"]}]},{\"@type\":\"WebSite\",\"@id\":\"https:\/\/universnews224.com\/#website\",\"url\":\"https:\/\/universnews224.com\/\",\"name\":\"UNIVERSNEWS224\",\"description\":\"\",\"publisher\":{\"@id\":\"https:\/\/universnews224.com\/#organization\"},\"potentialAction\":[{\"@type\":\"SearchAction\",\"target\":{\"@type\":\"EntryPoint\",\"urlTemplate\":\"https:\/\/universnews224.com\/?s={search_term_string}\"},\"query-input\":\"required name=search_term_string\"}],\"inLanguage\":\"fr-FR\"},{\"@type\":\"Organization\",\"@id\":\"https:\/\/universnews224.com\/#organization\",\"name\":\"UNIVERSNEWS224\",\"url\":\"https:\/\/universnews224.com\/\",\"logo\":{\"@type\":\"ImageObject\",\"inLanguage\":\"fr-FR\",\"@id\":\"https:\/\/universnews224.com\/#\/schema\/logo\/image\/\",\"url\":\"https:\/\/universnews224.com\/wp-content\/uploads\/2022\/08\/cropped-cropped-logoban.jpg\",\"contentUrl\":\"https:\/\/universnews224.com\/wp-content\/uploads\/2022\/08\/cropped-cropped-logoban.jpg\",\"width\":1080,\"height\":138,\"caption\":\"UNIVERSNEWS224\"},\"image\":{\"@id\":\"https:\/\/universnews224.com\/#\/schema\/logo\/image\/\"}},{\"@type\":\"Person\",\"@id\":\"https:\/\/universnews224.com\/#\/schema\/person\/a4b7d4f94a4716df60456a491260485e\",\"name\":\"La R\u00e9daction\",\"image\":{\"@type\":\"ImageObject\",\"inLanguage\":\"fr-FR\",\"@id\":\"https:\/\/universnews224.com\/#\/schema\/person\/image\/\",\"url\":\"https:\/\/secure.gravatar.com\/avatar\/edb90acc7752b23e1b3307ad36c14f0d?s=96&d=mm&r=g\",\"contentUrl\":\"https:\/\/secure.gravatar.com\/avatar\/edb90acc7752b23e1b3307ad36c14f0d?s=96&d=mm&r=g\",\"caption\":\"La R\u00e9daction\"},\"sameAs\":[\"https:\/\/universnews224.com\"],\"url\":\"https:\/\/universnews224.com\/index.php\/author\/m-camara\/\"}]}<\/script>\n<!-- \/ Yoast SEO plugin. -->","yoast_head_json":{"title":"Guin\u00e9e-Bissau: des tirs entendus pr\u00e8s du palais pr\u00e9sidentiel, Embalo arr\u00eat\u00e9 (m\u00e9dias) - UNIVERSNEWS224","robots":{"index":"index","follow":"follow","max-snippet":"max-snippet:-1","max-image-preview":"max-image-preview:large","max-video-preview":"max-video-preview:-1"},"canonical":"https:\/\/universnews224.com\/index.php\/guinee-bissau-des-tirs-entendus-pres-du-palais-presidentiel-embalo-arrete-medias\/","og_locale":"fr_FR","og_type":"article","og_title":"Guin\u00e9e-Bissau: des tirs entendus pr\u00e8s du palais pr\u00e9sidentiel, Embalo arr\u00eat\u00e9 (m\u00e9dias) - UNIVERSNEWS224","og_description":"Des tirs ont \u00e9t\u00e9 entendus, mercredi 26 novembre 2025, en milieu de journ\u00e9e pr\u00e8s du","og_url":"https:\/\/universnews224.com\/index.php\/guinee-bissau-des-tirs-entendus-pres-du-palais-presidentiel-embalo-arrete-medias\/","og_site_name":"UNIVERSNEWS224","article_published_time":"2025-11-26T16:19:04+00:00","og_image":[{"width":408,"height":230,"url":"https:\/\/universnews224.com\/wp-content\/uploads\/2025\/11\/a4e2c8cd-e6d9-4b5c-abe4-a7bf7d99665a_w408_r1_s.jpg","type":"image\/jpeg"}],"author":"La R\u00e9daction","twitter_misc":{"\u00c9crit par":"La R\u00e9daction","Dur\u00e9e de lecture estim\u00e9e":"2 minutes"},"schema":{"@context":"https:\/\/schema.org","@graph":[{"@type":"Article","@id":"https:\/\/universnews224.com\/index.php\/guinee-bissau-des-tirs-entendus-pres-du-palais-presidentiel-embalo-arrete-medias\/#article","isPartOf":{"@id":"https:\/\/universnews224.com\/index.php\/guinee-bissau-des-tirs-entendus-pres-du-palais-presidentiel-embalo-arrete-medias\/"},"author":{"name":"La R\u00e9daction","@id":"https:\/\/universnews224.com\/#\/schema\/person\/a4b7d4f94a4716df60456a491260485e"},"headline":"Guin\u00e9e-Bissau: des tirs entendus pr\u00e8s du palais pr\u00e9sidentiel, Embalo arr\u00eat\u00e9 (m\u00e9dias)","datePublished":"2025-11-26T16:19:04+00:00","dateModified":"2025-11-26T16:19:04+00:00","mainEntityOfPage":{"@id":"https:\/\/universnews224.com\/index.php\/guinee-bissau-des-tirs-entendus-pres-du-palais-presidentiel-embalo-arrete-medias\/"},"wordCount":362,"publisher":{"@id":"https:\/\/universnews224.com\/#organization"},"keywords":["A la une"],"articleSection":["ACTU","POLITIQUE"],"inLanguage":"fr-FR"},{"@type":"WebPage","@id":"https:\/\/universnews224.com\/index.php\/guinee-bissau-des-tirs-entendus-pres-du-palais-presidentiel-embalo-arrete-medias\/","url":"https:\/\/universnews224.com\/index.php\/guinee-bissau-des-tirs-entendus-pres-du-palais-presidentiel-embalo-arrete-medias\/","name":"Guin\u00e9e-Bissau: des tirs entendus pr\u00e8s du palais pr\u00e9sidentiel, Embalo arr\u00eat\u00e9 (m\u00e9dias) - UNIVERSNEWS224","isPartOf":{"@id":"https:\/\/universnews224.com\/#website"},"datePublished":"2025-11-26T16:19:04+00:00","dateModified":"2025-11-26T16:19:04+00:00","inLanguage":"fr-FR","potentialAction":[{"@type":"ReadAction","target":["https:\/\/universnews224.com\/index.php\/guinee-bissau-des-tirs-entendus-pres-du-palais-presidentiel-embalo-arrete-medias\/"]}]},{"@type":"WebSite","@id":"https:\/\/universnews224.com\/#website","url":"https:\/\/universnews224.com\/","name":"UNIVERSNEWS224","description":"","publisher":{"@id":"https:\/\/universnews224.com\/#organization"},"potentialAction":[{"@type":"SearchAction","target":{"@type":"EntryPoint","urlTemplate":"https:\/\/universnews224.com\/?s={search_term_string}"},"query-input":"required name=search_term_string"}],"inLanguage":"fr-FR"},{"@type":"Organization","@id":"https:\/\/universnews224.com\/#organization","name":"UNIVERSNEWS224","url":"https:\/\/universnews224.com\/","logo":{"@type":"ImageObject","inLanguage":"fr-FR","@id":"https:\/\/universnews224.com\/#\/schema\/logo\/image\/","url":"https:\/\/universnews224.com\/wp-content\/uploads\/2022\/08\/cropped-cropped-logoban.jpg","contentUrl":"https:\/\/universnews224.com\/wp-content\/uploads\/2022\/08\/cropped-cropped-logoban.jpg","width":1080,"height":138,"caption":"UNIVERSNEWS224"},"image":{"@id":"https:\/\/universnews224.com\/#\/schema\/logo\/image\/"}},{"@type":"Person","@id":"https:\/\/universnews224.com\/#\/schema\/person\/a4b7d4f94a4716df60456a491260485e","name":"La R\u00e9daction","image":{"@type":"ImageObject","inLanguage":"fr-FR","@id":"https:\/\/universnews224.com\/#\/schema\/person\/image\/","url":"https:\/\/secure.gravatar.com\/avatar\/edb90acc7752b23e1b3307ad36c14f0d?s=96&d=mm&r=g","contentUrl":"https:\/\/secure.gravatar.com\/avatar\/edb90acc7752b23e1b3307ad36c14f0d?s=96&d=mm&r=g","caption":"La R\u00e9daction"},"sameAs":["https:\/\/universnews224.com"],"url":"https:\/\/universnews224.com\/index.php\/author\/m-camara\/"}]}},"_links":{"self":[{"href":"https:\/\/universnews224.com\/index.php\/wp-json\/wp\/v2\/posts\/9630"}],"collection":[{"href":"https:\/\/universnews224.com\/index.php\/wp-json\/wp\/v2\/posts"}],"about":[{"href":"https:\/\/universnews224.com\/index.php\/wp-json\/wp\/v2\/types\/post"}],"author":[{"embeddable":true,"href":"https:\/\/universnews224.com\/index.php\/wp-json\/wp\/v2\/users\/2"}],"replies":[{"embeddable":true,"href":"https:\/\/universnews224.com\/index.php\/wp-json\/wp\/v2\/comments?post=9630"}],"version-history":[{"count":1,"href":"https:\/\/universnews224.com\/index.php\/wp-json\/wp\/v2\/posts\/9630\/revisions"}],"predecessor-version":[{"id":9632,"href":"https:\/\/universnews224.com\/index.php\/wp-json\/wp\/v2\/posts\/9630\/revisions\/9632"}],"wp:featuredmedia":[{"embeddable":true,"href":"https:\/\/universnews224.com\/index.php\/wp-json\/wp\/v2\/media\/9631"}],"wp:attachment":[{"href":"https:\/\/universnews224.com\/index.php\/wp-json\/wp\/v2\/media?parent=9630"}],"wp:term":[{"taxonomy":"category","embeddable":true,"href":"https:\/\/universnews224.com\/index.php\/wp-json\/wp\/v2\/categories?post=9630"},{"taxonomy":"post_tag","embeddable":true,"href":"https:\/\/universnews224.com\/index.php\/wp-json\/wp\/v2\/tags?post=9630"}],"curies":[{"name":"wp","href":"https:\/\/api.w.org\/{rel}","templated":true}]}}