{"id":9637,"date":"2025-11-27T13:53:15","date_gmt":"2025-11-27T12:53:15","guid":{"rendered":"https:\/\/universnews224.com\/?p=9637"},"modified":"2025-11-27T13:53:15","modified_gmt":"2025-11-27T12:53:15","slug":"guinee-bissau-le-general-horta-ntam-investi-president-de-la-transition-pour-un-an","status":"publish","type":"post","link":"https:\/\/universnews224.com\/index.php\/guinee-bissau-le-general-horta-ntam-investi-president-de-la-transition-pour-un-an\/","title":{"rendered":"Guin\u00e9e-Bissau: le g\u00e9n\u00e9ral Horta N&rsquo;Tam investi \u00abpr\u00e9sident de la transition\u00bb pour un an"},"content":{"rendered":"<p>Celui qui \u00e9tait jusqu&rsquo;ici chef d&rsquo;\u00e9tat-major de l&rsquo;arm\u00e9e de terre a \u00e9t\u00e9 investi, ce jeudi 27 novembre, pr\u00e9sident de la transition et du Haut commandement militaire pour diriger la Guin\u00e9e-Bissau pendant un an, ont annonc\u00e9 au cours d&rsquo;une conf\u00e9rence de presse \u00e0 Bissau les militaires qui disaient avoir pris le contr\u00f4le total du pays la veille.<\/p>\n<div dir=\"auto\">\n<div dir=\"auto\"><\/div>\n<div dir=\"auto\">\u00a0\u00abJe viens d&rsquo;\u00eatre investi pour assurer la direction du Haut commandement \u00bb, a d\u00e9clar\u00e9 le g\u00e9n\u00e9ral Horta N&rsquo;Tam, apr\u00e8s avoir pr\u00eat\u00e9 serment lors d&rsquo;une c\u00e9r\u00e9monie au si\u00e8ge de l&rsquo;\u00e9tat-major, o\u00f9 la s\u00e9curit\u00e9 a \u00e9t\u00e9 fortement renforc\u00e9e. Des dizaines de militaires lourdement arm\u00e9s ont \u00e9t\u00e9 d\u00e9ploy\u00e9s sur place.<\/div>\n<div dir=\"auto\"><\/div>\n<div dir=\"auto\">La c\u00e9r\u00e9monie, sobre, sans hymne national, devant les cadres de l\u2019arm\u00e9e, s\u2019est d\u00e9roul\u00e9e dans une salle de conf\u00e9rence au sein de l\u2019\u00e9tat-major, le nouveau c\u0153ur du pouvoir qui est situ\u00e9 pr\u00e8s du port de la capitale Bissau. Et les trois corps de l&rsquo;arm\u00e9e \u2013 l&rsquo;arm\u00e9e de terre, l&rsquo;arm\u00e9e de l&rsquo;air et la Marine nationale \u2013 ont donc proclam\u00e9 \u00ab l&rsquo;installation officielle \u00bb du g\u00e9n\u00e9ral Horta N\u2019Tam pour une transition politique qui doit durer 12 mois.<\/div>\n<div dir=\"auto\"><\/div>\n<div dir=\"auto\">Dans une allocution d\u2019une dizaine de minutes, le militaire a justifi\u00e9 la prise du pouvoir, \u00e9voqu\u00e9 un \u00ab effort commun \u00bb et indiqu\u00e9 que l\u2019arm\u00e9e a pris ses responsabilit\u00e9s face \u00e0 une menace de d\u00e9stabilisation du pays men\u00e9e par des narcotrafiquants. Les militaires viennent \u00e9galement d&rsquo;annoncer la r\u00e9ouverture des fronti\u00e8res. La capitale reste silencieuse et quadrill\u00e9e par les forces de l&rsquo;ordre, alors que le principal parti d&rsquo;opposition, le PAIGC, a appel\u00e9 \u00e0 un rassemblement devant le minist\u00e8re de l&rsquo;Int\u00e9rieur.<\/div>\n<div dir=\"auto\"><\/div>\n<div dir=\"auto\"><\/div>\n<div dir=\"auto\">Les militaires qui ont pris le contr\u00f4le de la Guin\u00e9e-Bissau ont interdit aux m\u00e9dias \u2013 notamment aux radios qui sont tr\u00e8s \u00e9cout\u00e9es \u2013 de diffuser des commentaires politiques et des reportages sur la situation. Pour la C\u00e9d\u00e9ao, ce \u00ab coup d&rsquo;\u00c9tat \u00bb militaire constitue \u00ab une grave violation de l&rsquo;ordre constitutionnel \u00bb et est \u00ab une menace directe pour la stabilit\u00e9 du pays et de la r\u00e9gion \u00bb.<\/div>\n<div dir=\"auto\"><\/div>\n<div dir=\"auto\">Plus d&rsquo;informations \u00e0 suivre&#8230;<\/div>\n<div dir=\"auto\"><\/div>\n<div dir=\"auto\">RFI<\/div>\n<\/div>\n","protected":false},"excerpt":{"rendered":"<p>Celui qui \u00e9tait jusqu&rsquo;ici chef d&rsquo;\u00e9tat-major de l&rsquo;arm\u00e9e de terre a \u00e9t\u00e9 investi, ce jeudi<\/p>\n","protected":false},"author":2,"featured_media":9638,"comment_status":"closed","ping_status":"open","sticky":false,"template":"","format":"standard","meta":[],"categories":[3,4],"tags":[237],"yoast_head":"<!-- This site is optimized with the Yoast SEO plugin v19.13 - https:\/\/yoast.com\/wordpress\/plugins\/seo\/ -->\n<title>Guin\u00e9e-Bissau: le g\u00e9n\u00e9ral Horta N&#039;Tam investi \u00abpr\u00e9sident de la transition\u00bb pour un an - UNIVERSNEWS224<\/title>\n<meta name=\"robots\" content=\"index, follow, max-snippet:-1, max-image-preview:large, max-video-preview:-1\" \/>\n<link rel=\"canonical\" href=\"https:\/\/universnews224.com\/index.php\/guinee-bissau-le-general-horta-ntam-investi-president-de-la-transition-pour-un-an\/\" \/>\n<meta property=\"og:locale\" content=\"fr_FR\" \/>\n<meta property=\"og:type\" content=\"article\" \/>\n<meta property=\"og:title\" content=\"Guin\u00e9e-Bissau: le g\u00e9n\u00e9ral Horta N&#039;Tam investi \u00abpr\u00e9sident de la transition\u00bb pour un an - UNIVERSNEWS224\" \/>\n<meta property=\"og:description\" content=\"Celui qui \u00e9tait jusqu&rsquo;ici chef d&rsquo;\u00e9tat-major de l&rsquo;arm\u00e9e de terre a \u00e9t\u00e9 investi, ce jeudi\" \/>\n<meta property=\"og:url\" content=\"https:\/\/universnews224.com\/index.php\/guinee-bissau-le-general-horta-ntam-investi-president-de-la-transition-pour-un-an\/\" \/>\n<meta property=\"og:site_name\" content=\"UNIVERSNEWS224\" \/>\n<meta property=\"article:published_time\" content=\"2025-11-27T12:53:15+00:00\" \/>\n<meta property=\"og:image\" content=\"https:\/\/universnews224.com\/wp-content\/uploads\/2025\/11\/IMG_3820.jpeg\" \/>\n\t<meta property=\"og:image:width\" content=\"1290\" \/>\n\t<meta property=\"og:image:height\" content=\"709\" \/>\n\t<meta property=\"og:image:type\" content=\"image\/jpeg\" \/>\n<meta name=\"author\" content=\"La R\u00e9daction\" \/>\n<meta name=\"twitter:label1\" content=\"\u00c9crit par\" \/>\n\t<meta name=\"twitter:data1\" content=\"La R\u00e9daction\" \/>\n\t<meta name=\"twitter:label2\" content=\"Dur\u00e9e de lecture estim\u00e9e\" \/>\n\t<meta name=\"twitter:data2\" content=\"2 minutes\" \/>\n<script type=\"application\/ld+json\" class=\"yoast-schema-graph\">{\"@context\":\"https:\/\/schema.org\",\"@graph\":[{\"@type\":\"Article\",\"@id\":\"https:\/\/universnews224.com\/index.php\/guinee-bissau-le-general-horta-ntam-investi-president-de-la-transition-pour-un-an\/#article\",\"isPartOf\":{\"@id\":\"https:\/\/universnews224.com\/index.php\/guinee-bissau-le-general-horta-ntam-investi-president-de-la-transition-pour-un-an\/\"},\"author\":{\"name\":\"La R\u00e9daction\",\"@id\":\"https:\/\/universnews224.com\/#\/schema\/person\/a4b7d4f94a4716df60456a491260485e\"},\"headline\":\"Guin\u00e9e-Bissau: le g\u00e9n\u00e9ral Horta N&rsquo;Tam investi \u00abpr\u00e9sident de la transition\u00bb pour un an\",\"datePublished\":\"2025-11-27T12:53:15+00:00\",\"dateModified\":\"2025-11-27T12:53:15+00:00\",\"mainEntityOfPage\":{\"@id\":\"https:\/\/universnews224.com\/index.php\/guinee-bissau-le-general-horta-ntam-investi-president-de-la-transition-pour-un-an\/\"},\"wordCount\":384,\"publisher\":{\"@id\":\"https:\/\/universnews224.com\/#organization\"},\"keywords\":[\"A la une\"],\"articleSection\":[\"ACTU\",\"POLITIQUE\"],\"inLanguage\":\"fr-FR\"},{\"@type\":\"WebPage\",\"@id\":\"https:\/\/universnews224.com\/index.php\/guinee-bissau-le-general-horta-ntam-investi-president-de-la-transition-pour-un-an\/\",\"url\":\"https:\/\/universnews224.com\/index.php\/guinee-bissau-le-general-horta-ntam-investi-president-de-la-transition-pour-un-an\/\",\"name\":\"Guin\u00e9e-Bissau: le g\u00e9n\u00e9ral Horta N'Tam investi \u00abpr\u00e9sident de la transition\u00bb pour un an - UNIVERSNEWS224\",\"isPartOf\":{\"@id\":\"https:\/\/universnews224.com\/#website\"},\"datePublished\":\"2025-11-27T12:53:15+00:00\",\"dateModified\":\"2025-11-27T12:53:15+00:00\",\"inLanguage\":\"fr-FR\",\"potentialAction\":[{\"@type\":\"ReadAction\",\"target\":[\"https:\/\/universnews224.com\/index.php\/guinee-bissau-le-general-horta-ntam-investi-president-de-la-transition-pour-un-an\/\"]}]},{\"@type\":\"WebSite\",\"@id\":\"https:\/\/universnews224.com\/#website\",\"url\":\"https:\/\/universnews224.com\/\",\"name\":\"UNIVERSNEWS224\",\"description\":\"\",\"publisher\":{\"@id\":\"https:\/\/universnews224.com\/#organization\"},\"potentialAction\":[{\"@type\":\"SearchAction\",\"target\":{\"@type\":\"EntryPoint\",\"urlTemplate\":\"https:\/\/universnews224.com\/?s={search_term_string}\"},\"query-input\":\"required name=search_term_string\"}],\"inLanguage\":\"fr-FR\"},{\"@type\":\"Organization\",\"@id\":\"https:\/\/universnews224.com\/#organization\",\"name\":\"UNIVERSNEWS224\",\"url\":\"https:\/\/universnews224.com\/\",\"logo\":{\"@type\":\"ImageObject\",\"inLanguage\":\"fr-FR\",\"@id\":\"https:\/\/universnews224.com\/#\/schema\/logo\/image\/\",\"url\":\"https:\/\/universnews224.com\/wp-content\/uploads\/2022\/08\/cropped-cropped-logoban.jpg\",\"contentUrl\":\"https:\/\/universnews224.com\/wp-content\/uploads\/2022\/08\/cropped-cropped-logoban.jpg\",\"width\":1080,\"height\":138,\"caption\":\"UNIVERSNEWS224\"},\"image\":{\"@id\":\"https:\/\/universnews224.com\/#\/schema\/logo\/image\/\"}},{\"@type\":\"Person\",\"@id\":\"https:\/\/universnews224.com\/#\/schema\/person\/a4b7d4f94a4716df60456a491260485e\",\"name\":\"La R\u00e9daction\",\"image\":{\"@type\":\"ImageObject\",\"inLanguage\":\"fr-FR\",\"@id\":\"https:\/\/universnews224.com\/#\/schema\/person\/image\/\",\"url\":\"https:\/\/secure.gravatar.com\/avatar\/edb90acc7752b23e1b3307ad36c14f0d?s=96&d=mm&r=g\",\"contentUrl\":\"https:\/\/secure.gravatar.com\/avatar\/edb90acc7752b23e1b3307ad36c14f0d?s=96&d=mm&r=g\",\"caption\":\"La R\u00e9daction\"},\"sameAs\":[\"https:\/\/universnews224.com\"],\"url\":\"https:\/\/universnews224.com\/index.php\/author\/m-camara\/\"}]}<\/script>\n<!-- \/ Yoast SEO plugin. -->","yoast_head_json":{"title":"Guin\u00e9e-Bissau: le g\u00e9n\u00e9ral Horta N'Tam investi \u00abpr\u00e9sident de la transition\u00bb pour un an - UNIVERSNEWS224","robots":{"index":"index","follow":"follow","max-snippet":"max-snippet:-1","max-image-preview":"max-image-preview:large","max-video-preview":"max-video-preview:-1"},"canonical":"https:\/\/universnews224.com\/index.php\/guinee-bissau-le-general-horta-ntam-investi-president-de-la-transition-pour-un-an\/","og_locale":"fr_FR","og_type":"article","og_title":"Guin\u00e9e-Bissau: le g\u00e9n\u00e9ral Horta N'Tam investi \u00abpr\u00e9sident de la transition\u00bb pour un an - UNIVERSNEWS224","og_description":"Celui qui \u00e9tait jusqu&rsquo;ici chef d&rsquo;\u00e9tat-major de l&rsquo;arm\u00e9e de terre a \u00e9t\u00e9 investi, ce jeudi","og_url":"https:\/\/universnews224.com\/index.php\/guinee-bissau-le-general-horta-ntam-investi-president-de-la-transition-pour-un-an\/","og_site_name":"UNIVERSNEWS224","article_published_time":"2025-11-27T12:53:15+00:00","og_image":[{"width":1290,"height":709,"url":"https:\/\/universnews224.com\/wp-content\/uploads\/2025\/11\/IMG_3820.jpeg","type":"image\/jpeg"}],"author":"La R\u00e9daction","twitter_misc":{"\u00c9crit par":"La R\u00e9daction","Dur\u00e9e de lecture estim\u00e9e":"2 minutes"},"schema":{"@context":"https:\/\/schema.org","@graph":[{"@type":"Article","@id":"https:\/\/universnews224.com\/index.php\/guinee-bissau-le-general-horta-ntam-investi-president-de-la-transition-pour-un-an\/#article","isPartOf":{"@id":"https:\/\/universnews224.com\/index.php\/guinee-bissau-le-general-horta-ntam-investi-president-de-la-transition-pour-un-an\/"},"author":{"name":"La R\u00e9daction","@id":"https:\/\/universnews224.com\/#\/schema\/person\/a4b7d4f94a4716df60456a491260485e"},"headline":"Guin\u00e9e-Bissau: le g\u00e9n\u00e9ral Horta N&rsquo;Tam investi \u00abpr\u00e9sident de la transition\u00bb pour un an","datePublished":"2025-11-27T12:53:15+00:00","dateModified":"2025-11-27T12:53:15+00:00","mainEntityOfPage":{"@id":"https:\/\/universnews224.com\/index.php\/guinee-bissau-le-general-horta-ntam-investi-president-de-la-transition-pour-un-an\/"},"wordCount":384,"publisher":{"@id":"https:\/\/universnews224.com\/#organization"},"keywords":["A la une"],"articleSection":["ACTU","POLITIQUE"],"inLanguage":"fr-FR"},{"@type":"WebPage","@id":"https:\/\/universnews224.com\/index.php\/guinee-bissau-le-general-horta-ntam-investi-president-de-la-transition-pour-un-an\/","url":"https:\/\/universnews224.com\/index.php\/guinee-bissau-le-general-horta-ntam-investi-president-de-la-transition-pour-un-an\/","name":"Guin\u00e9e-Bissau: le g\u00e9n\u00e9ral Horta N'Tam investi \u00abpr\u00e9sident de la transition\u00bb pour un an - UNIVERSNEWS224","isPartOf":{"@id":"https:\/\/universnews224.com\/#website"},"datePublished":"2025-11-27T12:53:15+00:00","dateModified":"2025-11-27T12:53:15+00:00","inLanguage":"fr-FR","potentialAction":[{"@type":"ReadAction","target":["https:\/\/universnews224.com\/index.php\/guinee-bissau-le-general-horta-ntam-investi-president-de-la-transition-pour-un-an\/"]}]},{"@type":"WebSite","@id":"https:\/\/universnews224.com\/#website","url":"https:\/\/universnews224.com\/","name":"UNIVERSNEWS224","description":"","publisher":{"@id":"https:\/\/universnews224.com\/#organization"},"potentialAction":[{"@type":"SearchAction","target":{"@type":"EntryPoint","urlTemplate":"https:\/\/universnews224.com\/?s={search_term_string}"},"query-input":"required name=search_term_string"}],"inLanguage":"fr-FR"},{"@type":"Organization","@id":"https:\/\/universnews224.com\/#organization","name":"UNIVERSNEWS224","url":"https:\/\/universnews224.com\/","logo":{"@type":"ImageObject","inLanguage":"fr-FR","@id":"https:\/\/universnews224.com\/#\/schema\/logo\/image\/","url":"https:\/\/universnews224.com\/wp-content\/uploads\/2022\/08\/cropped-cropped-logoban.jpg","contentUrl":"https:\/\/universnews224.com\/wp-content\/uploads\/2022\/08\/cropped-cropped-logoban.jpg","width":1080,"height":138,"caption":"UNIVERSNEWS224"},"image":{"@id":"https:\/\/universnews224.com\/#\/schema\/logo\/image\/"}},{"@type":"Person","@id":"https:\/\/universnews224.com\/#\/schema\/person\/a4b7d4f94a4716df60456a491260485e","name":"La R\u00e9daction","image":{"@type":"ImageObject","inLanguage":"fr-FR","@id":"https:\/\/universnews224.com\/#\/schema\/person\/image\/","url":"https:\/\/secure.gravatar.com\/avatar\/edb90acc7752b23e1b3307ad36c14f0d?s=96&d=mm&r=g","contentUrl":"https:\/\/secure.gravatar.com\/avatar\/edb90acc7752b23e1b3307ad36c14f0d?s=96&d=mm&r=g","caption":"La R\u00e9daction"},"sameAs":["https:\/\/universnews224.com"],"url":"https:\/\/universnews224.com\/index.php\/author\/m-camara\/"}]}},"_links":{"self":[{"href":"https:\/\/universnews224.com\/index.php\/wp-json\/wp\/v2\/posts\/9637"}],"collection":[{"href":"https:\/\/universnews224.com\/index.php\/wp-json\/wp\/v2\/posts"}],"about":[{"href":"https:\/\/universnews224.com\/index.php\/wp-json\/wp\/v2\/types\/post"}],"author":[{"embeddable":true,"href":"https:\/\/universnews224.com\/index.php\/wp-json\/wp\/v2\/users\/2"}],"replies":[{"embeddable":true,"href":"https:\/\/universnews224.com\/index.php\/wp-json\/wp\/v2\/comments?post=9637"}],"version-history":[{"count":1,"href":"https:\/\/universnews224.com\/index.php\/wp-json\/wp\/v2\/posts\/9637\/revisions"}],"predecessor-version":[{"id":9639,"href":"https:\/\/universnews224.com\/index.php\/wp-json\/wp\/v2\/posts\/9637\/revisions\/9639"}],"wp:featuredmedia":[{"embeddable":true,"href":"https:\/\/universnews224.com\/index.php\/wp-json\/wp\/v2\/media\/9638"}],"wp:attachment":[{"href":"https:\/\/universnews224.com\/index.php\/wp-json\/wp\/v2\/media?parent=9637"}],"wp:term":[{"taxonomy":"category","embeddable":true,"href":"https:\/\/universnews224.com\/index.php\/wp-json\/wp\/v2\/categories?post=9637"},{"taxonomy":"post_tag","embeddable":true,"href":"https:\/\/universnews224.com\/index.php\/wp-json\/wp\/v2\/tags?post=9637"}],"curies":[{"name":"wp","href":"https:\/\/api.w.org\/{rel}","templated":true}]}}