{"id":9642,"date":"2025-11-27T15:53:28","date_gmt":"2025-11-27T14:53:28","guid":{"rendered":"https:\/\/universnews224.com\/?p=9642"},"modified":"2025-11-27T15:53:28","modified_gmt":"2025-11-27T14:53:28","slug":"conakry-cloture-des-journees-portes-ouvertes-sur-la-qualite-et-la-consommation-des-produits-alimentaires","status":"publish","type":"post","link":"https:\/\/universnews224.com\/index.php\/conakry-cloture-des-journees-portes-ouvertes-sur-la-qualite-et-la-consommation-des-produits-alimentaires\/","title":{"rendered":"Conakry : Cl\u00f4ture des Journ\u00e9es Portes Ouvertes sur la Qualit\u00e9 et la Consommation des Produits Alimentaires"},"content":{"rendered":"<p dir=\"ltr\">Apr\u00e8s deux jours d\u2019\u00e9changes et de partage d\u2019exp\u00e9riences, l&rsquo;\u00e9v\u00e9nement intitul\u00e9 <b>\u00ab La qualit\u00e9, le levier de comp\u00e9titivit\u00e9 et de protection du consommateur \u00bb<\/b>, dans sa premi\u00e8re \u00e9dition 2025, a cl\u00f4tur\u00e9 ses travaux ce jeudi 27 novembre 2025 \u00e0 Conakry.<a href=\"https:\/\/universnews224.com\/wp-content\/uploads\/2025\/11\/IMG-20251127-WA0030.jpg\"><img loading=\"lazy\" class=\"alignnone size-medium wp-image-9643\" src=\"https:\/\/universnews224.com\/wp-content\/uploads\/2025\/11\/IMG-20251127-WA0030-300x225.jpg\" alt=\"\" width=\"300\" height=\"225\" srcset=\"https:\/\/universnews224.com\/wp-content\/uploads\/2025\/11\/IMG-20251127-WA0030-300x225.jpg 300w, https:\/\/universnews224.com\/wp-content\/uploads\/2025\/11\/IMG-20251127-WA0030-768x576.jpg 768w, https:\/\/universnews224.com\/wp-content\/uploads\/2025\/11\/IMG-20251127-WA0030-720x540.jpg 720w, https:\/\/universnews224.com\/wp-content\/uploads\/2025\/11\/IMG-20251127-WA0030.jpg 990w\" sizes=\"(max-width: 300px) 100vw, 300px\" \/><\/a><\/p>\n<p dir=\"ltr\">\u200b\u00c0 l\u2019instar de la c\u00e9r\u00e9monie d\u2019ouverture, la cl\u00f4ture s\u2019est d\u00e9roul\u00e9e sous les meilleurs auspices, en pr\u00e9sence de <b>nombreuses figures du monde du commerce et de l&rsquo;industrie<\/b> du pays, de repr\u00e9sentants des pays voisins et de partenaires techniques et financiers.<\/p>\n<p dir=\"ltr\">\u200bCette derni\u00e8re journ\u00e9e, ax\u00e9e sur la qualit\u00e9 et organis\u00e9e par l\u2019<b>Office National de Contr\u00f4le de Qualit\u00e9 (ONCQ)<\/b>, a \u00e9t\u00e9 marqu\u00e9e par une s\u00e9rie de remerciements officiels et une <b>visite guid\u00e9e des laboratoires<\/b> de la Direction G\u00e9n\u00e9rale. Ce fut \u00e9galement un moment de reconnaissance solennelle, mettant en lumi\u00e8re l\u2019engagement et la performance de profils vari\u00e9s au-del\u00e0 de la seule consommation des produits alimentaires. De la salle des laboratoires aux bureaux, les invit\u00e9s, ainsi que le personnel, ont pu d\u00e9couvrir les installations et les \u00e9quipements de pointe de l\u2019institution.<\/p>\n<h3>\u200b<\/h3>\n<p dir=\"ltr\">\u200bSuite \u00e0 la visite guid\u00e9e des installations, <b>Madame Mariame Ke\u00efta Camara, Directrice Marketing et Communication du Groupe Comptoir Commercial G\u00e9n\u00e9ral (CCG)<\/b>, a exprim\u00e9 sa vive satisfaction quant \u00e0 la tenue de ces journ\u00e9es.<a href=\"https:\/\/universnews224.com\/wp-content\/uploads\/2025\/11\/IMG-20251127-WA0031.jpg\"><img loading=\"lazy\" class=\"alignnone size-medium wp-image-9644\" src=\"https:\/\/universnews224.com\/wp-content\/uploads\/2025\/11\/IMG-20251127-WA0031-300x239.jpg\" alt=\"\" width=\"300\" height=\"239\" srcset=\"https:\/\/universnews224.com\/wp-content\/uploads\/2025\/11\/IMG-20251127-WA0031-300x239.jpg 300w, https:\/\/universnews224.com\/wp-content\/uploads\/2025\/11\/IMG-20251127-WA0031-1024x814.jpg 1024w, https:\/\/universnews224.com\/wp-content\/uploads\/2025\/11\/IMG-20251127-WA0031-768x611.jpg 768w, https:\/\/universnews224.com\/wp-content\/uploads\/2025\/11\/IMG-20251127-WA0031.jpg 1080w\" sizes=\"(max-width: 300px) 100vw, 300px\" \/><\/a><\/p>\n<p dir=\"ltr\">\u200b\u00ab C&rsquo;est une satisfaction pour moi d&rsquo;\u00eatre l\u00e0 pour assister \u00e0 cette rencontre. On a tendance \u00e0 sous-estimer nos institutions, surtout publiques. Il faut savoir que, selon tout ce que nous avons appris, de tels laboratoires ne pourraient m\u00eame pas \u00eatre priv\u00e9s, car ces tests co\u00fbtent extr\u00eamement cher. Et voir que l&rsquo;\u00c9tat a pu doter l&rsquo;Office National de Contr\u00f4le de Qualit\u00e9 d\u2019<b>appareils innovants de derni\u00e8re g\u00e9n\u00e9ration<\/b>, \u00e7a ne peut que rassurer nous, les producteurs, en tant qu&rsquo;industrie, et aussi, par ma voix, rassurer le peuple de Guin\u00e9e, pour savoir que tout ce qui peut sortir de nos productions locales, ou tout ce qui est import\u00e9 en Guin\u00e9e, <b>peut \u00eatre v\u00e9rifi\u00e9 et conforme \u00e0 la grande consommation<\/b> \u00bb, a d\u00e9clar\u00e9 la directrice du CCG.<\/p>\n<p>&nbsp;<\/p>\n<p dir=\"ltr\">\u200bElle a poursuivi en d\u00e9taillant sa visite : \u00ab Nous avons pu voir deux laboratoires, un premier laboratoire physico-chimique, et un deuxi\u00e8me laboratoire de microbiologie. On ne pouvait pas imaginer qu&rsquo;il y avait autant de machines importantes, qui \u00e9taient n\u00e9cessaires dans la v\u00e9rification de la qualit\u00e9 de tous les produits fabriqu\u00e9s en Guin\u00e9e ou import\u00e9s. Et \u00e7a, \u00e7a ne fait que rassurer, encore une fois, pour se dire que <b>oui, nous allons de l&rsquo;avant, et que la refondation est vraiment effective<\/b> \u00bb, a soulign\u00e9 Mme Ke\u00efta.<\/p>\n<h3>\u200b<\/h3>\n<p dir=\"ltr\">\u200bDe son c\u00f4t\u00e9, le <b>Directeur G\u00e9n\u00e9ral Adjoint de l\u2019Office National de Contr\u00f4le de Qualit\u00e9, M. K\u00e8l\u00e8tigui Tour\u00e9<\/b>, a tenu \u00e0 remercier les partenaires, op\u00e9rateurs \u00e9conomiques et institutions pour leur pr\u00e9sence durant ces deux jours d&rsquo;activit\u00e9s portes ouvertes.<a href=\"https:\/\/universnews224.com\/wp-content\/uploads\/2025\/11\/IMG-20251127-WA0032.jpg\"><img loading=\"lazy\" class=\"alignnone size-medium wp-image-9645\" src=\"https:\/\/universnews224.com\/wp-content\/uploads\/2025\/11\/IMG-20251127-WA0032-300x253.jpg\" alt=\"\" width=\"300\" height=\"253\" srcset=\"https:\/\/universnews224.com\/wp-content\/uploads\/2025\/11\/IMG-20251127-WA0032-300x253.jpg 300w, https:\/\/universnews224.com\/wp-content\/uploads\/2025\/11\/IMG-20251127-WA0032-768x647.jpg 768w, https:\/\/universnews224.com\/wp-content\/uploads\/2025\/11\/IMG-20251127-WA0032.jpg 898w\" sizes=\"(max-width: 300px) 100vw, 300px\" \/><\/a><\/p>\n<p dir=\"ltr\">\u00abCe deuxi\u00e8me jour \u00e9tait consacr\u00e9 \u00e0 la visite guid\u00e9e du laboratoire. C&rsquo;est une mani\u00e8re pour nous de montrer \u00e0 nos partenaires le travail quotidien que fait l&rsquo;Office par rapport aux activit\u00e9s, aux analyses et \u00e0 tout ce que nous faisons sur le terrain. Nous avons souvent des s\u00e9ries d&rsquo;inspections qui sont sanctionn\u00e9es par des certificats que nous d\u00e9livrons aux op\u00e9rateurs. Nous avons un laboratoire d&rsquo;essais et d&rsquo;\u00e9talonnage qui est compos\u00e9 de deux d\u00e9partements : la <b>physico-chimie<\/b> et la <b>microbiologie<\/b> \u00bb, a-t-il affirm\u00e9.<\/p>\n<p>&nbsp;<\/p>\n<p dir=\"ltr\">\u200bIl a pr\u00e9cis\u00e9 l&rsquo;objectif de l&rsquo;op\u00e9ration : \u00ab Cette journ\u00e9e portes ouvertes, centr\u00e9e sur le laboratoire et sa visite guid\u00e9e, permet \u00e0 tous nos partenaires de voir de visu et de comprendre quels sont les process par lesquels nous passons pour d\u00e9livrer des certificats d&rsquo;analyse \u00bb.<\/p>\n<p dir=\"ltr\">\u200bPour clore son intervention, il a insist\u00e9 sur la rigueur des travaux de l&rsquo;Office : \u00ab Tout ce que nous faisons, les certificats ne sont pas d\u00e9livr\u00e9s au hasard, car ils sont bas\u00e9s sur des analyses fiables r\u00e9sultant des travaux effectu\u00e9s en laboratoire. Actuellement, nous sommes en <b>processus d&rsquo;accr\u00e9ditation selon la norme ISO 17025<\/b> pour les laboratoires d&rsquo;essais et d&rsquo;\u00e9talonnage, un processus qui est en train d&rsquo;arriver \u00e0 son terme. C\u2019est une d\u00e9marche qui va permettre de donner <b>plus de fiabilit\u00e9 et plus de s\u00e9curit\u00e9 aux documents que nous d\u00e9livrons<\/b> \u00bb, a conclu M. Tour\u00e9.<\/p>\n<p dir=\"ltr\">\u200b<b>Alass Sylla pour universnews224.com<\/b><\/p>\n","protected":false},"excerpt":{"rendered":"<p>Apr\u00e8s deux jours d\u2019\u00e9changes et de partage d\u2019exp\u00e9riences, l&rsquo;\u00e9v\u00e9nement intitul\u00e9 \u00ab La qualit\u00e9, le levier<\/p>\n","protected":false},"author":2,"featured_media":9643,"comment_status":"closed","ping_status":"open","sticky":false,"template":"","format":"standard","meta":[],"categories":[3,5],"tags":[237],"yoast_head":"<!-- This site is optimized with the Yoast SEO plugin v19.13 - https:\/\/yoast.com\/wordpress\/plugins\/seo\/ -->\n<title>Conakry : Cl\u00f4ture des Journ\u00e9es Portes Ouvertes sur la Qualit\u00e9 et la Consommation des Produits Alimentaires - UNIVERSNEWS224<\/title>\n<meta name=\"robots\" content=\"index, follow, max-snippet:-1, max-image-preview:large, max-video-preview:-1\" \/>\n<link rel=\"canonical\" href=\"https:\/\/universnews224.com\/index.php\/conakry-cloture-des-journees-portes-ouvertes-sur-la-qualite-et-la-consommation-des-produits-alimentaires\/\" \/>\n<meta property=\"og:locale\" content=\"fr_FR\" \/>\n<meta property=\"og:type\" content=\"article\" \/>\n<meta property=\"og:title\" content=\"Conakry : Cl\u00f4ture des Journ\u00e9es Portes Ouvertes sur la Qualit\u00e9 et la Consommation des Produits Alimentaires - UNIVERSNEWS224\" \/>\n<meta property=\"og:description\" content=\"Apr\u00e8s deux jours d\u2019\u00e9changes et de partage d\u2019exp\u00e9riences, l&rsquo;\u00e9v\u00e9nement intitul\u00e9 \u00ab La qualit\u00e9, le levier\" \/>\n<meta property=\"og:url\" content=\"https:\/\/universnews224.com\/index.php\/conakry-cloture-des-journees-portes-ouvertes-sur-la-qualite-et-la-consommation-des-produits-alimentaires\/\" \/>\n<meta property=\"og:site_name\" content=\"UNIVERSNEWS224\" \/>\n<meta property=\"article:published_time\" content=\"2025-11-27T14:53:28+00:00\" \/>\n<meta property=\"og:image\" content=\"https:\/\/universnews224.com\/wp-content\/uploads\/2025\/11\/IMG-20251127-WA0030.jpg\" \/>\n\t<meta property=\"og:image:width\" content=\"990\" \/>\n\t<meta property=\"og:image:height\" content=\"743\" \/>\n\t<meta property=\"og:image:type\" content=\"image\/jpeg\" \/>\n<meta name=\"author\" content=\"La R\u00e9daction\" \/>\n<meta name=\"twitter:label1\" content=\"\u00c9crit par\" \/>\n\t<meta name=\"twitter:data1\" content=\"La R\u00e9daction\" \/>\n\t<meta name=\"twitter:label2\" content=\"Dur\u00e9e de lecture estim\u00e9e\" \/>\n\t<meta name=\"twitter:data2\" content=\"4 minutes\" \/>\n<script type=\"application\/ld+json\" class=\"yoast-schema-graph\">{\"@context\":\"https:\/\/schema.org\",\"@graph\":[{\"@type\":\"Article\",\"@id\":\"https:\/\/universnews224.com\/index.php\/conakry-cloture-des-journees-portes-ouvertes-sur-la-qualite-et-la-consommation-des-produits-alimentaires\/#article\",\"isPartOf\":{\"@id\":\"https:\/\/universnews224.com\/index.php\/conakry-cloture-des-journees-portes-ouvertes-sur-la-qualite-et-la-consommation-des-produits-alimentaires\/\"},\"author\":{\"name\":\"La R\u00e9daction\",\"@id\":\"https:\/\/universnews224.com\/#\/schema\/person\/a4b7d4f94a4716df60456a491260485e\"},\"headline\":\"Conakry : Cl\u00f4ture des Journ\u00e9es Portes Ouvertes sur la Qualit\u00e9 et la Consommation des Produits Alimentaires\",\"datePublished\":\"2025-11-27T14:53:28+00:00\",\"dateModified\":\"2025-11-27T14:53:28+00:00\",\"mainEntityOfPage\":{\"@id\":\"https:\/\/universnews224.com\/index.php\/conakry-cloture-des-journees-portes-ouvertes-sur-la-qualite-et-la-consommation-des-produits-alimentaires\/\"},\"wordCount\":760,\"publisher\":{\"@id\":\"https:\/\/universnews224.com\/#organization\"},\"keywords\":[\"A la une\"],\"articleSection\":[\"ACTU\",\"SOCI\u00c9T\u00c9\"],\"inLanguage\":\"fr-FR\"},{\"@type\":\"WebPage\",\"@id\":\"https:\/\/universnews224.com\/index.php\/conakry-cloture-des-journees-portes-ouvertes-sur-la-qualite-et-la-consommation-des-produits-alimentaires\/\",\"url\":\"https:\/\/universnews224.com\/index.php\/conakry-cloture-des-journees-portes-ouvertes-sur-la-qualite-et-la-consommation-des-produits-alimentaires\/\",\"name\":\"Conakry : Cl\u00f4ture des Journ\u00e9es Portes Ouvertes sur la Qualit\u00e9 et la Consommation des Produits Alimentaires - UNIVERSNEWS224\",\"isPartOf\":{\"@id\":\"https:\/\/universnews224.com\/#website\"},\"datePublished\":\"2025-11-27T14:53:28+00:00\",\"dateModified\":\"2025-11-27T14:53:28+00:00\",\"inLanguage\":\"fr-FR\",\"potentialAction\":[{\"@type\":\"ReadAction\",\"target\":[\"https:\/\/universnews224.com\/index.php\/conakry-cloture-des-journees-portes-ouvertes-sur-la-qualite-et-la-consommation-des-produits-alimentaires\/\"]}]},{\"@type\":\"WebSite\",\"@id\":\"https:\/\/universnews224.com\/#website\",\"url\":\"https:\/\/universnews224.com\/\",\"name\":\"UNIVERSNEWS224\",\"description\":\"\",\"publisher\":{\"@id\":\"https:\/\/universnews224.com\/#organization\"},\"potentialAction\":[{\"@type\":\"SearchAction\",\"target\":{\"@type\":\"EntryPoint\",\"urlTemplate\":\"https:\/\/universnews224.com\/?s={search_term_string}\"},\"query-input\":\"required name=search_term_string\"}],\"inLanguage\":\"fr-FR\"},{\"@type\":\"Organization\",\"@id\":\"https:\/\/universnews224.com\/#organization\",\"name\":\"UNIVERSNEWS224\",\"url\":\"https:\/\/universnews224.com\/\",\"logo\":{\"@type\":\"ImageObject\",\"inLanguage\":\"fr-FR\",\"@id\":\"https:\/\/universnews224.com\/#\/schema\/logo\/image\/\",\"url\":\"https:\/\/universnews224.com\/wp-content\/uploads\/2022\/08\/cropped-cropped-logoban.jpg\",\"contentUrl\":\"https:\/\/universnews224.com\/wp-content\/uploads\/2022\/08\/cropped-cropped-logoban.jpg\",\"width\":1080,\"height\":138,\"caption\":\"UNIVERSNEWS224\"},\"image\":{\"@id\":\"https:\/\/universnews224.com\/#\/schema\/logo\/image\/\"}},{\"@type\":\"Person\",\"@id\":\"https:\/\/universnews224.com\/#\/schema\/person\/a4b7d4f94a4716df60456a491260485e\",\"name\":\"La R\u00e9daction\",\"image\":{\"@type\":\"ImageObject\",\"inLanguage\":\"fr-FR\",\"@id\":\"https:\/\/universnews224.com\/#\/schema\/person\/image\/\",\"url\":\"https:\/\/secure.gravatar.com\/avatar\/edb90acc7752b23e1b3307ad36c14f0d?s=96&d=mm&r=g\",\"contentUrl\":\"https:\/\/secure.gravatar.com\/avatar\/edb90acc7752b23e1b3307ad36c14f0d?s=96&d=mm&r=g\",\"caption\":\"La R\u00e9daction\"},\"sameAs\":[\"https:\/\/universnews224.com\"],\"url\":\"https:\/\/universnews224.com\/index.php\/author\/m-camara\/\"}]}<\/script>\n<!-- \/ Yoast SEO plugin. -->","yoast_head_json":{"title":"Conakry : Cl\u00f4ture des Journ\u00e9es Portes Ouvertes sur la Qualit\u00e9 et la Consommation des Produits Alimentaires - UNIVERSNEWS224","robots":{"index":"index","follow":"follow","max-snippet":"max-snippet:-1","max-image-preview":"max-image-preview:large","max-video-preview":"max-video-preview:-1"},"canonical":"https:\/\/universnews224.com\/index.php\/conakry-cloture-des-journees-portes-ouvertes-sur-la-qualite-et-la-consommation-des-produits-alimentaires\/","og_locale":"fr_FR","og_type":"article","og_title":"Conakry : Cl\u00f4ture des Journ\u00e9es Portes Ouvertes sur la Qualit\u00e9 et la Consommation des Produits Alimentaires - UNIVERSNEWS224","og_description":"Apr\u00e8s deux jours d\u2019\u00e9changes et de partage d\u2019exp\u00e9riences, l&rsquo;\u00e9v\u00e9nement intitul\u00e9 \u00ab La qualit\u00e9, le levier","og_url":"https:\/\/universnews224.com\/index.php\/conakry-cloture-des-journees-portes-ouvertes-sur-la-qualite-et-la-consommation-des-produits-alimentaires\/","og_site_name":"UNIVERSNEWS224","article_published_time":"2025-11-27T14:53:28+00:00","og_image":[{"width":990,"height":743,"url":"https:\/\/universnews224.com\/wp-content\/uploads\/2025\/11\/IMG-20251127-WA0030.jpg","type":"image\/jpeg"}],"author":"La R\u00e9daction","twitter_misc":{"\u00c9crit par":"La R\u00e9daction","Dur\u00e9e de lecture estim\u00e9e":"4 minutes"},"schema":{"@context":"https:\/\/schema.org","@graph":[{"@type":"Article","@id":"https:\/\/universnews224.com\/index.php\/conakry-cloture-des-journees-portes-ouvertes-sur-la-qualite-et-la-consommation-des-produits-alimentaires\/#article","isPartOf":{"@id":"https:\/\/universnews224.com\/index.php\/conakry-cloture-des-journees-portes-ouvertes-sur-la-qualite-et-la-consommation-des-produits-alimentaires\/"},"author":{"name":"La R\u00e9daction","@id":"https:\/\/universnews224.com\/#\/schema\/person\/a4b7d4f94a4716df60456a491260485e"},"headline":"Conakry : Cl\u00f4ture des Journ\u00e9es Portes Ouvertes sur la Qualit\u00e9 et la Consommation des Produits Alimentaires","datePublished":"2025-11-27T14:53:28+00:00","dateModified":"2025-11-27T14:53:28+00:00","mainEntityOfPage":{"@id":"https:\/\/universnews224.com\/index.php\/conakry-cloture-des-journees-portes-ouvertes-sur-la-qualite-et-la-consommation-des-produits-alimentaires\/"},"wordCount":760,"publisher":{"@id":"https:\/\/universnews224.com\/#organization"},"keywords":["A la une"],"articleSection":["ACTU","SOCI\u00c9T\u00c9"],"inLanguage":"fr-FR"},{"@type":"WebPage","@id":"https:\/\/universnews224.com\/index.php\/conakry-cloture-des-journees-portes-ouvertes-sur-la-qualite-et-la-consommation-des-produits-alimentaires\/","url":"https:\/\/universnews224.com\/index.php\/conakry-cloture-des-journees-portes-ouvertes-sur-la-qualite-et-la-consommation-des-produits-alimentaires\/","name":"Conakry : Cl\u00f4ture des Journ\u00e9es Portes Ouvertes sur la Qualit\u00e9 et la Consommation des Produits Alimentaires - UNIVERSNEWS224","isPartOf":{"@id":"https:\/\/universnews224.com\/#website"},"datePublished":"2025-11-27T14:53:28+00:00","dateModified":"2025-11-27T14:53:28+00:00","inLanguage":"fr-FR","potentialAction":[{"@type":"ReadAction","target":["https:\/\/universnews224.com\/index.php\/conakry-cloture-des-journees-portes-ouvertes-sur-la-qualite-et-la-consommation-des-produits-alimentaires\/"]}]},{"@type":"WebSite","@id":"https:\/\/universnews224.com\/#website","url":"https:\/\/universnews224.com\/","name":"UNIVERSNEWS224","description":"","publisher":{"@id":"https:\/\/universnews224.com\/#organization"},"potentialAction":[{"@type":"SearchAction","target":{"@type":"EntryPoint","urlTemplate":"https:\/\/universnews224.com\/?s={search_term_string}"},"query-input":"required name=search_term_string"}],"inLanguage":"fr-FR"},{"@type":"Organization","@id":"https:\/\/universnews224.com\/#organization","name":"UNIVERSNEWS224","url":"https:\/\/universnews224.com\/","logo":{"@type":"ImageObject","inLanguage":"fr-FR","@id":"https:\/\/universnews224.com\/#\/schema\/logo\/image\/","url":"https:\/\/universnews224.com\/wp-content\/uploads\/2022\/08\/cropped-cropped-logoban.jpg","contentUrl":"https:\/\/universnews224.com\/wp-content\/uploads\/2022\/08\/cropped-cropped-logoban.jpg","width":1080,"height":138,"caption":"UNIVERSNEWS224"},"image":{"@id":"https:\/\/universnews224.com\/#\/schema\/logo\/image\/"}},{"@type":"Person","@id":"https:\/\/universnews224.com\/#\/schema\/person\/a4b7d4f94a4716df60456a491260485e","name":"La R\u00e9daction","image":{"@type":"ImageObject","inLanguage":"fr-FR","@id":"https:\/\/universnews224.com\/#\/schema\/person\/image\/","url":"https:\/\/secure.gravatar.com\/avatar\/edb90acc7752b23e1b3307ad36c14f0d?s=96&d=mm&r=g","contentUrl":"https:\/\/secure.gravatar.com\/avatar\/edb90acc7752b23e1b3307ad36c14f0d?s=96&d=mm&r=g","caption":"La R\u00e9daction"},"sameAs":["https:\/\/universnews224.com"],"url":"https:\/\/universnews224.com\/index.php\/author\/m-camara\/"}]}},"_links":{"self":[{"href":"https:\/\/universnews224.com\/index.php\/wp-json\/wp\/v2\/posts\/9642"}],"collection":[{"href":"https:\/\/universnews224.com\/index.php\/wp-json\/wp\/v2\/posts"}],"about":[{"href":"https:\/\/universnews224.com\/index.php\/wp-json\/wp\/v2\/types\/post"}],"author":[{"embeddable":true,"href":"https:\/\/universnews224.com\/index.php\/wp-json\/wp\/v2\/users\/2"}],"replies":[{"embeddable":true,"href":"https:\/\/universnews224.com\/index.php\/wp-json\/wp\/v2\/comments?post=9642"}],"version-history":[{"count":1,"href":"https:\/\/universnews224.com\/index.php\/wp-json\/wp\/v2\/posts\/9642\/revisions"}],"predecessor-version":[{"id":9646,"href":"https:\/\/universnews224.com\/index.php\/wp-json\/wp\/v2\/posts\/9642\/revisions\/9646"}],"wp:featuredmedia":[{"embeddable":true,"href":"https:\/\/universnews224.com\/index.php\/wp-json\/wp\/v2\/media\/9643"}],"wp:attachment":[{"href":"https:\/\/universnews224.com\/index.php\/wp-json\/wp\/v2\/media?parent=9642"}],"wp:term":[{"taxonomy":"category","embeddable":true,"href":"https:\/\/universnews224.com\/index.php\/wp-json\/wp\/v2\/categories?post=9642"},{"taxonomy":"post_tag","embeddable":true,"href":"https:\/\/universnews224.com\/index.php\/wp-json\/wp\/v2\/tags?post=9642"}],"curies":[{"name":"wp","href":"https:\/\/api.w.org\/{rel}","templated":true}]}}