{"id":9647,"date":"2025-11-27T15:58:54","date_gmt":"2025-11-27T14:58:54","guid":{"rendered":"https:\/\/universnews224.com\/?p=9647"},"modified":"2025-11-27T15:58:54","modified_gmt":"2025-11-27T14:58:54","slug":"campagne-presidentielle-a-kankan-le-sede-dandiya-n4-finalise-sa-strategie-daccompagnement-du-general","status":"publish","type":"post","link":"https:\/\/universnews224.com\/index.php\/campagne-presidentielle-a-kankan-le-sede-dandiya-n4-finalise-sa-strategie-daccompagnement-du-general\/","title":{"rendered":"Campagne pr\u00e9sidentielle \u00e0 Kankan : Le S\u00e8d\u00e8 Dandiya N\u00b04 finalise sa strat\u00e9gie d&rsquo;accompagnement du G\u00e9n\u00e9ral"},"content":{"rendered":"<p dir=\"ltr\">Apr\u00e8s une <b>importante<\/b> rencontre de concertation avec <b>le pr\u00e9sident<\/b> du S\u00e8d\u00e8 Dandiya N\u00ba4, M. Mamadouba Tos Camara, le jeudi 13 novembre dernier, l&rsquo;organisation s&rsquo;est mobilis\u00e9e en vue de pr\u00e9parer l\u2019\u00e9ch\u00e9ance de la campagne pr\u00e9sidentielle pr\u00e9vue le 28 d\u00e9cembre prochain. <b>L&rsquo;objectif principal<\/b> de cette rencontre \u00e9tait de prendre les dispositions n\u00e9cessaires pour assurer la continuit\u00e9 du G\u00e9n\u00e9ral Mamadi Doumbouya \u00e0 la t\u00eate de la R\u00e9publique, afin qu\u2019il <b>puisse<\/b> poursuivre les actions d\u00e9j\u00e0 engag\u00e9es.<a href=\"https:\/\/universnews224.com\/wp-content\/uploads\/2025\/11\/IMG-20251127-WA0037.jpg\"><img loading=\"lazy\" class=\"alignnone size-medium wp-image-9648\" src=\"https:\/\/universnews224.com\/wp-content\/uploads\/2025\/11\/IMG-20251127-WA0037-300x202.jpg\" alt=\"\" width=\"300\" height=\"202\" srcset=\"https:\/\/universnews224.com\/wp-content\/uploads\/2025\/11\/IMG-20251127-WA0037-300x202.jpg 300w, https:\/\/universnews224.com\/wp-content\/uploads\/2025\/11\/IMG-20251127-WA0037-1024x688.jpg 1024w, https:\/\/universnews224.com\/wp-content\/uploads\/2025\/11\/IMG-20251127-WA0037-768x516.jpg 768w, https:\/\/universnews224.com\/wp-content\/uploads\/2025\/11\/IMG-20251127-WA0037.jpg 1080w\" sizes=\"(max-width: 300px) 100vw, 300px\" \/><\/a><\/p>\n<p dir=\"ltr\">\u200bSelon les responsables de cette organisation, il est <b>essentiel de d\u00e9finir<\/b> clairement les objectifs et la d\u00e9marche \u00e0 entreprendre pour mieux orienter les actions et garantir une mobilisation <b>efficace<\/b> et concentr\u00e9e.<\/p>\n<p dir=\"ltr\">\u200bPour la zone de Kankan, les responsables du S\u00e8d\u00e8 ont tenu une nouvelle r\u00e9union de finalisation \u00e0 la suite de la rencontre entre leur d\u00e9l\u00e9gation et le directoire de campagne du <b>Groupe Mouvement et D\u00e9veloppement (GMD)<\/b>.<a href=\"https:\/\/universnews224.com\/wp-content\/uploads\/2025\/11\/IMG-20251127-WA0036.jpg\"><img loading=\"lazy\" class=\"alignnone size-medium wp-image-9649\" src=\"https:\/\/universnews224.com\/wp-content\/uploads\/2025\/11\/IMG-20251127-WA0036-300x202.jpg\" alt=\"\" width=\"300\" height=\"202\" srcset=\"https:\/\/universnews224.com\/wp-content\/uploads\/2025\/11\/IMG-20251127-WA0036-300x202.jpg 300w, https:\/\/universnews224.com\/wp-content\/uploads\/2025\/11\/IMG-20251127-WA0036-768x518.jpg 768w, https:\/\/universnews224.com\/wp-content\/uploads\/2025\/11\/IMG-20251127-WA0036.jpg 1024w\" sizes=\"(max-width: 300px) 100vw, 300px\" \/><\/a><\/p>\n<p dir=\"ltr\">\u200bCette d\u00e9l\u00e9gation, conduite par Mamadou Tos Camara, <b>surnomm\u00e9<\/b> \u00ab S\u00e8d\u00e8fa \u00bb et mandataire des activit\u00e9s de la notabilit\u00e9 de Kankan pour la p\u00e9riode 2023-2027, a permis \u00e0 la structure traditionnelle d\u2019affiner sa strat\u00e9gie autour d\u2019un mot d\u2019ordre clair : <b>renforcer l\u2019entente, la coh\u00e9sion et la f\u00e9d\u00e9ration<\/b> des forces en vue de la pr\u00e9sidentielle \u00e0 venir.<\/p>\n<p dir=\"ltr\">\u200bPour les membres, cette s\u00e9ance de travail avait pour objectif d\u2019apporter les derniers r\u00e9glages organisationnels et de d\u00e9finir avec pr\u00e9cision la d\u00e9marche que le S\u00e8d\u00e8 Dandiya N\u00b04 adoptera pour accompagner la campagne du candidat du GMD, le G\u00e9n\u00e9ral Mamadi Doumbouya, lors de son passage \u00e0 Kankan.<\/p>\n<p dir=\"ltr\">\u200bLes participants ont insist\u00e9 sur la n\u00e9cessit\u00e9 d\u2019un accompagnement <b>\u00ab efficace et structur\u00e9 \u00bb<\/b> afin de contribuer \u00e0 une mobilisation r\u00e9ussie en faveur du candidat.<\/p>\n<p dir=\"ltr\">\u200bCette r\u00e9union marque une \u00e9tape cl\u00e9 dans la coordination locale des activit\u00e9s politiques li\u00e9es \u00e0 la campagne, alors que la ville de Kankan s\u2019appr\u00eate \u00e0 accueillir les prochaines manifestations du GMD dans le cadre de l\u2019\u00e9lection pr\u00e9sidentielle.<a href=\"https:\/\/universnews224.com\/wp-content\/uploads\/2025\/11\/IMG-20251127-WA0038.jpg\"><img loading=\"lazy\" class=\"alignnone size-medium wp-image-9650\" src=\"https:\/\/universnews224.com\/wp-content\/uploads\/2025\/11\/IMG-20251127-WA0038-300x298.jpg\" alt=\"\" width=\"300\" height=\"298\" srcset=\"https:\/\/universnews224.com\/wp-content\/uploads\/2025\/11\/IMG-20251127-WA0038-300x298.jpg 300w, https:\/\/universnews224.com\/wp-content\/uploads\/2025\/11\/IMG-20251127-WA0038-1024x1016.jpg 1024w, https:\/\/universnews224.com\/wp-content\/uploads\/2025\/11\/IMG-20251127-WA0038-150x150.jpg 150w, https:\/\/universnews224.com\/wp-content\/uploads\/2025\/11\/IMG-20251127-WA0038-768x762.jpg 768w, https:\/\/universnews224.com\/wp-content\/uploads\/2025\/11\/IMG-20251127-WA0038.jpg 1070w\" sizes=\"(max-width: 300px) 100vw, 300px\" \/><\/a><\/p>\n<p dir=\"ltr\">\u200b<b>Alass Sylla pour universnews224.com | 625.480.252<\/b><\/p>\n","protected":false},"excerpt":{"rendered":"<p>Apr\u00e8s une importante rencontre de concertation avec le pr\u00e9sident du S\u00e8d\u00e8 Dandiya N\u00ba4, M. Mamadouba<\/p>\n","protected":false},"author":2,"featured_media":9648,"comment_status":"closed","ping_status":"open","sticky":false,"template":"","format":"standard","meta":[],"categories":[3,5],"tags":[240],"yoast_head":"<!-- This site is optimized with the Yoast SEO plugin v19.13 - https:\/\/yoast.com\/wordpress\/plugins\/seo\/ -->\n<title>Campagne pr\u00e9sidentielle \u00e0 Kankan : Le S\u00e8d\u00e8 Dandiya N\u00b04 finalise sa strat\u00e9gie d&#039;accompagnement du G\u00e9n\u00e9ral - UNIVERSNEWS224<\/title>\n<meta name=\"robots\" content=\"index, follow, max-snippet:-1, max-image-preview:large, max-video-preview:-1\" \/>\n<link rel=\"canonical\" href=\"https:\/\/universnews224.com\/index.php\/campagne-presidentielle-a-kankan-le-sede-dandiya-n4-finalise-sa-strategie-daccompagnement-du-general\/\" \/>\n<meta property=\"og:locale\" content=\"fr_FR\" \/>\n<meta property=\"og:type\" content=\"article\" \/>\n<meta property=\"og:title\" content=\"Campagne pr\u00e9sidentielle \u00e0 Kankan : Le S\u00e8d\u00e8 Dandiya N\u00b04 finalise sa strat\u00e9gie d&#039;accompagnement du G\u00e9n\u00e9ral - UNIVERSNEWS224\" \/>\n<meta property=\"og:description\" content=\"Apr\u00e8s une importante rencontre de concertation avec le pr\u00e9sident du S\u00e8d\u00e8 Dandiya N\u00ba4, M. Mamadouba\" \/>\n<meta property=\"og:url\" content=\"https:\/\/universnews224.com\/index.php\/campagne-presidentielle-a-kankan-le-sede-dandiya-n4-finalise-sa-strategie-daccompagnement-du-general\/\" \/>\n<meta property=\"og:site_name\" content=\"UNIVERSNEWS224\" \/>\n<meta property=\"article:published_time\" content=\"2025-11-27T14:58:54+00:00\" \/>\n<meta property=\"og:image\" content=\"https:\/\/universnews224.com\/wp-content\/uploads\/2025\/11\/IMG-20251127-WA0037.jpg\" \/>\n\t<meta property=\"og:image:width\" content=\"1080\" \/>\n\t<meta property=\"og:image:height\" content=\"726\" \/>\n\t<meta property=\"og:image:type\" content=\"image\/jpeg\" \/>\n<meta name=\"author\" content=\"La R\u00e9daction\" \/>\n<meta name=\"twitter:label1\" content=\"\u00c9crit par\" \/>\n\t<meta name=\"twitter:data1\" content=\"La R\u00e9daction\" \/>\n\t<meta name=\"twitter:label2\" content=\"Dur\u00e9e de lecture estim\u00e9e\" \/>\n\t<meta name=\"twitter:data2\" content=\"3 minutes\" \/>\n<script type=\"application\/ld+json\" class=\"yoast-schema-graph\">{\"@context\":\"https:\/\/schema.org\",\"@graph\":[{\"@type\":\"Article\",\"@id\":\"https:\/\/universnews224.com\/index.php\/campagne-presidentielle-a-kankan-le-sede-dandiya-n4-finalise-sa-strategie-daccompagnement-du-general\/#article\",\"isPartOf\":{\"@id\":\"https:\/\/universnews224.com\/index.php\/campagne-presidentielle-a-kankan-le-sede-dandiya-n4-finalise-sa-strategie-daccompagnement-du-general\/\"},\"author\":{\"name\":\"La R\u00e9daction\",\"@id\":\"https:\/\/universnews224.com\/#\/schema\/person\/a4b7d4f94a4716df60456a491260485e\"},\"headline\":\"Campagne pr\u00e9sidentielle \u00e0 Kankan : Le S\u00e8d\u00e8 Dandiya N\u00b04 finalise sa strat\u00e9gie d&rsquo;accompagnement du G\u00e9n\u00e9ral\",\"datePublished\":\"2025-11-27T14:58:54+00:00\",\"dateModified\":\"2025-11-27T14:58:54+00:00\",\"mainEntityOfPage\":{\"@id\":\"https:\/\/universnews224.com\/index.php\/campagne-presidentielle-a-kankan-le-sede-dandiya-n4-finalise-sa-strategie-daccompagnement-du-general\/\"},\"wordCount\":369,\"publisher\":{\"@id\":\"https:\/\/universnews224.com\/#organization\"},\"keywords\":[\"La unz\"],\"articleSection\":[\"ACTU\",\"SOCI\u00c9T\u00c9\"],\"inLanguage\":\"fr-FR\"},{\"@type\":\"WebPage\",\"@id\":\"https:\/\/universnews224.com\/index.php\/campagne-presidentielle-a-kankan-le-sede-dandiya-n4-finalise-sa-strategie-daccompagnement-du-general\/\",\"url\":\"https:\/\/universnews224.com\/index.php\/campagne-presidentielle-a-kankan-le-sede-dandiya-n4-finalise-sa-strategie-daccompagnement-du-general\/\",\"name\":\"Campagne pr\u00e9sidentielle \u00e0 Kankan : Le S\u00e8d\u00e8 Dandiya N\u00b04 finalise sa strat\u00e9gie d'accompagnement du G\u00e9n\u00e9ral - UNIVERSNEWS224\",\"isPartOf\":{\"@id\":\"https:\/\/universnews224.com\/#website\"},\"datePublished\":\"2025-11-27T14:58:54+00:00\",\"dateModified\":\"2025-11-27T14:58:54+00:00\",\"inLanguage\":\"fr-FR\",\"potentialAction\":[{\"@type\":\"ReadAction\",\"target\":[\"https:\/\/universnews224.com\/index.php\/campagne-presidentielle-a-kankan-le-sede-dandiya-n4-finalise-sa-strategie-daccompagnement-du-general\/\"]}]},{\"@type\":\"WebSite\",\"@id\":\"https:\/\/universnews224.com\/#website\",\"url\":\"https:\/\/universnews224.com\/\",\"name\":\"UNIVERSNEWS224\",\"description\":\"\",\"publisher\":{\"@id\":\"https:\/\/universnews224.com\/#organization\"},\"potentialAction\":[{\"@type\":\"SearchAction\",\"target\":{\"@type\":\"EntryPoint\",\"urlTemplate\":\"https:\/\/universnews224.com\/?s={search_term_string}\"},\"query-input\":\"required name=search_term_string\"}],\"inLanguage\":\"fr-FR\"},{\"@type\":\"Organization\",\"@id\":\"https:\/\/universnews224.com\/#organization\",\"name\":\"UNIVERSNEWS224\",\"url\":\"https:\/\/universnews224.com\/\",\"logo\":{\"@type\":\"ImageObject\",\"inLanguage\":\"fr-FR\",\"@id\":\"https:\/\/universnews224.com\/#\/schema\/logo\/image\/\",\"url\":\"https:\/\/universnews224.com\/wp-content\/uploads\/2022\/08\/cropped-cropped-logoban.jpg\",\"contentUrl\":\"https:\/\/universnews224.com\/wp-content\/uploads\/2022\/08\/cropped-cropped-logoban.jpg\",\"width\":1080,\"height\":138,\"caption\":\"UNIVERSNEWS224\"},\"image\":{\"@id\":\"https:\/\/universnews224.com\/#\/schema\/logo\/image\/\"}},{\"@type\":\"Person\",\"@id\":\"https:\/\/universnews224.com\/#\/schema\/person\/a4b7d4f94a4716df60456a491260485e\",\"name\":\"La R\u00e9daction\",\"image\":{\"@type\":\"ImageObject\",\"inLanguage\":\"fr-FR\",\"@id\":\"https:\/\/universnews224.com\/#\/schema\/person\/image\/\",\"url\":\"https:\/\/secure.gravatar.com\/avatar\/edb90acc7752b23e1b3307ad36c14f0d?s=96&d=mm&r=g\",\"contentUrl\":\"https:\/\/secure.gravatar.com\/avatar\/edb90acc7752b23e1b3307ad36c14f0d?s=96&d=mm&r=g\",\"caption\":\"La R\u00e9daction\"},\"sameAs\":[\"https:\/\/universnews224.com\"],\"url\":\"https:\/\/universnews224.com\/index.php\/author\/m-camara\/\"}]}<\/script>\n<!-- \/ Yoast SEO plugin. -->","yoast_head_json":{"title":"Campagne pr\u00e9sidentielle \u00e0 Kankan : Le S\u00e8d\u00e8 Dandiya N\u00b04 finalise sa strat\u00e9gie d'accompagnement du G\u00e9n\u00e9ral - UNIVERSNEWS224","robots":{"index":"index","follow":"follow","max-snippet":"max-snippet:-1","max-image-preview":"max-image-preview:large","max-video-preview":"max-video-preview:-1"},"canonical":"https:\/\/universnews224.com\/index.php\/campagne-presidentielle-a-kankan-le-sede-dandiya-n4-finalise-sa-strategie-daccompagnement-du-general\/","og_locale":"fr_FR","og_type":"article","og_title":"Campagne pr\u00e9sidentielle \u00e0 Kankan : Le S\u00e8d\u00e8 Dandiya N\u00b04 finalise sa strat\u00e9gie d'accompagnement du G\u00e9n\u00e9ral - UNIVERSNEWS224","og_description":"Apr\u00e8s une importante rencontre de concertation avec le pr\u00e9sident du S\u00e8d\u00e8 Dandiya N\u00ba4, M. Mamadouba","og_url":"https:\/\/universnews224.com\/index.php\/campagne-presidentielle-a-kankan-le-sede-dandiya-n4-finalise-sa-strategie-daccompagnement-du-general\/","og_site_name":"UNIVERSNEWS224","article_published_time":"2025-11-27T14:58:54+00:00","og_image":[{"width":1080,"height":726,"url":"https:\/\/universnews224.com\/wp-content\/uploads\/2025\/11\/IMG-20251127-WA0037.jpg","type":"image\/jpeg"}],"author":"La R\u00e9daction","twitter_misc":{"\u00c9crit par":"La R\u00e9daction","Dur\u00e9e de lecture estim\u00e9e":"3 minutes"},"schema":{"@context":"https:\/\/schema.org","@graph":[{"@type":"Article","@id":"https:\/\/universnews224.com\/index.php\/campagne-presidentielle-a-kankan-le-sede-dandiya-n4-finalise-sa-strategie-daccompagnement-du-general\/#article","isPartOf":{"@id":"https:\/\/universnews224.com\/index.php\/campagne-presidentielle-a-kankan-le-sede-dandiya-n4-finalise-sa-strategie-daccompagnement-du-general\/"},"author":{"name":"La R\u00e9daction","@id":"https:\/\/universnews224.com\/#\/schema\/person\/a4b7d4f94a4716df60456a491260485e"},"headline":"Campagne pr\u00e9sidentielle \u00e0 Kankan : Le S\u00e8d\u00e8 Dandiya N\u00b04 finalise sa strat\u00e9gie d&rsquo;accompagnement du G\u00e9n\u00e9ral","datePublished":"2025-11-27T14:58:54+00:00","dateModified":"2025-11-27T14:58:54+00:00","mainEntityOfPage":{"@id":"https:\/\/universnews224.com\/index.php\/campagne-presidentielle-a-kankan-le-sede-dandiya-n4-finalise-sa-strategie-daccompagnement-du-general\/"},"wordCount":369,"publisher":{"@id":"https:\/\/universnews224.com\/#organization"},"keywords":["La unz"],"articleSection":["ACTU","SOCI\u00c9T\u00c9"],"inLanguage":"fr-FR"},{"@type":"WebPage","@id":"https:\/\/universnews224.com\/index.php\/campagne-presidentielle-a-kankan-le-sede-dandiya-n4-finalise-sa-strategie-daccompagnement-du-general\/","url":"https:\/\/universnews224.com\/index.php\/campagne-presidentielle-a-kankan-le-sede-dandiya-n4-finalise-sa-strategie-daccompagnement-du-general\/","name":"Campagne pr\u00e9sidentielle \u00e0 Kankan : Le S\u00e8d\u00e8 Dandiya N\u00b04 finalise sa strat\u00e9gie d'accompagnement du G\u00e9n\u00e9ral - UNIVERSNEWS224","isPartOf":{"@id":"https:\/\/universnews224.com\/#website"},"datePublished":"2025-11-27T14:58:54+00:00","dateModified":"2025-11-27T14:58:54+00:00","inLanguage":"fr-FR","potentialAction":[{"@type":"ReadAction","target":["https:\/\/universnews224.com\/index.php\/campagne-presidentielle-a-kankan-le-sede-dandiya-n4-finalise-sa-strategie-daccompagnement-du-general\/"]}]},{"@type":"WebSite","@id":"https:\/\/universnews224.com\/#website","url":"https:\/\/universnews224.com\/","name":"UNIVERSNEWS224","description":"","publisher":{"@id":"https:\/\/universnews224.com\/#organization"},"potentialAction":[{"@type":"SearchAction","target":{"@type":"EntryPoint","urlTemplate":"https:\/\/universnews224.com\/?s={search_term_string}"},"query-input":"required name=search_term_string"}],"inLanguage":"fr-FR"},{"@type":"Organization","@id":"https:\/\/universnews224.com\/#organization","name":"UNIVERSNEWS224","url":"https:\/\/universnews224.com\/","logo":{"@type":"ImageObject","inLanguage":"fr-FR","@id":"https:\/\/universnews224.com\/#\/schema\/logo\/image\/","url":"https:\/\/universnews224.com\/wp-content\/uploads\/2022\/08\/cropped-cropped-logoban.jpg","contentUrl":"https:\/\/universnews224.com\/wp-content\/uploads\/2022\/08\/cropped-cropped-logoban.jpg","width":1080,"height":138,"caption":"UNIVERSNEWS224"},"image":{"@id":"https:\/\/universnews224.com\/#\/schema\/logo\/image\/"}},{"@type":"Person","@id":"https:\/\/universnews224.com\/#\/schema\/person\/a4b7d4f94a4716df60456a491260485e","name":"La R\u00e9daction","image":{"@type":"ImageObject","inLanguage":"fr-FR","@id":"https:\/\/universnews224.com\/#\/schema\/person\/image\/","url":"https:\/\/secure.gravatar.com\/avatar\/edb90acc7752b23e1b3307ad36c14f0d?s=96&d=mm&r=g","contentUrl":"https:\/\/secure.gravatar.com\/avatar\/edb90acc7752b23e1b3307ad36c14f0d?s=96&d=mm&r=g","caption":"La R\u00e9daction"},"sameAs":["https:\/\/universnews224.com"],"url":"https:\/\/universnews224.com\/index.php\/author\/m-camara\/"}]}},"_links":{"self":[{"href":"https:\/\/universnews224.com\/index.php\/wp-json\/wp\/v2\/posts\/9647"}],"collection":[{"href":"https:\/\/universnews224.com\/index.php\/wp-json\/wp\/v2\/posts"}],"about":[{"href":"https:\/\/universnews224.com\/index.php\/wp-json\/wp\/v2\/types\/post"}],"author":[{"embeddable":true,"href":"https:\/\/universnews224.com\/index.php\/wp-json\/wp\/v2\/users\/2"}],"replies":[{"embeddable":true,"href":"https:\/\/universnews224.com\/index.php\/wp-json\/wp\/v2\/comments?post=9647"}],"version-history":[{"count":1,"href":"https:\/\/universnews224.com\/index.php\/wp-json\/wp\/v2\/posts\/9647\/revisions"}],"predecessor-version":[{"id":9651,"href":"https:\/\/universnews224.com\/index.php\/wp-json\/wp\/v2\/posts\/9647\/revisions\/9651"}],"wp:featuredmedia":[{"embeddable":true,"href":"https:\/\/universnews224.com\/index.php\/wp-json\/wp\/v2\/media\/9648"}],"wp:attachment":[{"href":"https:\/\/universnews224.com\/index.php\/wp-json\/wp\/v2\/media?parent=9647"}],"wp:term":[{"taxonomy":"category","embeddable":true,"href":"https:\/\/universnews224.com\/index.php\/wp-json\/wp\/v2\/categories?post=9647"},{"taxonomy":"post_tag","embeddable":true,"href":"https:\/\/universnews224.com\/index.php\/wp-json\/wp\/v2\/tags?post=9647"}],"curies":[{"name":"wp","href":"https:\/\/api.w.org\/{rel}","templated":true}]}}