{"id":9667,"date":"2025-11-29T17:58:38","date_gmt":"2025-11-29T16:58:38","guid":{"rendered":"https:\/\/universnews224.com\/?p=9667"},"modified":"2025-11-29T17:58:38","modified_gmt":"2025-11-29T16:58:38","slug":"campagne-presidentielle-a-kankan-sere-dandiya-n4-pret-pour-une-mobilisation-massive-en-faveur-du-general-doumbouya","status":"publish","type":"post","link":"https:\/\/universnews224.com\/index.php\/campagne-presidentielle-a-kankan-sere-dandiya-n4-pret-pour-une-mobilisation-massive-en-faveur-du-general-doumbouya\/","title":{"rendered":"Campagne pr\u00e9sidentielle \u00e0 Kankan : S\u00e8r\u00e8 Dandiya N\u00b04 Pr\u00eat pour une Mobilisation Massive en Faveur du G\u00e9n\u00e9ral Doumbouya"},"content":{"rendered":"<p dir=\"ltr\"><b>CONAKRY, le 29 novembre 2025<\/b> \u2013 En pr\u00e9vision de l&rsquo;\u00e9lection pr\u00e9sidentielle du 28 d\u00e9cembre prochain en Guin\u00e9e, la structure de mobilisation S\u00e8r\u00e8 Dandiya N\u00b04, qui se veut le grand rassemblement des fils et filles de Kankan Nabaya (en r\u00e9f\u00e9rence \u00e0 la danse des hommes forts de la Mamaya), a tenu une r\u00e9union cruciale ce samedi \u00e0 Conakry. L&rsquo;objectif de cette rencontre \u00e9tait de finaliser les pr\u00e9paratifs, prendre des dispositions strat\u00e9giques et d\u00e9finir des m\u00e9thodes innovantes pour \u00e9largir l&rsquo;assiette de la mobilisation. L&rsquo;ambition affich\u00e9e est d&rsquo;assurer un <b>\u00ab coup K.O \u00bb<\/b> au scrutin en faveur du <b>G\u00e9n\u00e9ral Pr\u00e9sident Mamadi Doumbouya, pr\u00e9sent\u00e9 comme le \u00ab\u00a0pr\u00e9sident b\u00e2tisseur\u00a0\u00bb<\/b>.<\/p>\n<h3>\u200b<a href=\"https:\/\/universnews224.com\/wp-content\/uploads\/2025\/11\/IMG-20251129-WA0024.jpg\"><img loading=\"lazy\" class=\"alignnone size-medium wp-image-9668\" src=\"https:\/\/universnews224.com\/wp-content\/uploads\/2025\/11\/IMG-20251129-WA0024-300x202.jpg\" alt=\"\" width=\"300\" height=\"202\" srcset=\"https:\/\/universnews224.com\/wp-content\/uploads\/2025\/11\/IMG-20251129-WA0024-300x202.jpg 300w, https:\/\/universnews224.com\/wp-content\/uploads\/2025\/11\/IMG-20251129-WA0024-768x518.jpg 768w, https:\/\/universnews224.com\/wp-content\/uploads\/2025\/11\/IMG-20251129-WA0024.jpg 1008w\" sizes=\"(max-width: 300px) 100vw, 300px\" \/><\/a><\/h3>\n<p dir=\"ltr\">Au cours de ce conclave, les participants ont examin\u00e9 les conclusions de la pr\u00e9c\u00e9dente r\u00e9union, ax\u00e9es sur l&rsquo;organisation de leur participation active \u00e0 la campagne pr\u00e9sidentielle dans la pr\u00e9fecture de Kankan. Cette \u00e9tape est consid\u00e9r\u00e9e comme cl\u00e9 pour la coordination locale des activit\u00e9s politiques, d&rsquo;autant que la ville de Kankan a d\u00e9j\u00e0 commenc\u00e9 \u00e0 accueillir les premi\u00e8res manifestations en soutien au G\u00e9n\u00e9ral Doumbouya (GMD).<a href=\"https:\/\/universnews224.com\/wp-content\/uploads\/2025\/11\/IMG-20251129-WA0023.jpg\"><img loading=\"lazy\" class=\"alignnone size-medium wp-image-9669\" src=\"https:\/\/universnews224.com\/wp-content\/uploads\/2025\/11\/IMG-20251129-WA0023-300x285.jpg\" alt=\"\" width=\"300\" height=\"285\" srcset=\"https:\/\/universnews224.com\/wp-content\/uploads\/2025\/11\/IMG-20251129-WA0023-300x285.jpg 300w, https:\/\/universnews224.com\/wp-content\/uploads\/2025\/11\/IMG-20251129-WA0023-768x730.jpg 768w, https:\/\/universnews224.com\/wp-content\/uploads\/2025\/11\/IMG-20251129-WA0023.jpg 1013w\" sizes=\"(max-width: 300px) 100vw, 300px\" \/><\/a><\/p>\n<p dir=\"ltr\">\u200bPrenant la parole devant les responsables des diff\u00e9rentes t\u00e2ches, le pr\u00e9sident de S\u00e8r\u00e8 Dandiya N\u00b04, <b>Mamadou Diana Kaba<\/b>, accompagn\u00e9 de son vice-pr\u00e9sident <b>Gassim<\/b>, a d\u00e9taill\u00e9 les d\u00e9marches effectu\u00e9es. Il a notamment insist\u00e9 sur les appels et invitations lanc\u00e9s aux autres structures repr\u00e9sentatives et aux sages de Nabaya, dans le but de <b>\u00ab\u00a0rentrer ensemble et sortir ensemble comme un seul homme \u00e0 Kankan\u00a0\u00bb<\/b> pour accompagner le G\u00e9n\u00e9ral Doumbouya.<a href=\"https:\/\/universnews224.com\/wp-content\/uploads\/2025\/11\/IMG-20251129-WA0022.jpg\"><img loading=\"lazy\" class=\"alignnone size-medium wp-image-9670\" src=\"https:\/\/universnews224.com\/wp-content\/uploads\/2025\/11\/IMG-20251129-WA0022-300x274.jpg\" alt=\"\" width=\"300\" height=\"274\" srcset=\"https:\/\/universnews224.com\/wp-content\/uploads\/2025\/11\/IMG-20251129-WA0022-300x274.jpg 300w, https:\/\/universnews224.com\/wp-content\/uploads\/2025\/11\/IMG-20251129-WA0022-1024x937.jpg 1024w, https:\/\/universnews224.com\/wp-content\/uploads\/2025\/11\/IMG-20251129-WA0022-768x703.jpg 768w, https:\/\/universnews224.com\/wp-content\/uploads\/2025\/11\/IMG-20251129-WA0022.jpg 1080w\" sizes=\"(max-width: 300px) 100vw, 300px\" \/><\/a><\/p>\n<h3><\/h3>\n<p dir=\"ltr\">\u200b\u00c0 cette occasion, apr\u00e8s concertation, les responsables de la structure ont d\u00e9cid\u00e9 de <b>\u00ab mettre un guichet double \u00bb<\/b> pour soutenir le G\u00e9n\u00e9ral Doumbouya durant la campagne.<\/p>\n<p dir=\"ltr\">\u200b\u00ab Nous devons donc le faire dans les r\u00e8gles de l&rsquo;art. Si nous le faisons \u00e0 notre mani\u00e8re, c&rsquo;est que nous voulons avant tout coordonner nos efforts pour garantir la <b>stabilit\u00e9, l&rsquo;unit\u00e9 et l&rsquo;espoir de changer la ville de Kankan<\/b>. Le d\u00e9part pour s&rsquo;aligner directement sur notre destination est d\u00e9j\u00e0 act\u00e9. Pr\u00e9parez-vous, car une date sera bient\u00f4t fix\u00e9e pour la suite de nos programmes et strat\u00e9gies. Une r\u00e9union restreinte sera mise en place afin de d\u00e9finir les plans d\u00e9taill\u00e9s dans les prochains jours, avant le d\u00e9part \u00e0 Kankan, pour le bon d\u00e9roulement des activit\u00e9s de la campagne \u00bb, a d\u00e9clar\u00e9 <b>M. Diana Kaba<\/b>.<\/p>\n<p>&nbsp;<\/p>\n<p dir=\"ltr\">En conclusion, de nombreuses activit\u00e9s et strat\u00e9gies innovantes ont \u00e9t\u00e9 \u00e9voqu\u00e9es, mais elles restent confidentielles pour assurer le succ\u00e8s de la structure. Les points essentiels comprennent la s\u00e9curisation des \u00e9v\u00e9nements, la mise en place de solutions efficaces et l&rsquo;utilisation des comp\u00e9tences pour promouvoir l&rsquo;\u00e9mergence ainsi que la n\u00e9cessit\u00e9 d&rsquo;un accompagnement structur\u00e9 et r\u00e9ussi en faveur du candidat Mamadi Doumbouya.<\/p>\n<p dir=\"ltr\">\u200b<b>Alass Sylla pour universnews224.com \/ T\u00e9l : 625 480 252<\/b><\/p>\n","protected":false},"excerpt":{"rendered":"<p>CONAKRY, le 29 novembre 2025 \u2013 En pr\u00e9vision de l&rsquo;\u00e9lection pr\u00e9sidentielle du 28 d\u00e9cembre prochain<\/p>\n","protected":false},"author":2,"featured_media":9670,"comment_status":"closed","ping_status":"open","sticky":false,"template":"","format":"standard","meta":[],"categories":[3,4],"tags":[237],"yoast_head":"<!-- This site is optimized with the Yoast SEO plugin v19.13 - https:\/\/yoast.com\/wordpress\/plugins\/seo\/ -->\n<title>Campagne pr\u00e9sidentielle \u00e0 Kankan : S\u00e8r\u00e8 Dandiya N\u00b04 Pr\u00eat pour une Mobilisation Massive en Faveur du G\u00e9n\u00e9ral Doumbouya - UNIVERSNEWS224<\/title>\n<meta name=\"robots\" content=\"index, follow, max-snippet:-1, max-image-preview:large, max-video-preview:-1\" \/>\n<link rel=\"canonical\" href=\"https:\/\/universnews224.com\/index.php\/campagne-presidentielle-a-kankan-sere-dandiya-n4-pret-pour-une-mobilisation-massive-en-faveur-du-general-doumbouya\/\" \/>\n<meta property=\"og:locale\" content=\"fr_FR\" \/>\n<meta property=\"og:type\" content=\"article\" \/>\n<meta property=\"og:title\" content=\"Campagne pr\u00e9sidentielle \u00e0 Kankan : S\u00e8r\u00e8 Dandiya N\u00b04 Pr\u00eat pour une Mobilisation Massive en Faveur du G\u00e9n\u00e9ral Doumbouya - UNIVERSNEWS224\" \/>\n<meta property=\"og:description\" content=\"CONAKRY, le 29 novembre 2025 \u2013 En pr\u00e9vision de l&rsquo;\u00e9lection pr\u00e9sidentielle du 28 d\u00e9cembre prochain\" \/>\n<meta property=\"og:url\" content=\"https:\/\/universnews224.com\/index.php\/campagne-presidentielle-a-kankan-sere-dandiya-n4-pret-pour-une-mobilisation-massive-en-faveur-du-general-doumbouya\/\" \/>\n<meta property=\"og:site_name\" content=\"UNIVERSNEWS224\" \/>\n<meta property=\"article:published_time\" content=\"2025-11-29T16:58:38+00:00\" \/>\n<meta property=\"og:image\" content=\"https:\/\/universnews224.com\/wp-content\/uploads\/2025\/11\/IMG-20251129-WA0022.jpg\" \/>\n\t<meta property=\"og:image:width\" content=\"1080\" \/>\n\t<meta property=\"og:image:height\" content=\"988\" \/>\n\t<meta property=\"og:image:type\" content=\"image\/jpeg\" \/>\n<meta name=\"author\" content=\"La R\u00e9daction\" \/>\n<meta name=\"twitter:label1\" content=\"\u00c9crit par\" \/>\n\t<meta name=\"twitter:data1\" content=\"La R\u00e9daction\" \/>\n\t<meta name=\"twitter:label2\" content=\"Dur\u00e9e de lecture estim\u00e9e\" \/>\n\t<meta name=\"twitter:data2\" content=\"3 minutes\" \/>\n<script type=\"application\/ld+json\" class=\"yoast-schema-graph\">{\"@context\":\"https:\/\/schema.org\",\"@graph\":[{\"@type\":\"Article\",\"@id\":\"https:\/\/universnews224.com\/index.php\/campagne-presidentielle-a-kankan-sere-dandiya-n4-pret-pour-une-mobilisation-massive-en-faveur-du-general-doumbouya\/#article\",\"isPartOf\":{\"@id\":\"https:\/\/universnews224.com\/index.php\/campagne-presidentielle-a-kankan-sere-dandiya-n4-pret-pour-une-mobilisation-massive-en-faveur-du-general-doumbouya\/\"},\"author\":{\"name\":\"La R\u00e9daction\",\"@id\":\"https:\/\/universnews224.com\/#\/schema\/person\/a4b7d4f94a4716df60456a491260485e\"},\"headline\":\"Campagne pr\u00e9sidentielle \u00e0 Kankan : S\u00e8r\u00e8 Dandiya N\u00b04 Pr\u00eat pour une Mobilisation Massive en Faveur du G\u00e9n\u00e9ral Doumbouya\",\"datePublished\":\"2025-11-29T16:58:38+00:00\",\"dateModified\":\"2025-11-29T16:58:38+00:00\",\"mainEntityOfPage\":{\"@id\":\"https:\/\/universnews224.com\/index.php\/campagne-presidentielle-a-kankan-sere-dandiya-n4-pret-pour-une-mobilisation-massive-en-faveur-du-general-doumbouya\/\"},\"wordCount\":511,\"publisher\":{\"@id\":\"https:\/\/universnews224.com\/#organization\"},\"keywords\":[\"A la une\"],\"articleSection\":[\"ACTU\",\"POLITIQUE\"],\"inLanguage\":\"fr-FR\"},{\"@type\":\"WebPage\",\"@id\":\"https:\/\/universnews224.com\/index.php\/campagne-presidentielle-a-kankan-sere-dandiya-n4-pret-pour-une-mobilisation-massive-en-faveur-du-general-doumbouya\/\",\"url\":\"https:\/\/universnews224.com\/index.php\/campagne-presidentielle-a-kankan-sere-dandiya-n4-pret-pour-une-mobilisation-massive-en-faveur-du-general-doumbouya\/\",\"name\":\"Campagne pr\u00e9sidentielle \u00e0 Kankan : S\u00e8r\u00e8 Dandiya N\u00b04 Pr\u00eat pour une Mobilisation Massive en Faveur du G\u00e9n\u00e9ral Doumbouya - UNIVERSNEWS224\",\"isPartOf\":{\"@id\":\"https:\/\/universnews224.com\/#website\"},\"datePublished\":\"2025-11-29T16:58:38+00:00\",\"dateModified\":\"2025-11-29T16:58:38+00:00\",\"inLanguage\":\"fr-FR\",\"potentialAction\":[{\"@type\":\"ReadAction\",\"target\":[\"https:\/\/universnews224.com\/index.php\/campagne-presidentielle-a-kankan-sere-dandiya-n4-pret-pour-une-mobilisation-massive-en-faveur-du-general-doumbouya\/\"]}]},{\"@type\":\"WebSite\",\"@id\":\"https:\/\/universnews224.com\/#website\",\"url\":\"https:\/\/universnews224.com\/\",\"name\":\"UNIVERSNEWS224\",\"description\":\"\",\"publisher\":{\"@id\":\"https:\/\/universnews224.com\/#organization\"},\"potentialAction\":[{\"@type\":\"SearchAction\",\"target\":{\"@type\":\"EntryPoint\",\"urlTemplate\":\"https:\/\/universnews224.com\/?s={search_term_string}\"},\"query-input\":\"required name=search_term_string\"}],\"inLanguage\":\"fr-FR\"},{\"@type\":\"Organization\",\"@id\":\"https:\/\/universnews224.com\/#organization\",\"name\":\"UNIVERSNEWS224\",\"url\":\"https:\/\/universnews224.com\/\",\"logo\":{\"@type\":\"ImageObject\",\"inLanguage\":\"fr-FR\",\"@id\":\"https:\/\/universnews224.com\/#\/schema\/logo\/image\/\",\"url\":\"https:\/\/universnews224.com\/wp-content\/uploads\/2022\/08\/cropped-cropped-logoban.jpg\",\"contentUrl\":\"https:\/\/universnews224.com\/wp-content\/uploads\/2022\/08\/cropped-cropped-logoban.jpg\",\"width\":1080,\"height\":138,\"caption\":\"UNIVERSNEWS224\"},\"image\":{\"@id\":\"https:\/\/universnews224.com\/#\/schema\/logo\/image\/\"}},{\"@type\":\"Person\",\"@id\":\"https:\/\/universnews224.com\/#\/schema\/person\/a4b7d4f94a4716df60456a491260485e\",\"name\":\"La R\u00e9daction\",\"image\":{\"@type\":\"ImageObject\",\"inLanguage\":\"fr-FR\",\"@id\":\"https:\/\/universnews224.com\/#\/schema\/person\/image\/\",\"url\":\"https:\/\/secure.gravatar.com\/avatar\/edb90acc7752b23e1b3307ad36c14f0d?s=96&d=mm&r=g\",\"contentUrl\":\"https:\/\/secure.gravatar.com\/avatar\/edb90acc7752b23e1b3307ad36c14f0d?s=96&d=mm&r=g\",\"caption\":\"La R\u00e9daction\"},\"sameAs\":[\"https:\/\/universnews224.com\"],\"url\":\"https:\/\/universnews224.com\/index.php\/author\/m-camara\/\"}]}<\/script>\n<!-- \/ Yoast SEO plugin. -->","yoast_head_json":{"title":"Campagne pr\u00e9sidentielle \u00e0 Kankan : S\u00e8r\u00e8 Dandiya N\u00b04 Pr\u00eat pour une Mobilisation Massive en Faveur du G\u00e9n\u00e9ral Doumbouya - UNIVERSNEWS224","robots":{"index":"index","follow":"follow","max-snippet":"max-snippet:-1","max-image-preview":"max-image-preview:large","max-video-preview":"max-video-preview:-1"},"canonical":"https:\/\/universnews224.com\/index.php\/campagne-presidentielle-a-kankan-sere-dandiya-n4-pret-pour-une-mobilisation-massive-en-faveur-du-general-doumbouya\/","og_locale":"fr_FR","og_type":"article","og_title":"Campagne pr\u00e9sidentielle \u00e0 Kankan : S\u00e8r\u00e8 Dandiya N\u00b04 Pr\u00eat pour une Mobilisation Massive en Faveur du G\u00e9n\u00e9ral Doumbouya - UNIVERSNEWS224","og_description":"CONAKRY, le 29 novembre 2025 \u2013 En pr\u00e9vision de l&rsquo;\u00e9lection pr\u00e9sidentielle du 28 d\u00e9cembre prochain","og_url":"https:\/\/universnews224.com\/index.php\/campagne-presidentielle-a-kankan-sere-dandiya-n4-pret-pour-une-mobilisation-massive-en-faveur-du-general-doumbouya\/","og_site_name":"UNIVERSNEWS224","article_published_time":"2025-11-29T16:58:38+00:00","og_image":[{"width":1080,"height":988,"url":"https:\/\/universnews224.com\/wp-content\/uploads\/2025\/11\/IMG-20251129-WA0022.jpg","type":"image\/jpeg"}],"author":"La R\u00e9daction","twitter_misc":{"\u00c9crit par":"La R\u00e9daction","Dur\u00e9e de lecture estim\u00e9e":"3 minutes"},"schema":{"@context":"https:\/\/schema.org","@graph":[{"@type":"Article","@id":"https:\/\/universnews224.com\/index.php\/campagne-presidentielle-a-kankan-sere-dandiya-n4-pret-pour-une-mobilisation-massive-en-faveur-du-general-doumbouya\/#article","isPartOf":{"@id":"https:\/\/universnews224.com\/index.php\/campagne-presidentielle-a-kankan-sere-dandiya-n4-pret-pour-une-mobilisation-massive-en-faveur-du-general-doumbouya\/"},"author":{"name":"La R\u00e9daction","@id":"https:\/\/universnews224.com\/#\/schema\/person\/a4b7d4f94a4716df60456a491260485e"},"headline":"Campagne pr\u00e9sidentielle \u00e0 Kankan : S\u00e8r\u00e8 Dandiya N\u00b04 Pr\u00eat pour une Mobilisation Massive en Faveur du G\u00e9n\u00e9ral Doumbouya","datePublished":"2025-11-29T16:58:38+00:00","dateModified":"2025-11-29T16:58:38+00:00","mainEntityOfPage":{"@id":"https:\/\/universnews224.com\/index.php\/campagne-presidentielle-a-kankan-sere-dandiya-n4-pret-pour-une-mobilisation-massive-en-faveur-du-general-doumbouya\/"},"wordCount":511,"publisher":{"@id":"https:\/\/universnews224.com\/#organization"},"keywords":["A la une"],"articleSection":["ACTU","POLITIQUE"],"inLanguage":"fr-FR"},{"@type":"WebPage","@id":"https:\/\/universnews224.com\/index.php\/campagne-presidentielle-a-kankan-sere-dandiya-n4-pret-pour-une-mobilisation-massive-en-faveur-du-general-doumbouya\/","url":"https:\/\/universnews224.com\/index.php\/campagne-presidentielle-a-kankan-sere-dandiya-n4-pret-pour-une-mobilisation-massive-en-faveur-du-general-doumbouya\/","name":"Campagne pr\u00e9sidentielle \u00e0 Kankan : S\u00e8r\u00e8 Dandiya N\u00b04 Pr\u00eat pour une Mobilisation Massive en Faveur du G\u00e9n\u00e9ral Doumbouya - UNIVERSNEWS224","isPartOf":{"@id":"https:\/\/universnews224.com\/#website"},"datePublished":"2025-11-29T16:58:38+00:00","dateModified":"2025-11-29T16:58:38+00:00","inLanguage":"fr-FR","potentialAction":[{"@type":"ReadAction","target":["https:\/\/universnews224.com\/index.php\/campagne-presidentielle-a-kankan-sere-dandiya-n4-pret-pour-une-mobilisation-massive-en-faveur-du-general-doumbouya\/"]}]},{"@type":"WebSite","@id":"https:\/\/universnews224.com\/#website","url":"https:\/\/universnews224.com\/","name":"UNIVERSNEWS224","description":"","publisher":{"@id":"https:\/\/universnews224.com\/#organization"},"potentialAction":[{"@type":"SearchAction","target":{"@type":"EntryPoint","urlTemplate":"https:\/\/universnews224.com\/?s={search_term_string}"},"query-input":"required name=search_term_string"}],"inLanguage":"fr-FR"},{"@type":"Organization","@id":"https:\/\/universnews224.com\/#organization","name":"UNIVERSNEWS224","url":"https:\/\/universnews224.com\/","logo":{"@type":"ImageObject","inLanguage":"fr-FR","@id":"https:\/\/universnews224.com\/#\/schema\/logo\/image\/","url":"https:\/\/universnews224.com\/wp-content\/uploads\/2022\/08\/cropped-cropped-logoban.jpg","contentUrl":"https:\/\/universnews224.com\/wp-content\/uploads\/2022\/08\/cropped-cropped-logoban.jpg","width":1080,"height":138,"caption":"UNIVERSNEWS224"},"image":{"@id":"https:\/\/universnews224.com\/#\/schema\/logo\/image\/"}},{"@type":"Person","@id":"https:\/\/universnews224.com\/#\/schema\/person\/a4b7d4f94a4716df60456a491260485e","name":"La R\u00e9daction","image":{"@type":"ImageObject","inLanguage":"fr-FR","@id":"https:\/\/universnews224.com\/#\/schema\/person\/image\/","url":"https:\/\/secure.gravatar.com\/avatar\/edb90acc7752b23e1b3307ad36c14f0d?s=96&d=mm&r=g","contentUrl":"https:\/\/secure.gravatar.com\/avatar\/edb90acc7752b23e1b3307ad36c14f0d?s=96&d=mm&r=g","caption":"La R\u00e9daction"},"sameAs":["https:\/\/universnews224.com"],"url":"https:\/\/universnews224.com\/index.php\/author\/m-camara\/"}]}},"_links":{"self":[{"href":"https:\/\/universnews224.com\/index.php\/wp-json\/wp\/v2\/posts\/9667"}],"collection":[{"href":"https:\/\/universnews224.com\/index.php\/wp-json\/wp\/v2\/posts"}],"about":[{"href":"https:\/\/universnews224.com\/index.php\/wp-json\/wp\/v2\/types\/post"}],"author":[{"embeddable":true,"href":"https:\/\/universnews224.com\/index.php\/wp-json\/wp\/v2\/users\/2"}],"replies":[{"embeddable":true,"href":"https:\/\/universnews224.com\/index.php\/wp-json\/wp\/v2\/comments?post=9667"}],"version-history":[{"count":1,"href":"https:\/\/universnews224.com\/index.php\/wp-json\/wp\/v2\/posts\/9667\/revisions"}],"predecessor-version":[{"id":9671,"href":"https:\/\/universnews224.com\/index.php\/wp-json\/wp\/v2\/posts\/9667\/revisions\/9671"}],"wp:featuredmedia":[{"embeddable":true,"href":"https:\/\/universnews224.com\/index.php\/wp-json\/wp\/v2\/media\/9670"}],"wp:attachment":[{"href":"https:\/\/universnews224.com\/index.php\/wp-json\/wp\/v2\/media?parent=9667"}],"wp:term":[{"taxonomy":"category","embeddable":true,"href":"https:\/\/universnews224.com\/index.php\/wp-json\/wp\/v2\/categories?post=9667"},{"taxonomy":"post_tag","embeddable":true,"href":"https:\/\/universnews224.com\/index.php\/wp-json\/wp\/v2\/tags?post=9667"}],"curies":[{"name":"wp","href":"https:\/\/api.w.org\/{rel}","templated":true}]}}