{"id":9677,"date":"2025-12-01T13:08:48","date_gmt":"2025-12-01T12:08:48","guid":{"rendered":"https:\/\/universnews224.com\/?p=9677"},"modified":"2025-12-01T13:08:48","modified_gmt":"2025-12-01T12:08:48","slug":"installation-de-lantenne-de-maneah-mme-mariama-cire-sylla-installee-a-la-tete-de-la-coordination-locale-du-rassemblement","status":"publish","type":"post","link":"https:\/\/universnews224.com\/index.php\/installation-de-lantenne-de-maneah-mme-mariama-cire-sylla-installee-a-la-tete-de-la-coordination-locale-du-rassemblement\/","title":{"rendered":"Installation de l&rsquo;Antenne de Man\u00e9ah : Mme Mariama Cir\u00e9 Sylla Install\u00e9e \u00e0 la T\u00eate de la Coordination locale du Rassemblement"},"content":{"rendered":"<p dir=\"ltr\">Dans le cadre de la mobilisation citoyenne pour la <b>victoire d\u00e8s le premier tour<\/b> de l&rsquo;\u00e9lection pr\u00e9sidentielle, les responsables de la structure <b>\u00abG\u00e9n\u00e9ration Patriote de Guin\u00e9e\u00bb<\/b> ont proc\u00e9d\u00e9 ce <b>dimanche 30 novembre 2025<\/b> \u00e0 l&rsquo;installation de <b>Mme Mariama Cir\u00e9 Sylla<\/b> et de son \u00e9quipe. Ils sont d\u00e9sormais <b>points focaux<\/b> pour soutenir la candidature du <b>G\u00e9n\u00e9ral Mamadi Doumbouya<\/b> lors de l&rsquo;\u00e9lection pr\u00e9sidentielle du 28 d\u00e9cembre prochain \u00e0 <b>Man\u00e9ah<\/b>.<a href=\"https:\/\/universnews224.com\/wp-content\/uploads\/2025\/12\/IMG-20251201-WA0003.jpg\"><img loading=\"lazy\" class=\"alignnone size-medium wp-image-9679\" src=\"https:\/\/universnews224.com\/wp-content\/uploads\/2025\/12\/IMG-20251201-WA0003-300x208.jpg\" alt=\"\" width=\"300\" height=\"208\" srcset=\"https:\/\/universnews224.com\/wp-content\/uploads\/2025\/12\/IMG-20251201-WA0003-300x208.jpg 300w, https:\/\/universnews224.com\/wp-content\/uploads\/2025\/12\/IMG-20251201-WA0003-768x533.jpg 768w, https:\/\/universnews224.com\/wp-content\/uploads\/2025\/12\/IMG-20251201-WA0003.jpg 1008w\" sizes=\"(max-width: 300px) 100vw, 300px\" \/><\/a><\/p>\n<p dir=\"ltr\">\u200bDans son discours de circonstance, <b>Mme Mariama Cir\u00e9 Sylla<\/b> a vivement <b>remerci\u00e9<\/b> la d\u00e9l\u00e9gation ainsi que la <b>grande population<\/b> de Man\u00e9ah, qui <b>\u00e9tait massivement sortie<\/b> pour la soutenir et l&rsquo;accompagner dans sa mission de mobilisation.<a href=\"https:\/\/universnews224.com\/wp-content\/uploads\/2025\/12\/IMG-20251201-WA0007.jpg\"><img loading=\"lazy\" class=\"alignnone size-medium wp-image-9680\" src=\"https:\/\/universnews224.com\/wp-content\/uploads\/2025\/12\/IMG-20251201-WA0007-300x222.jpg\" alt=\"\" width=\"300\" height=\"222\" srcset=\"https:\/\/universnews224.com\/wp-content\/uploads\/2025\/12\/IMG-20251201-WA0007-300x222.jpg 300w, https:\/\/universnews224.com\/wp-content\/uploads\/2025\/12\/IMG-20251201-WA0007-1024x759.jpg 1024w, https:\/\/universnews224.com\/wp-content\/uploads\/2025\/12\/IMG-20251201-WA0007-768x569.jpg 768w, https:\/\/universnews224.com\/wp-content\/uploads\/2025\/12\/IMG-20251201-WA0007.jpg 1080w\" sizes=\"(max-width: 300px) 100vw, 300px\" \/><\/a><\/p>\n<p dir=\"ltr\">\u200b\u00ab Votre mobilisation t\u00e9moigne de votre attachement \u00e0 une gouvernance plus participative et \u00e0 la consolidation des valeurs qui fondent notre vivre-ensemble. La <b>coordination communale<\/b> de Man\u00e9ah, que nous installons aujourd&rsquo;hui, aura pour mission de s&rsquo;inscrire pleinement dans cette dynamique de renouveau. Elle devra \u00eatre un espace d&rsquo;\u00e9coute, d&rsquo;orientation et de mobilisation sociale, au service de la communaut\u00e9 et en coh\u00e9rence avec les aspirations profondes de nos populations. Chers membres, <b>la mission qui vous est confi\u00e9e \u00e0 partir de ce jour est \u00e0 la fois noble<\/b> et exigeante. Vous \u00eates appel\u00e9s \u00e0 <b>devenir des relais fiables, cr\u00e9dibles et exemplaires<\/b> dans l&rsquo;application des principes de coh\u00e9sion sociale, de transparence et de travail bien accompli \u00bb, a-t-elle soulign\u00e9.<a href=\"https:\/\/universnews224.com\/wp-content\/uploads\/2025\/12\/IMG-20251201-WA0005.jpg\"><img loading=\"lazy\" class=\"alignnone size-medium wp-image-9678\" src=\"https:\/\/universnews224.com\/wp-content\/uploads\/2025\/12\/IMG-20251201-WA0005-300x169.jpg\" alt=\"\" width=\"300\" height=\"169\" srcset=\"https:\/\/universnews224.com\/wp-content\/uploads\/2025\/12\/IMG-20251201-WA0005-300x169.jpg 300w, https:\/\/universnews224.com\/wp-content\/uploads\/2025\/12\/IMG-20251201-WA0005-768x432.jpg 768w, https:\/\/universnews224.com\/wp-content\/uploads\/2025\/12\/IMG-20251201-WA0005-800x450.jpg 800w, https:\/\/universnews224.com\/wp-content\/uploads\/2025\/12\/IMG-20251201-WA0005.jpg 1008w\" sizes=\"(max-width: 300px) 100vw, 300px\" \/><\/a><\/p>\n<p>&nbsp;<\/p>\n<p dir=\"ltr\">\u200b<b>Poursuivant son allocution<\/b>, <b>elle a ajout\u00e9<\/b> qu&rsquo;ils <b>comptent sur leur engagement<\/b>, leur disponibilit\u00e9 et leur sens \u00e9lev\u00e9 du devoir pour stimuler une adh\u00e9sion citoyenne qui <b>permettra<\/b> d&rsquo;accompagner les initiatives locales, d&rsquo;encourager le d\u00e9veloppement communautaire et de promouvoir <b>l&rsquo;int\u00e9r\u00eat g\u00e9n\u00e9ral au-dessus des int\u00e9r\u00eats particuliers<\/b>.<\/p>\n<p dir=\"ltr\">\u200b<b>De leur c\u00f4t\u00e9<\/b>, les responsables de la structure <b>\u00abG\u00e9n\u00e9ration Patriote de Guin\u00e9e\u00bb<\/b> ont <b>remerci\u00e9<\/b> les citoyens de Man\u00e9ah pour leur mobilisation, <b>estimant<\/b> qu&rsquo;elle t\u00e9moigne effectivement que la <b>victoire du G\u00e9n\u00e9ral<\/b> est d\u00e9j\u00e0 <b>acquise \u00e0 100%<\/b> pour les \u00e9lections pr\u00e9sidentielles.<\/p>\n<p dir=\"ltr\">\u200b\u00ab Nous mettons en place une antenne communale <b>de notre organisation<\/b> dans la commune urbaine de Man\u00e9ah. Je voudrais rappeler que ce n&rsquo;est pas un choix au hasard, c&rsquo;est le fruit d&rsquo;un m\u00e9rite. C&rsquo;est apr\u00e8s une enqu\u00eate minutieuse et au regard des activit\u00e9s <b>men\u00e9es<\/b> par cette \u00e9quipe sur le terrain que la d\u00e9cision fut prise. Aujourd&rsquo;hui, votre pr\u00e9sence t\u00e9moigne de votre engagement \u00e0 accompagner l&rsquo;homme du 5 septembre 2021, qui est notre candidat pour les \u00e9lections pr\u00e9sidentielles du 28 d\u00e9cembre 2025. La premi\u00e8re mission de cette \u00e9quipe, apr\u00e8s l&rsquo;installation, <b>est de se mettre en ordre de bataille<\/b>. <b>Elle devra faire<\/b> du porte-\u00e0-porte pour <b>assurer la victoire d\u00e8s le premier tour, avec un score \u00e9crasant, au soir de la transition<\/b> \u00bb, a d\u00e9clar\u00e9 l&rsquo;un des responsables de <b>G\u00e9n\u00e9ration Patriote<\/b>.<\/p>\n<p>&nbsp;<\/p>\n<p dir=\"ltr\">\u200b<b>Alass Sylla pour universnews224.com<\/b><\/p>\n","protected":false},"excerpt":{"rendered":"<p>Dans le cadre de la mobilisation citoyenne pour la victoire d\u00e8s le premier tour de<\/p>\n","protected":false},"author":2,"featured_media":9680,"comment_status":"closed","ping_status":"open","sticky":false,"template":"","format":"standard","meta":[],"categories":[3,5],"tags":[237],"yoast_head":"<!-- This site is optimized with the Yoast SEO plugin v19.13 - https:\/\/yoast.com\/wordpress\/plugins\/seo\/ -->\n<title>Installation de l&#039;Antenne de Man\u00e9ah : Mme Mariama Cir\u00e9 Sylla Install\u00e9e \u00e0 la T\u00eate de la Coordination locale du Rassemblement - UNIVERSNEWS224<\/title>\n<meta name=\"robots\" content=\"index, follow, max-snippet:-1, max-image-preview:large, max-video-preview:-1\" \/>\n<link rel=\"canonical\" href=\"https:\/\/universnews224.com\/index.php\/installation-de-lantenne-de-maneah-mme-mariama-cire-sylla-installee-a-la-tete-de-la-coordination-locale-du-rassemblement\/\" \/>\n<meta property=\"og:locale\" content=\"fr_FR\" \/>\n<meta property=\"og:type\" content=\"article\" \/>\n<meta property=\"og:title\" content=\"Installation de l&#039;Antenne de Man\u00e9ah : Mme Mariama Cir\u00e9 Sylla Install\u00e9e \u00e0 la T\u00eate de la Coordination locale du Rassemblement - UNIVERSNEWS224\" \/>\n<meta property=\"og:description\" content=\"Dans le cadre de la mobilisation citoyenne pour la victoire d\u00e8s le premier tour de\" \/>\n<meta property=\"og:url\" content=\"https:\/\/universnews224.com\/index.php\/installation-de-lantenne-de-maneah-mme-mariama-cire-sylla-installee-a-la-tete-de-la-coordination-locale-du-rassemblement\/\" \/>\n<meta property=\"og:site_name\" content=\"UNIVERSNEWS224\" \/>\n<meta property=\"article:published_time\" content=\"2025-12-01T12:08:48+00:00\" \/>\n<meta property=\"og:image\" content=\"https:\/\/universnews224.com\/wp-content\/uploads\/2025\/12\/IMG-20251201-WA0007.jpg\" \/>\n\t<meta property=\"og:image:width\" content=\"1080\" \/>\n\t<meta property=\"og:image:height\" content=\"800\" \/>\n\t<meta property=\"og:image:type\" content=\"image\/jpeg\" \/>\n<meta name=\"author\" content=\"La R\u00e9daction\" \/>\n<meta name=\"twitter:label1\" content=\"\u00c9crit par\" \/>\n\t<meta name=\"twitter:data1\" content=\"La R\u00e9daction\" \/>\n\t<meta name=\"twitter:label2\" content=\"Dur\u00e9e de lecture estim\u00e9e\" \/>\n\t<meta name=\"twitter:data2\" content=\"3 minutes\" \/>\n<script type=\"application\/ld+json\" class=\"yoast-schema-graph\">{\"@context\":\"https:\/\/schema.org\",\"@graph\":[{\"@type\":\"Article\",\"@id\":\"https:\/\/universnews224.com\/index.php\/installation-de-lantenne-de-maneah-mme-mariama-cire-sylla-installee-a-la-tete-de-la-coordination-locale-du-rassemblement\/#article\",\"isPartOf\":{\"@id\":\"https:\/\/universnews224.com\/index.php\/installation-de-lantenne-de-maneah-mme-mariama-cire-sylla-installee-a-la-tete-de-la-coordination-locale-du-rassemblement\/\"},\"author\":{\"name\":\"La R\u00e9daction\",\"@id\":\"https:\/\/universnews224.com\/#\/schema\/person\/a4b7d4f94a4716df60456a491260485e\"},\"headline\":\"Installation de l&rsquo;Antenne de Man\u00e9ah : Mme Mariama Cir\u00e9 Sylla Install\u00e9e \u00e0 la T\u00eate de la Coordination locale du Rassemblement\",\"datePublished\":\"2025-12-01T12:08:48+00:00\",\"dateModified\":\"2025-12-01T12:08:48+00:00\",\"mainEntityOfPage\":{\"@id\":\"https:\/\/universnews224.com\/index.php\/installation-de-lantenne-de-maneah-mme-mariama-cire-sylla-installee-a-la-tete-de-la-coordination-locale-du-rassemblement\/\"},\"wordCount\":496,\"publisher\":{\"@id\":\"https:\/\/universnews224.com\/#organization\"},\"keywords\":[\"A la une\"],\"articleSection\":[\"ACTU\",\"SOCI\u00c9T\u00c9\"],\"inLanguage\":\"fr-FR\"},{\"@type\":\"WebPage\",\"@id\":\"https:\/\/universnews224.com\/index.php\/installation-de-lantenne-de-maneah-mme-mariama-cire-sylla-installee-a-la-tete-de-la-coordination-locale-du-rassemblement\/\",\"url\":\"https:\/\/universnews224.com\/index.php\/installation-de-lantenne-de-maneah-mme-mariama-cire-sylla-installee-a-la-tete-de-la-coordination-locale-du-rassemblement\/\",\"name\":\"Installation de l'Antenne de Man\u00e9ah : Mme Mariama Cir\u00e9 Sylla Install\u00e9e \u00e0 la T\u00eate de la Coordination locale du Rassemblement - UNIVERSNEWS224\",\"isPartOf\":{\"@id\":\"https:\/\/universnews224.com\/#website\"},\"datePublished\":\"2025-12-01T12:08:48+00:00\",\"dateModified\":\"2025-12-01T12:08:48+00:00\",\"inLanguage\":\"fr-FR\",\"potentialAction\":[{\"@type\":\"ReadAction\",\"target\":[\"https:\/\/universnews224.com\/index.php\/installation-de-lantenne-de-maneah-mme-mariama-cire-sylla-installee-a-la-tete-de-la-coordination-locale-du-rassemblement\/\"]}]},{\"@type\":\"WebSite\",\"@id\":\"https:\/\/universnews224.com\/#website\",\"url\":\"https:\/\/universnews224.com\/\",\"name\":\"UNIVERSNEWS224\",\"description\":\"\",\"publisher\":{\"@id\":\"https:\/\/universnews224.com\/#organization\"},\"potentialAction\":[{\"@type\":\"SearchAction\",\"target\":{\"@type\":\"EntryPoint\",\"urlTemplate\":\"https:\/\/universnews224.com\/?s={search_term_string}\"},\"query-input\":\"required name=search_term_string\"}],\"inLanguage\":\"fr-FR\"},{\"@type\":\"Organization\",\"@id\":\"https:\/\/universnews224.com\/#organization\",\"name\":\"UNIVERSNEWS224\",\"url\":\"https:\/\/universnews224.com\/\",\"logo\":{\"@type\":\"ImageObject\",\"inLanguage\":\"fr-FR\",\"@id\":\"https:\/\/universnews224.com\/#\/schema\/logo\/image\/\",\"url\":\"https:\/\/universnews224.com\/wp-content\/uploads\/2022\/08\/cropped-cropped-logoban.jpg\",\"contentUrl\":\"https:\/\/universnews224.com\/wp-content\/uploads\/2022\/08\/cropped-cropped-logoban.jpg\",\"width\":1080,\"height\":138,\"caption\":\"UNIVERSNEWS224\"},\"image\":{\"@id\":\"https:\/\/universnews224.com\/#\/schema\/logo\/image\/\"}},{\"@type\":\"Person\",\"@id\":\"https:\/\/universnews224.com\/#\/schema\/person\/a4b7d4f94a4716df60456a491260485e\",\"name\":\"La R\u00e9daction\",\"image\":{\"@type\":\"ImageObject\",\"inLanguage\":\"fr-FR\",\"@id\":\"https:\/\/universnews224.com\/#\/schema\/person\/image\/\",\"url\":\"https:\/\/secure.gravatar.com\/avatar\/edb90acc7752b23e1b3307ad36c14f0d?s=96&d=mm&r=g\",\"contentUrl\":\"https:\/\/secure.gravatar.com\/avatar\/edb90acc7752b23e1b3307ad36c14f0d?s=96&d=mm&r=g\",\"caption\":\"La R\u00e9daction\"},\"sameAs\":[\"https:\/\/universnews224.com\"],\"url\":\"https:\/\/universnews224.com\/index.php\/author\/m-camara\/\"}]}<\/script>\n<!-- \/ Yoast SEO plugin. -->","yoast_head_json":{"title":"Installation de l'Antenne de Man\u00e9ah : Mme Mariama Cir\u00e9 Sylla Install\u00e9e \u00e0 la T\u00eate de la Coordination locale du Rassemblement - UNIVERSNEWS224","robots":{"index":"index","follow":"follow","max-snippet":"max-snippet:-1","max-image-preview":"max-image-preview:large","max-video-preview":"max-video-preview:-1"},"canonical":"https:\/\/universnews224.com\/index.php\/installation-de-lantenne-de-maneah-mme-mariama-cire-sylla-installee-a-la-tete-de-la-coordination-locale-du-rassemblement\/","og_locale":"fr_FR","og_type":"article","og_title":"Installation de l'Antenne de Man\u00e9ah : Mme Mariama Cir\u00e9 Sylla Install\u00e9e \u00e0 la T\u00eate de la Coordination locale du Rassemblement - UNIVERSNEWS224","og_description":"Dans le cadre de la mobilisation citoyenne pour la victoire d\u00e8s le premier tour de","og_url":"https:\/\/universnews224.com\/index.php\/installation-de-lantenne-de-maneah-mme-mariama-cire-sylla-installee-a-la-tete-de-la-coordination-locale-du-rassemblement\/","og_site_name":"UNIVERSNEWS224","article_published_time":"2025-12-01T12:08:48+00:00","og_image":[{"width":1080,"height":800,"url":"https:\/\/universnews224.com\/wp-content\/uploads\/2025\/12\/IMG-20251201-WA0007.jpg","type":"image\/jpeg"}],"author":"La R\u00e9daction","twitter_misc":{"\u00c9crit par":"La R\u00e9daction","Dur\u00e9e de lecture estim\u00e9e":"3 minutes"},"schema":{"@context":"https:\/\/schema.org","@graph":[{"@type":"Article","@id":"https:\/\/universnews224.com\/index.php\/installation-de-lantenne-de-maneah-mme-mariama-cire-sylla-installee-a-la-tete-de-la-coordination-locale-du-rassemblement\/#article","isPartOf":{"@id":"https:\/\/universnews224.com\/index.php\/installation-de-lantenne-de-maneah-mme-mariama-cire-sylla-installee-a-la-tete-de-la-coordination-locale-du-rassemblement\/"},"author":{"name":"La R\u00e9daction","@id":"https:\/\/universnews224.com\/#\/schema\/person\/a4b7d4f94a4716df60456a491260485e"},"headline":"Installation de l&rsquo;Antenne de Man\u00e9ah : Mme Mariama Cir\u00e9 Sylla Install\u00e9e \u00e0 la T\u00eate de la Coordination locale du Rassemblement","datePublished":"2025-12-01T12:08:48+00:00","dateModified":"2025-12-01T12:08:48+00:00","mainEntityOfPage":{"@id":"https:\/\/universnews224.com\/index.php\/installation-de-lantenne-de-maneah-mme-mariama-cire-sylla-installee-a-la-tete-de-la-coordination-locale-du-rassemblement\/"},"wordCount":496,"publisher":{"@id":"https:\/\/universnews224.com\/#organization"},"keywords":["A la une"],"articleSection":["ACTU","SOCI\u00c9T\u00c9"],"inLanguage":"fr-FR"},{"@type":"WebPage","@id":"https:\/\/universnews224.com\/index.php\/installation-de-lantenne-de-maneah-mme-mariama-cire-sylla-installee-a-la-tete-de-la-coordination-locale-du-rassemblement\/","url":"https:\/\/universnews224.com\/index.php\/installation-de-lantenne-de-maneah-mme-mariama-cire-sylla-installee-a-la-tete-de-la-coordination-locale-du-rassemblement\/","name":"Installation de l'Antenne de Man\u00e9ah : Mme Mariama Cir\u00e9 Sylla Install\u00e9e \u00e0 la T\u00eate de la Coordination locale du Rassemblement - UNIVERSNEWS224","isPartOf":{"@id":"https:\/\/universnews224.com\/#website"},"datePublished":"2025-12-01T12:08:48+00:00","dateModified":"2025-12-01T12:08:48+00:00","inLanguage":"fr-FR","potentialAction":[{"@type":"ReadAction","target":["https:\/\/universnews224.com\/index.php\/installation-de-lantenne-de-maneah-mme-mariama-cire-sylla-installee-a-la-tete-de-la-coordination-locale-du-rassemblement\/"]}]},{"@type":"WebSite","@id":"https:\/\/universnews224.com\/#website","url":"https:\/\/universnews224.com\/","name":"UNIVERSNEWS224","description":"","publisher":{"@id":"https:\/\/universnews224.com\/#organization"},"potentialAction":[{"@type":"SearchAction","target":{"@type":"EntryPoint","urlTemplate":"https:\/\/universnews224.com\/?s={search_term_string}"},"query-input":"required name=search_term_string"}],"inLanguage":"fr-FR"},{"@type":"Organization","@id":"https:\/\/universnews224.com\/#organization","name":"UNIVERSNEWS224","url":"https:\/\/universnews224.com\/","logo":{"@type":"ImageObject","inLanguage":"fr-FR","@id":"https:\/\/universnews224.com\/#\/schema\/logo\/image\/","url":"https:\/\/universnews224.com\/wp-content\/uploads\/2022\/08\/cropped-cropped-logoban.jpg","contentUrl":"https:\/\/universnews224.com\/wp-content\/uploads\/2022\/08\/cropped-cropped-logoban.jpg","width":1080,"height":138,"caption":"UNIVERSNEWS224"},"image":{"@id":"https:\/\/universnews224.com\/#\/schema\/logo\/image\/"}},{"@type":"Person","@id":"https:\/\/universnews224.com\/#\/schema\/person\/a4b7d4f94a4716df60456a491260485e","name":"La R\u00e9daction","image":{"@type":"ImageObject","inLanguage":"fr-FR","@id":"https:\/\/universnews224.com\/#\/schema\/person\/image\/","url":"https:\/\/secure.gravatar.com\/avatar\/edb90acc7752b23e1b3307ad36c14f0d?s=96&d=mm&r=g","contentUrl":"https:\/\/secure.gravatar.com\/avatar\/edb90acc7752b23e1b3307ad36c14f0d?s=96&d=mm&r=g","caption":"La R\u00e9daction"},"sameAs":["https:\/\/universnews224.com"],"url":"https:\/\/universnews224.com\/index.php\/author\/m-camara\/"}]}},"_links":{"self":[{"href":"https:\/\/universnews224.com\/index.php\/wp-json\/wp\/v2\/posts\/9677"}],"collection":[{"href":"https:\/\/universnews224.com\/index.php\/wp-json\/wp\/v2\/posts"}],"about":[{"href":"https:\/\/universnews224.com\/index.php\/wp-json\/wp\/v2\/types\/post"}],"author":[{"embeddable":true,"href":"https:\/\/universnews224.com\/index.php\/wp-json\/wp\/v2\/users\/2"}],"replies":[{"embeddable":true,"href":"https:\/\/universnews224.com\/index.php\/wp-json\/wp\/v2\/comments?post=9677"}],"version-history":[{"count":1,"href":"https:\/\/universnews224.com\/index.php\/wp-json\/wp\/v2\/posts\/9677\/revisions"}],"predecessor-version":[{"id":9681,"href":"https:\/\/universnews224.com\/index.php\/wp-json\/wp\/v2\/posts\/9677\/revisions\/9681"}],"wp:featuredmedia":[{"embeddable":true,"href":"https:\/\/universnews224.com\/index.php\/wp-json\/wp\/v2\/media\/9680"}],"wp:attachment":[{"href":"https:\/\/universnews224.com\/index.php\/wp-json\/wp\/v2\/media?parent=9677"}],"wp:term":[{"taxonomy":"category","embeddable":true,"href":"https:\/\/universnews224.com\/index.php\/wp-json\/wp\/v2\/categories?post=9677"},{"taxonomy":"post_tag","embeddable":true,"href":"https:\/\/universnews224.com\/index.php\/wp-json\/wp\/v2\/tags?post=9677"}],"curies":[{"name":"wp","href":"https:\/\/api.w.org\/{rel}","templated":true}]}}