{"id":9683,"date":"2025-12-02T12:31:44","date_gmt":"2025-12-02T11:31:44","guid":{"rendered":"https:\/\/universnews224.com\/?p=9683"},"modified":"2025-12-02T12:31:44","modified_gmt":"2025-12-02T11:31:44","slug":"mouvement-syndical-abdoulaye-sow-sest-eteint","status":"publish","type":"post","link":"https:\/\/universnews224.com\/index.php\/mouvement-syndical-abdoulaye-sow-sest-eteint\/","title":{"rendered":"Mouvement syndical: Abdoulaye Sow s&rsquo;est \u00e9teint."},"content":{"rendered":"<p>Le mouvement syndical guin\u00e9en en deuil. Abdoulaye Sow, secr\u00e9taire g\u00e9n\u00e9ral de l\u2019Union Syndicale des Travailleurs de Guin\u00e9e (USTG) et secr\u00e9taire g\u00e9n\u00e9ral de la F\u00e9d\u00e9ration Syndicale Autonome des Banques et Assurances de Guin\u00e9e (FESABAG), a tir\u00e9 sa r\u00e9v\u00e9rence\u00a0 ce mardi matin \u00e0 la clinique Ambroise Par\u00e9 de Conakry, o\u00f9 il \u00e9tait hospitalis\u00e9.<\/p>\n","protected":false},"excerpt":{"rendered":"<p>Le mouvement syndical guin\u00e9en en deuil. Abdoulaye Sow, secr\u00e9taire g\u00e9n\u00e9ral de l\u2019Union Syndicale des Travailleurs<\/p>\n","protected":false},"author":2,"featured_media":9687,"comment_status":"closed","ping_status":"open","sticky":false,"template":"","format":"standard","meta":[],"categories":[3,5],"tags":[237],"yoast_head":"<!-- This site is optimized with the Yoast SEO plugin v19.13 - https:\/\/yoast.com\/wordpress\/plugins\/seo\/ -->\n<title>Mouvement syndical: Abdoulaye Sow s&#039;est \u00e9teint. - UNIVERSNEWS224<\/title>\n<meta name=\"robots\" content=\"index, follow, max-snippet:-1, max-image-preview:large, max-video-preview:-1\" \/>\n<link rel=\"canonical\" href=\"https:\/\/universnews224.com\/index.php\/mouvement-syndical-abdoulaye-sow-sest-eteint\/\" \/>\n<meta property=\"og:locale\" content=\"fr_FR\" \/>\n<meta property=\"og:type\" content=\"article\" \/>\n<meta property=\"og:title\" content=\"Mouvement syndical: Abdoulaye Sow s&#039;est \u00e9teint. - UNIVERSNEWS224\" \/>\n<meta property=\"og:description\" content=\"Le mouvement syndical guin\u00e9en en deuil. Abdoulaye Sow, secr\u00e9taire g\u00e9n\u00e9ral de l\u2019Union Syndicale des Travailleurs\" \/>\n<meta property=\"og:url\" content=\"https:\/\/universnews224.com\/index.php\/mouvement-syndical-abdoulaye-sow-sest-eteint\/\" \/>\n<meta property=\"og:site_name\" content=\"UNIVERSNEWS224\" \/>\n<meta property=\"article:published_time\" content=\"2025-12-02T11:31:44+00:00\" \/>\n<meta property=\"og:image\" content=\"https:\/\/universnews224.com\/wp-content\/uploads\/2025\/12\/FB_IMG_1764673167188.jpg\" \/>\n\t<meta property=\"og:image:width\" content=\"430\" \/>\n\t<meta property=\"og:image:height\" content=\"323\" \/>\n\t<meta property=\"og:image:type\" content=\"image\/jpeg\" \/>\n<meta name=\"author\" content=\"La R\u00e9daction\" \/>\n<meta name=\"twitter:label1\" content=\"\u00c9crit par\" \/>\n\t<meta name=\"twitter:data1\" content=\"La R\u00e9daction\" \/>\n\t<meta name=\"twitter:label2\" content=\"Dur\u00e9e de lecture estim\u00e9e\" \/>\n\t<meta name=\"twitter:data2\" content=\"1 minute\" \/>\n<script type=\"application\/ld+json\" class=\"yoast-schema-graph\">{\"@context\":\"https:\/\/schema.org\",\"@graph\":[{\"@type\":\"Article\",\"@id\":\"https:\/\/universnews224.com\/index.php\/mouvement-syndical-abdoulaye-sow-sest-eteint\/#article\",\"isPartOf\":{\"@id\":\"https:\/\/universnews224.com\/index.php\/mouvement-syndical-abdoulaye-sow-sest-eteint\/\"},\"author\":{\"name\":\"La R\u00e9daction\",\"@id\":\"https:\/\/universnews224.com\/#\/schema\/person\/a4b7d4f94a4716df60456a491260485e\"},\"headline\":\"Mouvement syndical: Abdoulaye Sow s&rsquo;est \u00e9teint.\",\"datePublished\":\"2025-12-02T11:31:44+00:00\",\"dateModified\":\"2025-12-02T11:31:44+00:00\",\"mainEntityOfPage\":{\"@id\":\"https:\/\/universnews224.com\/index.php\/mouvement-syndical-abdoulaye-sow-sest-eteint\/\"},\"wordCount\":70,\"publisher\":{\"@id\":\"https:\/\/universnews224.com\/#organization\"},\"keywords\":[\"A la une\"],\"articleSection\":[\"ACTU\",\"SOCI\u00c9T\u00c9\"],\"inLanguage\":\"fr-FR\"},{\"@type\":\"WebPage\",\"@id\":\"https:\/\/universnews224.com\/index.php\/mouvement-syndical-abdoulaye-sow-sest-eteint\/\",\"url\":\"https:\/\/universnews224.com\/index.php\/mouvement-syndical-abdoulaye-sow-sest-eteint\/\",\"name\":\"Mouvement syndical: Abdoulaye Sow s'est \u00e9teint. - UNIVERSNEWS224\",\"isPartOf\":{\"@id\":\"https:\/\/universnews224.com\/#website\"},\"datePublished\":\"2025-12-02T11:31:44+00:00\",\"dateModified\":\"2025-12-02T11:31:44+00:00\",\"inLanguage\":\"fr-FR\",\"potentialAction\":[{\"@type\":\"ReadAction\",\"target\":[\"https:\/\/universnews224.com\/index.php\/mouvement-syndical-abdoulaye-sow-sest-eteint\/\"]}]},{\"@type\":\"WebSite\",\"@id\":\"https:\/\/universnews224.com\/#website\",\"url\":\"https:\/\/universnews224.com\/\",\"name\":\"UNIVERSNEWS224\",\"description\":\"\",\"publisher\":{\"@id\":\"https:\/\/universnews224.com\/#organization\"},\"potentialAction\":[{\"@type\":\"SearchAction\",\"target\":{\"@type\":\"EntryPoint\",\"urlTemplate\":\"https:\/\/universnews224.com\/?s={search_term_string}\"},\"query-input\":\"required name=search_term_string\"}],\"inLanguage\":\"fr-FR\"},{\"@type\":\"Organization\",\"@id\":\"https:\/\/universnews224.com\/#organization\",\"name\":\"UNIVERSNEWS224\",\"url\":\"https:\/\/universnews224.com\/\",\"logo\":{\"@type\":\"ImageObject\",\"inLanguage\":\"fr-FR\",\"@id\":\"https:\/\/universnews224.com\/#\/schema\/logo\/image\/\",\"url\":\"https:\/\/universnews224.com\/wp-content\/uploads\/2022\/08\/cropped-cropped-logoban.jpg\",\"contentUrl\":\"https:\/\/universnews224.com\/wp-content\/uploads\/2022\/08\/cropped-cropped-logoban.jpg\",\"width\":1080,\"height\":138,\"caption\":\"UNIVERSNEWS224\"},\"image\":{\"@id\":\"https:\/\/universnews224.com\/#\/schema\/logo\/image\/\"}},{\"@type\":\"Person\",\"@id\":\"https:\/\/universnews224.com\/#\/schema\/person\/a4b7d4f94a4716df60456a491260485e\",\"name\":\"La R\u00e9daction\",\"image\":{\"@type\":\"ImageObject\",\"inLanguage\":\"fr-FR\",\"@id\":\"https:\/\/universnews224.com\/#\/schema\/person\/image\/\",\"url\":\"https:\/\/secure.gravatar.com\/avatar\/edb90acc7752b23e1b3307ad36c14f0d?s=96&d=mm&r=g\",\"contentUrl\":\"https:\/\/secure.gravatar.com\/avatar\/edb90acc7752b23e1b3307ad36c14f0d?s=96&d=mm&r=g\",\"caption\":\"La R\u00e9daction\"},\"sameAs\":[\"https:\/\/universnews224.com\"],\"url\":\"https:\/\/universnews224.com\/index.php\/author\/m-camara\/\"}]}<\/script>\n<!-- \/ Yoast SEO plugin. -->","yoast_head_json":{"title":"Mouvement syndical: Abdoulaye Sow s'est \u00e9teint. - UNIVERSNEWS224","robots":{"index":"index","follow":"follow","max-snippet":"max-snippet:-1","max-image-preview":"max-image-preview:large","max-video-preview":"max-video-preview:-1"},"canonical":"https:\/\/universnews224.com\/index.php\/mouvement-syndical-abdoulaye-sow-sest-eteint\/","og_locale":"fr_FR","og_type":"article","og_title":"Mouvement syndical: Abdoulaye Sow s'est \u00e9teint. - UNIVERSNEWS224","og_description":"Le mouvement syndical guin\u00e9en en deuil. Abdoulaye Sow, secr\u00e9taire g\u00e9n\u00e9ral de l\u2019Union Syndicale des Travailleurs","og_url":"https:\/\/universnews224.com\/index.php\/mouvement-syndical-abdoulaye-sow-sest-eteint\/","og_site_name":"UNIVERSNEWS224","article_published_time":"2025-12-02T11:31:44+00:00","og_image":[{"width":430,"height":323,"url":"https:\/\/universnews224.com\/wp-content\/uploads\/2025\/12\/FB_IMG_1764673167188.jpg","type":"image\/jpeg"}],"author":"La R\u00e9daction","twitter_misc":{"\u00c9crit par":"La R\u00e9daction","Dur\u00e9e de lecture estim\u00e9e":"1 minute"},"schema":{"@context":"https:\/\/schema.org","@graph":[{"@type":"Article","@id":"https:\/\/universnews224.com\/index.php\/mouvement-syndical-abdoulaye-sow-sest-eteint\/#article","isPartOf":{"@id":"https:\/\/universnews224.com\/index.php\/mouvement-syndical-abdoulaye-sow-sest-eteint\/"},"author":{"name":"La R\u00e9daction","@id":"https:\/\/universnews224.com\/#\/schema\/person\/a4b7d4f94a4716df60456a491260485e"},"headline":"Mouvement syndical: Abdoulaye Sow s&rsquo;est \u00e9teint.","datePublished":"2025-12-02T11:31:44+00:00","dateModified":"2025-12-02T11:31:44+00:00","mainEntityOfPage":{"@id":"https:\/\/universnews224.com\/index.php\/mouvement-syndical-abdoulaye-sow-sest-eteint\/"},"wordCount":70,"publisher":{"@id":"https:\/\/universnews224.com\/#organization"},"keywords":["A la une"],"articleSection":["ACTU","SOCI\u00c9T\u00c9"],"inLanguage":"fr-FR"},{"@type":"WebPage","@id":"https:\/\/universnews224.com\/index.php\/mouvement-syndical-abdoulaye-sow-sest-eteint\/","url":"https:\/\/universnews224.com\/index.php\/mouvement-syndical-abdoulaye-sow-sest-eteint\/","name":"Mouvement syndical: Abdoulaye Sow s'est \u00e9teint. - UNIVERSNEWS224","isPartOf":{"@id":"https:\/\/universnews224.com\/#website"},"datePublished":"2025-12-02T11:31:44+00:00","dateModified":"2025-12-02T11:31:44+00:00","inLanguage":"fr-FR","potentialAction":[{"@type":"ReadAction","target":["https:\/\/universnews224.com\/index.php\/mouvement-syndical-abdoulaye-sow-sest-eteint\/"]}]},{"@type":"WebSite","@id":"https:\/\/universnews224.com\/#website","url":"https:\/\/universnews224.com\/","name":"UNIVERSNEWS224","description":"","publisher":{"@id":"https:\/\/universnews224.com\/#organization"},"potentialAction":[{"@type":"SearchAction","target":{"@type":"EntryPoint","urlTemplate":"https:\/\/universnews224.com\/?s={search_term_string}"},"query-input":"required name=search_term_string"}],"inLanguage":"fr-FR"},{"@type":"Organization","@id":"https:\/\/universnews224.com\/#organization","name":"UNIVERSNEWS224","url":"https:\/\/universnews224.com\/","logo":{"@type":"ImageObject","inLanguage":"fr-FR","@id":"https:\/\/universnews224.com\/#\/schema\/logo\/image\/","url":"https:\/\/universnews224.com\/wp-content\/uploads\/2022\/08\/cropped-cropped-logoban.jpg","contentUrl":"https:\/\/universnews224.com\/wp-content\/uploads\/2022\/08\/cropped-cropped-logoban.jpg","width":1080,"height":138,"caption":"UNIVERSNEWS224"},"image":{"@id":"https:\/\/universnews224.com\/#\/schema\/logo\/image\/"}},{"@type":"Person","@id":"https:\/\/universnews224.com\/#\/schema\/person\/a4b7d4f94a4716df60456a491260485e","name":"La R\u00e9daction","image":{"@type":"ImageObject","inLanguage":"fr-FR","@id":"https:\/\/universnews224.com\/#\/schema\/person\/image\/","url":"https:\/\/secure.gravatar.com\/avatar\/edb90acc7752b23e1b3307ad36c14f0d?s=96&d=mm&r=g","contentUrl":"https:\/\/secure.gravatar.com\/avatar\/edb90acc7752b23e1b3307ad36c14f0d?s=96&d=mm&r=g","caption":"La R\u00e9daction"},"sameAs":["https:\/\/universnews224.com"],"url":"https:\/\/universnews224.com\/index.php\/author\/m-camara\/"}]}},"_links":{"self":[{"href":"https:\/\/universnews224.com\/index.php\/wp-json\/wp\/v2\/posts\/9683"}],"collection":[{"href":"https:\/\/universnews224.com\/index.php\/wp-json\/wp\/v2\/posts"}],"about":[{"href":"https:\/\/universnews224.com\/index.php\/wp-json\/wp\/v2\/types\/post"}],"author":[{"embeddable":true,"href":"https:\/\/universnews224.com\/index.php\/wp-json\/wp\/v2\/users\/2"}],"replies":[{"embeddable":true,"href":"https:\/\/universnews224.com\/index.php\/wp-json\/wp\/v2\/comments?post=9683"}],"version-history":[{"count":1,"href":"https:\/\/universnews224.com\/index.php\/wp-json\/wp\/v2\/posts\/9683\/revisions"}],"predecessor-version":[{"id":9688,"href":"https:\/\/universnews224.com\/index.php\/wp-json\/wp\/v2\/posts\/9683\/revisions\/9688"}],"wp:featuredmedia":[{"embeddable":true,"href":"https:\/\/universnews224.com\/index.php\/wp-json\/wp\/v2\/media\/9687"}],"wp:attachment":[{"href":"https:\/\/universnews224.com\/index.php\/wp-json\/wp\/v2\/media?parent=9683"}],"wp:term":[{"taxonomy":"category","embeddable":true,"href":"https:\/\/universnews224.com\/index.php\/wp-json\/wp\/v2\/categories?post=9683"},{"taxonomy":"post_tag","embeddable":true,"href":"https:\/\/universnews224.com\/index.php\/wp-json\/wp\/v2\/tags?post=9683"}],"curies":[{"name":"wp","href":"https:\/\/api.w.org\/{rel}","templated":true}]}}