{"id":9707,"date":"2025-12-08T16:28:03","date_gmt":"2025-12-08T15:28:03","guid":{"rendered":"https:\/\/universnews224.com\/?p=9707"},"modified":"2025-12-08T16:28:03","modified_gmt":"2025-12-08T15:28:03","slug":"abe-sylla-candidat-du-ngr-devoile-son-programme-axe-sur-la-justice-lenergie-et-la-transformation-economique","status":"publish","type":"post","link":"https:\/\/universnews224.com\/index.php\/abe-sylla-candidat-du-ngr-devoile-son-programme-axe-sur-la-justice-lenergie-et-la-transformation-economique\/","title":{"rendered":"Ab\u00e9 Sylla, candidat du NGR, d\u00e9voile son programme ax\u00e9 sur la justice, l&rsquo;\u00e9nergie et la transformation \u00e9conomique"},"content":{"rendered":"<p>Le candidat du parti NGR (Nouvelle G\u00e9n\u00e9ration pour la R\u00e9publique), Ibrahima Ab\u00e9 Sylla, \u00e9tait devant les hommes de m\u00e9dias ce lundi 08 d\u00e9cembre 2025 \u00e0 Conakry.<\/p>\n<div dir=\"auto\">\n<div dir=\"auto\"><\/div>\n<div dir=\"auto\">Il s&rsquo;agissait de lancer officiellement sa campagne pr\u00e9sidentielle, pr\u00e9vue le 28 de ce mois. Une mani\u00e8re de faire conna\u00eetre aux journalistes ses ambitions pour la soci\u00e9t\u00e9, qui s&rsquo;articulent autour d&rsquo;une r\u00e9forme de la gouvernance, de la gestion de l&rsquo;\u00e9nergie, de la s\u00e9curit\u00e9 et de l&rsquo;exploitation mini\u00e8re.<\/div>\n<div dir=\"auto\"><\/div>\n<div dir=\"auto\">\u200bDans son intervention, le pr\u00e9sident Ab\u00e9 Sylla a salu\u00e9 la fid\u00e9lit\u00e9 des Guin\u00e9ens qui ont soutenu jusque-l\u00e0 le NGR au cours des trois derni\u00e8res ann\u00e9es, tout en d\u00e9clarant : \u00ab La Guin\u00e9e traverse une p\u00e9riode o\u00f9 tout le monde parle, mais o\u00f9 peu de choses avancent r\u00e9ellement. Nos citoyens disent chaque jour que la justice est fragile, que l&rsquo;ins\u00e9curit\u00e9 est croissante, l&rsquo;administration est faible. L&rsquo;organisation de l&rsquo;\u00c9tat, le d\u00e9ficit d&rsquo;\u00e9nergie, et la pauvret\u00e9 persistante. Nous avons un pays immens\u00e9ment riche, jeune, mais il attend depuis trop longtemps une direction stable, moderne et efficace \u00bb, a soulign\u00e9 Ab\u00e9 Sylla.<\/div>\n<div dir=\"auto\"><\/div>\n<div dir=\"auto\">\u200bIl a ensuite r\u00e9it\u00e9r\u00e9 son engagement pour une vision organis\u00e9e, modernis\u00e9e et transform\u00e9e. \u00ab \u00c7a, c&rsquo;est mon leitmotiv : ma vision, c&rsquo;est d&rsquo;organiser, moderniser et transformer la nation. Je suis un technocrate dans le sens que je suis ing\u00e9nieur. Je veux mettre cette exp\u00e9rience au service de ma nation pour la modernisation de l&rsquo;\u00c9tat guin\u00e9en. \u00bb<\/div>\n<div dir=\"auto\"><\/div>\n<div dir=\"auto\">\u200bD&rsquo;apr\u00e8s lui, la vision de la Guin\u00e9e se r\u00e9sume en trois mots : la justice, l&rsquo;\u00e9nergie et la transformation.<\/div>\n<div dir=\"auto\"><\/div>\n<div dir=\"auto\">\u00ab Parce qu&rsquo;un pays ne peut pas se construire sans la justice. Un pays ne peut pas se construire avec le favoritisme et la peur.\u00bb<\/div>\n<div dir=\"auto\"><\/div>\n<div dir=\"auto\">\u200bConcernant le deuxi\u00e8me volet, l&rsquo;\u00e9nergie, le candidat Ab\u00e9 Sylla estime que l&rsquo;\u00e9lectricit\u00e9 doit \u00eatre fiable pour pouvoir doter le pays d&rsquo;h\u00f4pitaux modernes, d&rsquo;\u00e9coles performantes et d\u00e9velopper l&rsquo;industrie, qu&rsquo;elle soit petite, moyenne ou grande. \u00ab Nous ne pouvons pas transformer nos mines, moderniser l&rsquo;agriculture et cr\u00e9er de l&#8217;emploi ici en Guin\u00e9e sans exporter notre richesse brute. Il nous faut de l&rsquo;\u00e9nergie pour \u00eatre capable de faire cela. Cette vision n&rsquo;est pas un r\u00eave. C&rsquo;est une m\u00e9thode, un plan, un programme, et une \u00e9quipe comp\u00e9tente \u00bb, a indiqu\u00e9 le candidat.<\/div>\n<div dir=\"auto\"><\/div>\n<div dir=\"auto\">\u200bPour cl\u00f4turer, il a d\u00e9clar\u00e9 que sa venue dans la politique n&rsquo;\u00e9tait pas de participer aux spectacles politiques, mais simplement de servir la nation avec comp\u00e9tence et responsabilit\u00e9. \u00ab Je veux travailler avec toutes les couches de notre soci\u00e9t\u00e9, toutes les r\u00e9gions, toutes les communaut\u00e9s, toutes les forces vives. Il est temps de donner aux Guin\u00e9ens un pays qui vous prot\u00e8ge et qui vous offre des opportunit\u00e9s r\u00e9elles. \u00c0 nos travailleurs de l&rsquo;agriculture, des mines, je dis que vous \u00eates les mains qui construisent l&rsquo;\u00c9tat guin\u00e9en. Il est temps de vous donner un pays qui respecte votre effort. C&rsquo;est pourquoi, je lance aujourd&rsquo;hui une campagne moderne, responsable et tourn\u00e9e vers l&rsquo;avenir. Car la Guin\u00e9e m\u00e9rite une vision claire, une m\u00e9thode rigoureuse et une vraie volont\u00e9 de transformation de notre richesse et de notre pays \u00bb, a d\u00e9clar\u00e9 le candidat Ab\u00e9.<\/div>\n<div dir=\"auto\"><\/div>\n<div dir=\"auto\">\u200bAlass Sylla pour universnews224.com (Contact : 625.480.252)<\/div>\n<\/div>\n","protected":false},"excerpt":{"rendered":"<p>Le candidat du parti NGR (Nouvelle G\u00e9n\u00e9ration pour la R\u00e9publique), Ibrahima Ab\u00e9 Sylla, \u00e9tait devant<\/p>\n","protected":false},"author":2,"featured_media":9708,"comment_status":"closed","ping_status":"open","sticky":false,"template":"","format":"standard","meta":[],"categories":[3,4],"tags":[237],"yoast_head":"<!-- This site is optimized with the Yoast SEO plugin v19.13 - https:\/\/yoast.com\/wordpress\/plugins\/seo\/ -->\n<title>Ab\u00e9 Sylla, candidat du NGR, d\u00e9voile son programme ax\u00e9 sur la justice, l&#039;\u00e9nergie et la transformation \u00e9conomique - UNIVERSNEWS224<\/title>\n<meta name=\"robots\" content=\"index, follow, max-snippet:-1, max-image-preview:large, max-video-preview:-1\" \/>\n<link rel=\"canonical\" href=\"https:\/\/universnews224.com\/index.php\/abe-sylla-candidat-du-ngr-devoile-son-programme-axe-sur-la-justice-lenergie-et-la-transformation-economique\/\" \/>\n<meta property=\"og:locale\" content=\"fr_FR\" \/>\n<meta property=\"og:type\" content=\"article\" \/>\n<meta property=\"og:title\" content=\"Ab\u00e9 Sylla, candidat du NGR, d\u00e9voile son programme ax\u00e9 sur la justice, l&#039;\u00e9nergie et la transformation \u00e9conomique - UNIVERSNEWS224\" \/>\n<meta property=\"og:description\" content=\"Le candidat du parti NGR (Nouvelle G\u00e9n\u00e9ration pour la R\u00e9publique), Ibrahima Ab\u00e9 Sylla, \u00e9tait devant\" \/>\n<meta property=\"og:url\" content=\"https:\/\/universnews224.com\/index.php\/abe-sylla-candidat-du-ngr-devoile-son-programme-axe-sur-la-justice-lenergie-et-la-transformation-economique\/\" \/>\n<meta property=\"og:site_name\" content=\"UNIVERSNEWS224\" \/>\n<meta property=\"article:published_time\" content=\"2025-12-08T15:28:03+00:00\" \/>\n<meta property=\"og:image\" content=\"https:\/\/universnews224.com\/wp-content\/uploads\/2025\/12\/IMG-20251208-WA0015.jpg\" \/>\n\t<meta property=\"og:image:width\" content=\"1008\" \/>\n\t<meta property=\"og:image:height\" content=\"756\" \/>\n\t<meta property=\"og:image:type\" content=\"image\/jpeg\" \/>\n<meta name=\"author\" content=\"La R\u00e9daction\" \/>\n<meta name=\"twitter:label1\" content=\"\u00c9crit par\" \/>\n\t<meta name=\"twitter:data1\" content=\"La R\u00e9daction\" \/>\n\t<meta name=\"twitter:label2\" content=\"Dur\u00e9e de lecture estim\u00e9e\" \/>\n\t<meta name=\"twitter:data2\" content=\"3 minutes\" \/>\n<script type=\"application\/ld+json\" class=\"yoast-schema-graph\">{\"@context\":\"https:\/\/schema.org\",\"@graph\":[{\"@type\":\"Article\",\"@id\":\"https:\/\/universnews224.com\/index.php\/abe-sylla-candidat-du-ngr-devoile-son-programme-axe-sur-la-justice-lenergie-et-la-transformation-economique\/#article\",\"isPartOf\":{\"@id\":\"https:\/\/universnews224.com\/index.php\/abe-sylla-candidat-du-ngr-devoile-son-programme-axe-sur-la-justice-lenergie-et-la-transformation-economique\/\"},\"author\":{\"name\":\"La R\u00e9daction\",\"@id\":\"https:\/\/universnews224.com\/#\/schema\/person\/a4b7d4f94a4716df60456a491260485e\"},\"headline\":\"Ab\u00e9 Sylla, candidat du NGR, d\u00e9voile son programme ax\u00e9 sur la justice, l&rsquo;\u00e9nergie et la transformation \u00e9conomique\",\"datePublished\":\"2025-12-08T15:28:03+00:00\",\"dateModified\":\"2025-12-08T15:28:03+00:00\",\"mainEntityOfPage\":{\"@id\":\"https:\/\/universnews224.com\/index.php\/abe-sylla-candidat-du-ngr-devoile-son-programme-axe-sur-la-justice-lenergie-et-la-transformation-economique\/\"},\"wordCount\":577,\"publisher\":{\"@id\":\"https:\/\/universnews224.com\/#organization\"},\"keywords\":[\"A la une\"],\"articleSection\":[\"ACTU\",\"POLITIQUE\"],\"inLanguage\":\"fr-FR\"},{\"@type\":\"WebPage\",\"@id\":\"https:\/\/universnews224.com\/index.php\/abe-sylla-candidat-du-ngr-devoile-son-programme-axe-sur-la-justice-lenergie-et-la-transformation-economique\/\",\"url\":\"https:\/\/universnews224.com\/index.php\/abe-sylla-candidat-du-ngr-devoile-son-programme-axe-sur-la-justice-lenergie-et-la-transformation-economique\/\",\"name\":\"Ab\u00e9 Sylla, candidat du NGR, d\u00e9voile son programme ax\u00e9 sur la justice, l'\u00e9nergie et la transformation \u00e9conomique - UNIVERSNEWS224\",\"isPartOf\":{\"@id\":\"https:\/\/universnews224.com\/#website\"},\"datePublished\":\"2025-12-08T15:28:03+00:00\",\"dateModified\":\"2025-12-08T15:28:03+00:00\",\"inLanguage\":\"fr-FR\",\"potentialAction\":[{\"@type\":\"ReadAction\",\"target\":[\"https:\/\/universnews224.com\/index.php\/abe-sylla-candidat-du-ngr-devoile-son-programme-axe-sur-la-justice-lenergie-et-la-transformation-economique\/\"]}]},{\"@type\":\"WebSite\",\"@id\":\"https:\/\/universnews224.com\/#website\",\"url\":\"https:\/\/universnews224.com\/\",\"name\":\"UNIVERSNEWS224\",\"description\":\"\",\"publisher\":{\"@id\":\"https:\/\/universnews224.com\/#organization\"},\"potentialAction\":[{\"@type\":\"SearchAction\",\"target\":{\"@type\":\"EntryPoint\",\"urlTemplate\":\"https:\/\/universnews224.com\/?s={search_term_string}\"},\"query-input\":\"required name=search_term_string\"}],\"inLanguage\":\"fr-FR\"},{\"@type\":\"Organization\",\"@id\":\"https:\/\/universnews224.com\/#organization\",\"name\":\"UNIVERSNEWS224\",\"url\":\"https:\/\/universnews224.com\/\",\"logo\":{\"@type\":\"ImageObject\",\"inLanguage\":\"fr-FR\",\"@id\":\"https:\/\/universnews224.com\/#\/schema\/logo\/image\/\",\"url\":\"https:\/\/universnews224.com\/wp-content\/uploads\/2022\/08\/cropped-cropped-logoban.jpg\",\"contentUrl\":\"https:\/\/universnews224.com\/wp-content\/uploads\/2022\/08\/cropped-cropped-logoban.jpg\",\"width\":1080,\"height\":138,\"caption\":\"UNIVERSNEWS224\"},\"image\":{\"@id\":\"https:\/\/universnews224.com\/#\/schema\/logo\/image\/\"}},{\"@type\":\"Person\",\"@id\":\"https:\/\/universnews224.com\/#\/schema\/person\/a4b7d4f94a4716df60456a491260485e\",\"name\":\"La R\u00e9daction\",\"image\":{\"@type\":\"ImageObject\",\"inLanguage\":\"fr-FR\",\"@id\":\"https:\/\/universnews224.com\/#\/schema\/person\/image\/\",\"url\":\"https:\/\/secure.gravatar.com\/avatar\/edb90acc7752b23e1b3307ad36c14f0d?s=96&d=mm&r=g\",\"contentUrl\":\"https:\/\/secure.gravatar.com\/avatar\/edb90acc7752b23e1b3307ad36c14f0d?s=96&d=mm&r=g\",\"caption\":\"La R\u00e9daction\"},\"sameAs\":[\"https:\/\/universnews224.com\"],\"url\":\"https:\/\/universnews224.com\/index.php\/author\/m-camara\/\"}]}<\/script>\n<!-- \/ Yoast SEO plugin. -->","yoast_head_json":{"title":"Ab\u00e9 Sylla, candidat du NGR, d\u00e9voile son programme ax\u00e9 sur la justice, l'\u00e9nergie et la transformation \u00e9conomique - UNIVERSNEWS224","robots":{"index":"index","follow":"follow","max-snippet":"max-snippet:-1","max-image-preview":"max-image-preview:large","max-video-preview":"max-video-preview:-1"},"canonical":"https:\/\/universnews224.com\/index.php\/abe-sylla-candidat-du-ngr-devoile-son-programme-axe-sur-la-justice-lenergie-et-la-transformation-economique\/","og_locale":"fr_FR","og_type":"article","og_title":"Ab\u00e9 Sylla, candidat du NGR, d\u00e9voile son programme ax\u00e9 sur la justice, l'\u00e9nergie et la transformation \u00e9conomique - UNIVERSNEWS224","og_description":"Le candidat du parti NGR (Nouvelle G\u00e9n\u00e9ration pour la R\u00e9publique), Ibrahima Ab\u00e9 Sylla, \u00e9tait devant","og_url":"https:\/\/universnews224.com\/index.php\/abe-sylla-candidat-du-ngr-devoile-son-programme-axe-sur-la-justice-lenergie-et-la-transformation-economique\/","og_site_name":"UNIVERSNEWS224","article_published_time":"2025-12-08T15:28:03+00:00","og_image":[{"width":1008,"height":756,"url":"https:\/\/universnews224.com\/wp-content\/uploads\/2025\/12\/IMG-20251208-WA0015.jpg","type":"image\/jpeg"}],"author":"La R\u00e9daction","twitter_misc":{"\u00c9crit par":"La R\u00e9daction","Dur\u00e9e de lecture estim\u00e9e":"3 minutes"},"schema":{"@context":"https:\/\/schema.org","@graph":[{"@type":"Article","@id":"https:\/\/universnews224.com\/index.php\/abe-sylla-candidat-du-ngr-devoile-son-programme-axe-sur-la-justice-lenergie-et-la-transformation-economique\/#article","isPartOf":{"@id":"https:\/\/universnews224.com\/index.php\/abe-sylla-candidat-du-ngr-devoile-son-programme-axe-sur-la-justice-lenergie-et-la-transformation-economique\/"},"author":{"name":"La R\u00e9daction","@id":"https:\/\/universnews224.com\/#\/schema\/person\/a4b7d4f94a4716df60456a491260485e"},"headline":"Ab\u00e9 Sylla, candidat du NGR, d\u00e9voile son programme ax\u00e9 sur la justice, l&rsquo;\u00e9nergie et la transformation \u00e9conomique","datePublished":"2025-12-08T15:28:03+00:00","dateModified":"2025-12-08T15:28:03+00:00","mainEntityOfPage":{"@id":"https:\/\/universnews224.com\/index.php\/abe-sylla-candidat-du-ngr-devoile-son-programme-axe-sur-la-justice-lenergie-et-la-transformation-economique\/"},"wordCount":577,"publisher":{"@id":"https:\/\/universnews224.com\/#organization"},"keywords":["A la une"],"articleSection":["ACTU","POLITIQUE"],"inLanguage":"fr-FR"},{"@type":"WebPage","@id":"https:\/\/universnews224.com\/index.php\/abe-sylla-candidat-du-ngr-devoile-son-programme-axe-sur-la-justice-lenergie-et-la-transformation-economique\/","url":"https:\/\/universnews224.com\/index.php\/abe-sylla-candidat-du-ngr-devoile-son-programme-axe-sur-la-justice-lenergie-et-la-transformation-economique\/","name":"Ab\u00e9 Sylla, candidat du NGR, d\u00e9voile son programme ax\u00e9 sur la justice, l'\u00e9nergie et la transformation \u00e9conomique - UNIVERSNEWS224","isPartOf":{"@id":"https:\/\/universnews224.com\/#website"},"datePublished":"2025-12-08T15:28:03+00:00","dateModified":"2025-12-08T15:28:03+00:00","inLanguage":"fr-FR","potentialAction":[{"@type":"ReadAction","target":["https:\/\/universnews224.com\/index.php\/abe-sylla-candidat-du-ngr-devoile-son-programme-axe-sur-la-justice-lenergie-et-la-transformation-economique\/"]}]},{"@type":"WebSite","@id":"https:\/\/universnews224.com\/#website","url":"https:\/\/universnews224.com\/","name":"UNIVERSNEWS224","description":"","publisher":{"@id":"https:\/\/universnews224.com\/#organization"},"potentialAction":[{"@type":"SearchAction","target":{"@type":"EntryPoint","urlTemplate":"https:\/\/universnews224.com\/?s={search_term_string}"},"query-input":"required name=search_term_string"}],"inLanguage":"fr-FR"},{"@type":"Organization","@id":"https:\/\/universnews224.com\/#organization","name":"UNIVERSNEWS224","url":"https:\/\/universnews224.com\/","logo":{"@type":"ImageObject","inLanguage":"fr-FR","@id":"https:\/\/universnews224.com\/#\/schema\/logo\/image\/","url":"https:\/\/universnews224.com\/wp-content\/uploads\/2022\/08\/cropped-cropped-logoban.jpg","contentUrl":"https:\/\/universnews224.com\/wp-content\/uploads\/2022\/08\/cropped-cropped-logoban.jpg","width":1080,"height":138,"caption":"UNIVERSNEWS224"},"image":{"@id":"https:\/\/universnews224.com\/#\/schema\/logo\/image\/"}},{"@type":"Person","@id":"https:\/\/universnews224.com\/#\/schema\/person\/a4b7d4f94a4716df60456a491260485e","name":"La R\u00e9daction","image":{"@type":"ImageObject","inLanguage":"fr-FR","@id":"https:\/\/universnews224.com\/#\/schema\/person\/image\/","url":"https:\/\/secure.gravatar.com\/avatar\/edb90acc7752b23e1b3307ad36c14f0d?s=96&d=mm&r=g","contentUrl":"https:\/\/secure.gravatar.com\/avatar\/edb90acc7752b23e1b3307ad36c14f0d?s=96&d=mm&r=g","caption":"La R\u00e9daction"},"sameAs":["https:\/\/universnews224.com"],"url":"https:\/\/universnews224.com\/index.php\/author\/m-camara\/"}]}},"_links":{"self":[{"href":"https:\/\/universnews224.com\/index.php\/wp-json\/wp\/v2\/posts\/9707"}],"collection":[{"href":"https:\/\/universnews224.com\/index.php\/wp-json\/wp\/v2\/posts"}],"about":[{"href":"https:\/\/universnews224.com\/index.php\/wp-json\/wp\/v2\/types\/post"}],"author":[{"embeddable":true,"href":"https:\/\/universnews224.com\/index.php\/wp-json\/wp\/v2\/users\/2"}],"replies":[{"embeddable":true,"href":"https:\/\/universnews224.com\/index.php\/wp-json\/wp\/v2\/comments?post=9707"}],"version-history":[{"count":1,"href":"https:\/\/universnews224.com\/index.php\/wp-json\/wp\/v2\/posts\/9707\/revisions"}],"predecessor-version":[{"id":9709,"href":"https:\/\/universnews224.com\/index.php\/wp-json\/wp\/v2\/posts\/9707\/revisions\/9709"}],"wp:featuredmedia":[{"embeddable":true,"href":"https:\/\/universnews224.com\/index.php\/wp-json\/wp\/v2\/media\/9708"}],"wp:attachment":[{"href":"https:\/\/universnews224.com\/index.php\/wp-json\/wp\/v2\/media?parent=9707"}],"wp:term":[{"taxonomy":"category","embeddable":true,"href":"https:\/\/universnews224.com\/index.php\/wp-json\/wp\/v2\/categories?post=9707"},{"taxonomy":"post_tag","embeddable":true,"href":"https:\/\/universnews224.com\/index.php\/wp-json\/wp\/v2\/tags?post=9707"}],"curies":[{"name":"wp","href":"https:\/\/api.w.org\/{rel}","templated":true}]}}