{"id":9734,"date":"2025-12-11T14:07:43","date_gmt":"2025-12-11T13:07:43","guid":{"rendered":"https:\/\/universnews224.com\/?p=9734"},"modified":"2025-12-11T14:07:43","modified_gmt":"2025-12-11T13:07:43","slug":"lufdg-annonce-la-fin-de-sa-suspension-et-la-reprise-de-ses-activites","status":"publish","type":"post","link":"https:\/\/universnews224.com\/index.php\/lufdg-annonce-la-fin-de-sa-suspension-et-la-reprise-de-ses-activites\/","title":{"rendered":"L&rsquo;UFDG annonce la fin de sa suspension et la reprise de ses activit\u00e9s"},"content":{"rendered":"<p>Dans un communiqu\u00e9 publi\u00e9 ce jeudi, 11 octobre 2025, la Direction nationale de l&rsquo;Union des Forces D\u00e9mocratiques de Guin\u00e9e (UFDG) a officiellement annonc\u00e9 la reprise imm\u00e9diate de ses activit\u00e9s sur l&rsquo;ensemble du territoire national. Cette annonce fait suite \u00e0 l&rsquo;expiration de la p\u00e9riode de suspension impos\u00e9e au parti par le Minist\u00e8re de l&rsquo;Administration du Territoire et de la D\u00e9centralisation (MATD).<\/p>\n<div dir=\"auto\">\n<div dir=\"auto\"><\/div>\n<div dir=\"auto\">\u200bLev\u00e9e de la Suspension apr\u00e8s 90 Jours<\/div>\n<div dir=\"auto\"><\/div>\n<div dir=\"auto\">\u200bLa suspension de l&rsquo;UFDG, d\u00e9cid\u00e9e par le MATD, avait pris effet le 22 ao\u00fbt 2025 pour une dur\u00e9e de 90 jours. Le communiqu\u00e9 du parti pr\u00e9cise que cette mesure a donc l\u00e9galement pris fin le 22 novembre 2025, permettant ainsi au parti de reprendre pleinement son fonctionnement.<\/div>\n<div dir=\"auto\">\u200bLa d\u00e9cision initiale de suspension \u00e9tait officiellement motiv\u00e9e par le non-respect de l&rsquo;obligation d&rsquo;organiser le congr\u00e8s national du parti. Cependant, la Direction de l&rsquo;UFDG a tenu \u00e0 souligner, dans son communiqu\u00e9, que le retard dans la tenue de cette instance supr\u00eame en 2025 \u00e9tait d\u00fb \u00e0 des \u00ab\u00a0d\u00e9cisions judiciaires et administratives\u00a0\u00bb auxquelles le parti a d\u00fb se conformer.<\/div>\n<div dir=\"auto\">\u200bIl est \u00e0 noter que cette suspension \u00e9tait intervenue une semaine seulement avant l&rsquo;ouverture de la campagne pour le r\u00e9f\u00e9rendum constitutionnel.<\/div>\n<div dir=\"auto\"><\/div>\n<div dir=\"auto\">\u200bPriorit\u00e9 au Congr\u00e8s National en Janvier 2022<\/div>\n<div dir=\"auto\"><\/div>\n<div dir=\"auto\">\u200bForte de la lev\u00e9e de cette contrainte, l&rsquo;UFDG invite d\u00e9sormais l&rsquo;ensemble de ses militants et responsables \u00e0 \u00ab\u00a0reprendre les activit\u00e9s du Parti\u00a0\u00bb.<\/div>\n<div dir=\"auto\"><\/div>\n<div dir=\"auto\">\u200bLa priorit\u00e9 est d\u00e9sormais mise sur la pr\u00e9paration active du prochain congr\u00e8s national. L&rsquo;objectif est de s&rsquo;assurer que cette instance, essentielle \u00e0 la vie d\u00e9mocratique du parti, puisse se tenir dans le courant du mois de janvier 2026<\/div>\n<div dir=\"auto\"><\/div>\n<div dir=\"auto\">\u200bLa Direction nationale a par ailleurs indiqu\u00e9 que la date exacte de la tenue du congr\u00e8s sera communiqu\u00e9e prochainement, \u00e0 l&rsquo;issue des discussions en cours avec le MATD.<\/div>\n<div dir=\"auto\"><\/div>\n<div dir=\"auto\">\u200bCette reprise marque un tournant pour l&rsquo;UFDG, qui peut d\u00e9sormais se concentrer sur sa r\u00e9organisation interne et la relance de ses activit\u00e9s politiques apr\u00e8s trois mois d&rsquo;arr\u00eat forc\u00e9.<\/div>\n<div dir=\"auto\"><a href=\"https:\/\/universnews224.com\/wp-content\/uploads\/2025\/12\/FB_IMG_1765453387898.jpg\"><img loading=\"lazy\" class=\"alignnone size-medium wp-image-9735\" src=\"https:\/\/universnews224.com\/wp-content\/uploads\/2025\/12\/FB_IMG_1765453387898-235x300.jpg\" alt=\"\" width=\"235\" height=\"300\" srcset=\"https:\/\/universnews224.com\/wp-content\/uploads\/2025\/12\/FB_IMG_1765453387898-235x300.jpg 235w, https:\/\/universnews224.com\/wp-content\/uploads\/2025\/12\/FB_IMG_1765453387898-802x1024.jpg 802w, https:\/\/universnews224.com\/wp-content\/uploads\/2025\/12\/FB_IMG_1765453387898-768x981.jpg 768w, https:\/\/universnews224.com\/wp-content\/uploads\/2025\/12\/FB_IMG_1765453387898.jpg 1002w\" sizes=\"(max-width: 235px) 100vw, 235px\" \/><\/a><\/div>\n<div dir=\"auto\"><\/div>\n<div dir=\"auto\"><\/div>\n<\/div>\n","protected":false},"excerpt":{"rendered":"<p>Dans un communiqu\u00e9 publi\u00e9 ce jeudi, 11 octobre 2025, la Direction nationale de l&rsquo;Union des<\/p>\n","protected":false},"author":2,"featured_media":9507,"comment_status":"closed","ping_status":"open","sticky":false,"template":"","format":"standard","meta":[],"categories":[3,4],"tags":[237],"yoast_head":"<!-- This site is optimized with the Yoast SEO plugin v19.13 - https:\/\/yoast.com\/wordpress\/plugins\/seo\/ -->\n<title>L&#039;UFDG annonce la fin de sa suspension et la reprise de ses activit\u00e9s - UNIVERSNEWS224<\/title>\n<meta name=\"robots\" content=\"index, follow, max-snippet:-1, max-image-preview:large, max-video-preview:-1\" \/>\n<link rel=\"canonical\" href=\"https:\/\/universnews224.com\/index.php\/lufdg-annonce-la-fin-de-sa-suspension-et-la-reprise-de-ses-activites\/\" \/>\n<meta property=\"og:locale\" content=\"fr_FR\" \/>\n<meta property=\"og:type\" content=\"article\" \/>\n<meta property=\"og:title\" content=\"L&#039;UFDG annonce la fin de sa suspension et la reprise de ses activit\u00e9s - UNIVERSNEWS224\" \/>\n<meta property=\"og:description\" content=\"Dans un communiqu\u00e9 publi\u00e9 ce jeudi, 11 octobre 2025, la Direction nationale de l&rsquo;Union des\" \/>\n<meta property=\"og:url\" content=\"https:\/\/universnews224.com\/index.php\/lufdg-annonce-la-fin-de-sa-suspension-et-la-reprise-de-ses-activites\/\" \/>\n<meta property=\"og:site_name\" content=\"UNIVERSNEWS224\" \/>\n<meta property=\"article:published_time\" content=\"2025-12-11T13:07:43+00:00\" \/>\n<meta property=\"og:image\" content=\"https:\/\/universnews224.com\/wp-content\/uploads\/2025\/11\/Cellou-Dalein.jpg\" \/>\n\t<meta property=\"og:image:width\" content=\"900\" \/>\n\t<meta property=\"og:image:height\" content=\"600\" \/>\n\t<meta property=\"og:image:type\" content=\"image\/jpeg\" \/>\n<meta name=\"author\" content=\"La R\u00e9daction\" \/>\n<meta name=\"twitter:label1\" content=\"\u00c9crit par\" \/>\n\t<meta name=\"twitter:data1\" content=\"La R\u00e9daction\" \/>\n\t<meta name=\"twitter:label2\" content=\"Dur\u00e9e de lecture estim\u00e9e\" \/>\n\t<meta name=\"twitter:data2\" content=\"2 minutes\" \/>\n<script type=\"application\/ld+json\" class=\"yoast-schema-graph\">{\"@context\":\"https:\/\/schema.org\",\"@graph\":[{\"@type\":\"Article\",\"@id\":\"https:\/\/universnews224.com\/index.php\/lufdg-annonce-la-fin-de-sa-suspension-et-la-reprise-de-ses-activites\/#article\",\"isPartOf\":{\"@id\":\"https:\/\/universnews224.com\/index.php\/lufdg-annonce-la-fin-de-sa-suspension-et-la-reprise-de-ses-activites\/\"},\"author\":{\"name\":\"La R\u00e9daction\",\"@id\":\"https:\/\/universnews224.com\/#\/schema\/person\/a4b7d4f94a4716df60456a491260485e\"},\"headline\":\"L&rsquo;UFDG annonce la fin de sa suspension et la reprise de ses activit\u00e9s\",\"datePublished\":\"2025-12-11T13:07:43+00:00\",\"dateModified\":\"2025-12-11T13:07:43+00:00\",\"mainEntityOfPage\":{\"@id\":\"https:\/\/universnews224.com\/index.php\/lufdg-annonce-la-fin-de-sa-suspension-et-la-reprise-de-ses-activites\/\"},\"wordCount\":350,\"publisher\":{\"@id\":\"https:\/\/universnews224.com\/#organization\"},\"keywords\":[\"A la une\"],\"articleSection\":[\"ACTU\",\"POLITIQUE\"],\"inLanguage\":\"fr-FR\"},{\"@type\":\"WebPage\",\"@id\":\"https:\/\/universnews224.com\/index.php\/lufdg-annonce-la-fin-de-sa-suspension-et-la-reprise-de-ses-activites\/\",\"url\":\"https:\/\/universnews224.com\/index.php\/lufdg-annonce-la-fin-de-sa-suspension-et-la-reprise-de-ses-activites\/\",\"name\":\"L'UFDG annonce la fin de sa suspension et la reprise de ses activit\u00e9s - UNIVERSNEWS224\",\"isPartOf\":{\"@id\":\"https:\/\/universnews224.com\/#website\"},\"datePublished\":\"2025-12-11T13:07:43+00:00\",\"dateModified\":\"2025-12-11T13:07:43+00:00\",\"inLanguage\":\"fr-FR\",\"potentialAction\":[{\"@type\":\"ReadAction\",\"target\":[\"https:\/\/universnews224.com\/index.php\/lufdg-annonce-la-fin-de-sa-suspension-et-la-reprise-de-ses-activites\/\"]}]},{\"@type\":\"WebSite\",\"@id\":\"https:\/\/universnews224.com\/#website\",\"url\":\"https:\/\/universnews224.com\/\",\"name\":\"UNIVERSNEWS224\",\"description\":\"\",\"publisher\":{\"@id\":\"https:\/\/universnews224.com\/#organization\"},\"potentialAction\":[{\"@type\":\"SearchAction\",\"target\":{\"@type\":\"EntryPoint\",\"urlTemplate\":\"https:\/\/universnews224.com\/?s={search_term_string}\"},\"query-input\":\"required name=search_term_string\"}],\"inLanguage\":\"fr-FR\"},{\"@type\":\"Organization\",\"@id\":\"https:\/\/universnews224.com\/#organization\",\"name\":\"UNIVERSNEWS224\",\"url\":\"https:\/\/universnews224.com\/\",\"logo\":{\"@type\":\"ImageObject\",\"inLanguage\":\"fr-FR\",\"@id\":\"https:\/\/universnews224.com\/#\/schema\/logo\/image\/\",\"url\":\"https:\/\/universnews224.com\/wp-content\/uploads\/2022\/08\/cropped-cropped-logoban.jpg\",\"contentUrl\":\"https:\/\/universnews224.com\/wp-content\/uploads\/2022\/08\/cropped-cropped-logoban.jpg\",\"width\":1080,\"height\":138,\"caption\":\"UNIVERSNEWS224\"},\"image\":{\"@id\":\"https:\/\/universnews224.com\/#\/schema\/logo\/image\/\"}},{\"@type\":\"Person\",\"@id\":\"https:\/\/universnews224.com\/#\/schema\/person\/a4b7d4f94a4716df60456a491260485e\",\"name\":\"La R\u00e9daction\",\"image\":{\"@type\":\"ImageObject\",\"inLanguage\":\"fr-FR\",\"@id\":\"https:\/\/universnews224.com\/#\/schema\/person\/image\/\",\"url\":\"https:\/\/secure.gravatar.com\/avatar\/edb90acc7752b23e1b3307ad36c14f0d?s=96&d=mm&r=g\",\"contentUrl\":\"https:\/\/secure.gravatar.com\/avatar\/edb90acc7752b23e1b3307ad36c14f0d?s=96&d=mm&r=g\",\"caption\":\"La R\u00e9daction\"},\"sameAs\":[\"https:\/\/universnews224.com\"],\"url\":\"https:\/\/universnews224.com\/index.php\/author\/m-camara\/\"}]}<\/script>\n<!-- \/ Yoast SEO plugin. -->","yoast_head_json":{"title":"L'UFDG annonce la fin de sa suspension et la reprise de ses activit\u00e9s - UNIVERSNEWS224","robots":{"index":"index","follow":"follow","max-snippet":"max-snippet:-1","max-image-preview":"max-image-preview:large","max-video-preview":"max-video-preview:-1"},"canonical":"https:\/\/universnews224.com\/index.php\/lufdg-annonce-la-fin-de-sa-suspension-et-la-reprise-de-ses-activites\/","og_locale":"fr_FR","og_type":"article","og_title":"L'UFDG annonce la fin de sa suspension et la reprise de ses activit\u00e9s - UNIVERSNEWS224","og_description":"Dans un communiqu\u00e9 publi\u00e9 ce jeudi, 11 octobre 2025, la Direction nationale de l&rsquo;Union des","og_url":"https:\/\/universnews224.com\/index.php\/lufdg-annonce-la-fin-de-sa-suspension-et-la-reprise-de-ses-activites\/","og_site_name":"UNIVERSNEWS224","article_published_time":"2025-12-11T13:07:43+00:00","og_image":[{"width":900,"height":600,"url":"https:\/\/universnews224.com\/wp-content\/uploads\/2025\/11\/Cellou-Dalein.jpg","type":"image\/jpeg"}],"author":"La R\u00e9daction","twitter_misc":{"\u00c9crit par":"La R\u00e9daction","Dur\u00e9e de lecture estim\u00e9e":"2 minutes"},"schema":{"@context":"https:\/\/schema.org","@graph":[{"@type":"Article","@id":"https:\/\/universnews224.com\/index.php\/lufdg-annonce-la-fin-de-sa-suspension-et-la-reprise-de-ses-activites\/#article","isPartOf":{"@id":"https:\/\/universnews224.com\/index.php\/lufdg-annonce-la-fin-de-sa-suspension-et-la-reprise-de-ses-activites\/"},"author":{"name":"La R\u00e9daction","@id":"https:\/\/universnews224.com\/#\/schema\/person\/a4b7d4f94a4716df60456a491260485e"},"headline":"L&rsquo;UFDG annonce la fin de sa suspension et la reprise de ses activit\u00e9s","datePublished":"2025-12-11T13:07:43+00:00","dateModified":"2025-12-11T13:07:43+00:00","mainEntityOfPage":{"@id":"https:\/\/universnews224.com\/index.php\/lufdg-annonce-la-fin-de-sa-suspension-et-la-reprise-de-ses-activites\/"},"wordCount":350,"publisher":{"@id":"https:\/\/universnews224.com\/#organization"},"keywords":["A la une"],"articleSection":["ACTU","POLITIQUE"],"inLanguage":"fr-FR"},{"@type":"WebPage","@id":"https:\/\/universnews224.com\/index.php\/lufdg-annonce-la-fin-de-sa-suspension-et-la-reprise-de-ses-activites\/","url":"https:\/\/universnews224.com\/index.php\/lufdg-annonce-la-fin-de-sa-suspension-et-la-reprise-de-ses-activites\/","name":"L'UFDG annonce la fin de sa suspension et la reprise de ses activit\u00e9s - UNIVERSNEWS224","isPartOf":{"@id":"https:\/\/universnews224.com\/#website"},"datePublished":"2025-12-11T13:07:43+00:00","dateModified":"2025-12-11T13:07:43+00:00","inLanguage":"fr-FR","potentialAction":[{"@type":"ReadAction","target":["https:\/\/universnews224.com\/index.php\/lufdg-annonce-la-fin-de-sa-suspension-et-la-reprise-de-ses-activites\/"]}]},{"@type":"WebSite","@id":"https:\/\/universnews224.com\/#website","url":"https:\/\/universnews224.com\/","name":"UNIVERSNEWS224","description":"","publisher":{"@id":"https:\/\/universnews224.com\/#organization"},"potentialAction":[{"@type":"SearchAction","target":{"@type":"EntryPoint","urlTemplate":"https:\/\/universnews224.com\/?s={search_term_string}"},"query-input":"required name=search_term_string"}],"inLanguage":"fr-FR"},{"@type":"Organization","@id":"https:\/\/universnews224.com\/#organization","name":"UNIVERSNEWS224","url":"https:\/\/universnews224.com\/","logo":{"@type":"ImageObject","inLanguage":"fr-FR","@id":"https:\/\/universnews224.com\/#\/schema\/logo\/image\/","url":"https:\/\/universnews224.com\/wp-content\/uploads\/2022\/08\/cropped-cropped-logoban.jpg","contentUrl":"https:\/\/universnews224.com\/wp-content\/uploads\/2022\/08\/cropped-cropped-logoban.jpg","width":1080,"height":138,"caption":"UNIVERSNEWS224"},"image":{"@id":"https:\/\/universnews224.com\/#\/schema\/logo\/image\/"}},{"@type":"Person","@id":"https:\/\/universnews224.com\/#\/schema\/person\/a4b7d4f94a4716df60456a491260485e","name":"La R\u00e9daction","image":{"@type":"ImageObject","inLanguage":"fr-FR","@id":"https:\/\/universnews224.com\/#\/schema\/person\/image\/","url":"https:\/\/secure.gravatar.com\/avatar\/edb90acc7752b23e1b3307ad36c14f0d?s=96&d=mm&r=g","contentUrl":"https:\/\/secure.gravatar.com\/avatar\/edb90acc7752b23e1b3307ad36c14f0d?s=96&d=mm&r=g","caption":"La R\u00e9daction"},"sameAs":["https:\/\/universnews224.com"],"url":"https:\/\/universnews224.com\/index.php\/author\/m-camara\/"}]}},"_links":{"self":[{"href":"https:\/\/universnews224.com\/index.php\/wp-json\/wp\/v2\/posts\/9734"}],"collection":[{"href":"https:\/\/universnews224.com\/index.php\/wp-json\/wp\/v2\/posts"}],"about":[{"href":"https:\/\/universnews224.com\/index.php\/wp-json\/wp\/v2\/types\/post"}],"author":[{"embeddable":true,"href":"https:\/\/universnews224.com\/index.php\/wp-json\/wp\/v2\/users\/2"}],"replies":[{"embeddable":true,"href":"https:\/\/universnews224.com\/index.php\/wp-json\/wp\/v2\/comments?post=9734"}],"version-history":[{"count":1,"href":"https:\/\/universnews224.com\/index.php\/wp-json\/wp\/v2\/posts\/9734\/revisions"}],"predecessor-version":[{"id":9736,"href":"https:\/\/universnews224.com\/index.php\/wp-json\/wp\/v2\/posts\/9734\/revisions\/9736"}],"wp:featuredmedia":[{"embeddable":true,"href":"https:\/\/universnews224.com\/index.php\/wp-json\/wp\/v2\/media\/9507"}],"wp:attachment":[{"href":"https:\/\/universnews224.com\/index.php\/wp-json\/wp\/v2\/media?parent=9734"}],"wp:term":[{"taxonomy":"category","embeddable":true,"href":"https:\/\/universnews224.com\/index.php\/wp-json\/wp\/v2\/categories?post=9734"},{"taxonomy":"post_tag","embeddable":true,"href":"https:\/\/universnews224.com\/index.php\/wp-json\/wp\/v2\/tags?post=9734"}],"curies":[{"name":"wp","href":"https:\/\/api.w.org\/{rel}","templated":true}]}}