{"id":9737,"date":"2025-12-11T18:40:54","date_gmt":"2025-12-11T17:40:54","guid":{"rendered":"https:\/\/universnews224.com\/?p=9737"},"modified":"2025-12-11T18:41:33","modified_gmt":"2025-12-11T17:41:33","slug":"presidentielle-du-28-decembre-la-dge-forme-les-journalistes-sur-le-nouveau-cadre-electoral-avec-lappui-de-loif","status":"publish","type":"post","link":"https:\/\/universnews224.com\/index.php\/presidentielle-du-28-decembre-la-dge-forme-les-journalistes-sur-le-nouveau-cadre-electoral-avec-lappui-de-loif\/","title":{"rendered":"Pr\u00e9sidentielle du 28 d\u00e9cembre : la DGE forme les journalistes sur le nouveau cadre \u00e9lectoral avec l\u2019appui de l\u2019OIF"},"content":{"rendered":"<p>La Direction g\u00e9n\u00e9rale des \u00e9lections (DGE) a organis\u00e9 ce jeudi 11 d\u00e9cembre 2025 un atelier de formation \u00e0 l\u2019intention des journalistes, d\u00e9di\u00e9 \u00e0 la vulgarisation du nouveau cadre normatif des \u00e9lections. Cette activit\u00e9, organis\u00e9e en perspective de l&rsquo;\u00e9lection pr\u00e9sidentielle de d\u00e9cembre prochain, a b\u00e9n\u00e9fici\u00e9 de l\u2019appui technique et financier de l\u2019Organisation internationale de la Francophonie (OIF), ainsi que du soutien de plusieurs partenaires institutionnels.<a href=\"https:\/\/universnews224.com\/wp-content\/uploads\/2025\/12\/IMG-20251211-WA0012.jpg\"><img loading=\"lazy\" class=\"alignnone size-medium wp-image-9738\" src=\"https:\/\/universnews224.com\/wp-content\/uploads\/2025\/12\/IMG-20251211-WA0012-300x135.jpg\" alt=\"\" width=\"300\" height=\"135\" srcset=\"https:\/\/universnews224.com\/wp-content\/uploads\/2025\/12\/IMG-20251211-WA0012-300x135.jpg 300w, https:\/\/universnews224.com\/wp-content\/uploads\/2025\/12\/IMG-20251211-WA0012-768x346.jpg 768w, https:\/\/universnews224.com\/wp-content\/uploads\/2025\/12\/IMG-20251211-WA0012.jpg 1020w\" sizes=\"(max-width: 300px) 100vw, 300px\" \/><\/a><\/p>\n<p>Dans son discours de bienvenue, la Directrice g\u00e9n\u00e9rale des \u00e9lections, Djenab Tour\u00e9, a rappel\u00e9 que l\u2019adoption de la nouvelle Constitution du 21 septembre 2025 a conduit \u00e0 un nouveau Code \u00e9lectoral r\u00e9gissant le scrutin pr\u00e9sidentiel du 28 d\u00e9cembre 2025. Elle a soulign\u00e9 que la tenue de cet atelier permettra aux journalistes de mieux appr\u00e9hender le cadre juridique, les r\u00e8gles d\u2019accr\u00e9ditation, le d\u00e9roulement des op\u00e9rations \u00e9lectorales et leurs obligations. \u00ab Il \u00e9tait important de tenir cette session afin que les journalistes puissent prendre connaissance du nouveau dispositif normatif \u00bb, a-t-elle insist\u00e9.<a href=\"https:\/\/universnews224.com\/wp-content\/uploads\/2025\/12\/IMG-20251211-WA0010.jpg\"><img loading=\"lazy\" class=\"alignnone size-medium wp-image-9739\" src=\"https:\/\/universnews224.com\/wp-content\/uploads\/2025\/12\/IMG-20251211-WA0010-300x135.jpg\" alt=\"\" width=\"300\" height=\"135\" srcset=\"https:\/\/universnews224.com\/wp-content\/uploads\/2025\/12\/IMG-20251211-WA0010-300x135.jpg 300w, https:\/\/universnews224.com\/wp-content\/uploads\/2025\/12\/IMG-20251211-WA0010-768x346.jpg 768w, https:\/\/universnews224.com\/wp-content\/uploads\/2025\/12\/IMG-20251211-WA0010.jpg 1020w\" sizes=\"(max-width: 300px) 100vw, 300px\" \/><\/a><\/p>\n<p>La Directrice g\u00e9n\u00e9rale a \u00e9galement salu\u00e9 le soutien constant de la Haute Autorit\u00e9 de la Communication (HAC) et l\u2019implication de la presse guin\u00e9enne en termes de vulgarisation de la mise en place du registre national des personnes physiques, du fichier \u00e9lectoral biom\u00e9trique et dans la couverture du r\u00e9cent r\u00e9f\u00e9rendum, pr\u00e9sent\u00e9 comme l\u2019un des scrutins les plus apais\u00e9s depuis l\u2019instauration du multipartisme.<\/p>\n<p>Le pr\u00e9sident de la HAC, Boubacar Yacine Diallo, a quant \u00e0 lui, salu\u00e9 les r\u00e9formes dans le secteur m\u00e9diatique et le r\u00f4le cl\u00e9 des journalistes dans l&rsquo;instauration d&rsquo;un climat apais\u00e9 lors du dernier r\u00e9f\u00e9rendum et dans la campagne actuelle en cours. Il a appel\u00e9 les professionnels des m\u00e9dias, \u00e0 travers les diff\u00e9rentes associations de presse, \u00e0 exercer leur m\u00e9tier avec libert\u00e9, neutralit\u00e9 et professionnalisme, tout en les f\u00e9licitant pour leur engagement \u00e0 \u0153uvrer pour une \u00e9lection pr\u00e9sidentielle marqu\u00e9e par la maturit\u00e9 politique et la culture d\u00e9mocratique.<a href=\"https:\/\/universnews224.com\/wp-content\/uploads\/2025\/12\/IMG-20251211-WA0009.jpg\"><img loading=\"lazy\" class=\"alignnone size-medium wp-image-9740\" src=\"https:\/\/universnews224.com\/wp-content\/uploads\/2025\/12\/IMG-20251211-WA0009-300x135.jpg\" alt=\"\" width=\"300\" height=\"135\" srcset=\"https:\/\/universnews224.com\/wp-content\/uploads\/2025\/12\/IMG-20251211-WA0009-300x135.jpg 300w, https:\/\/universnews224.com\/wp-content\/uploads\/2025\/12\/IMG-20251211-WA0009-768x346.jpg 768w, https:\/\/universnews224.com\/wp-content\/uploads\/2025\/12\/IMG-20251211-WA0009.jpg 1020w\" sizes=\"(max-width: 300px) 100vw, 300px\" \/><\/a><\/p>\n<p>Le Pr\u00e9sident de la HAC a conclu en ouvrant officiellement l\u2019atelier et en invitant les m\u00e9dias \u00e0 poursuivre leurs actions pour un scrutin transparent, neutre et paisible.<a href=\"https:\/\/universnews224.com\/wp-content\/uploads\/2025\/12\/IMG-20251211-WA0001.jpg\"><img loading=\"lazy\" class=\"alignnone size-medium wp-image-9741\" src=\"https:\/\/universnews224.com\/wp-content\/uploads\/2025\/12\/IMG-20251211-WA0001-300x225.jpg\" alt=\"\" width=\"300\" height=\"225\" srcset=\"https:\/\/universnews224.com\/wp-content\/uploads\/2025\/12\/IMG-20251211-WA0001-300x225.jpg 300w, https:\/\/universnews224.com\/wp-content\/uploads\/2025\/12\/IMG-20251211-WA0001-1024x768.jpg 1024w, https:\/\/universnews224.com\/wp-content\/uploads\/2025\/12\/IMG-20251211-WA0001-768x576.jpg 768w, https:\/\/universnews224.com\/wp-content\/uploads\/2025\/12\/IMG-20251211-WA0001-1536x1152.jpg 1536w, https:\/\/universnews224.com\/wp-content\/uploads\/2025\/12\/IMG-20251211-WA0001-720x540.jpg 720w, https:\/\/universnews224.com\/wp-content\/uploads\/2025\/12\/IMG-20251211-WA0001.jpg 1600w\" sizes=\"(max-width: 300px) 100vw, 300px\" \/><\/a><\/p>\n<p>L&rsquo;union des fondateurs des sites internet d&rsquo;information de Guin\u00e9e (UFSIIG).<\/p>\n","protected":false},"excerpt":{"rendered":"<p>La Direction g\u00e9n\u00e9rale des \u00e9lections (DGE) a organis\u00e9 ce jeudi 11 d\u00e9cembre 2025 un atelier<\/p>\n","protected":false},"author":2,"featured_media":9741,"comment_status":"closed","ping_status":"open","sticky":false,"template":"","format":"standard","meta":[],"categories":[3,5],"tags":[237],"yoast_head":"<!-- This site is optimized with the Yoast SEO plugin v19.13 - https:\/\/yoast.com\/wordpress\/plugins\/seo\/ -->\n<title>Pr\u00e9sidentielle du 28 d\u00e9cembre : la DGE forme les journalistes sur le nouveau cadre \u00e9lectoral avec l\u2019appui de l\u2019OIF - UNIVERSNEWS224<\/title>\n<meta name=\"robots\" content=\"index, follow, max-snippet:-1, max-image-preview:large, max-video-preview:-1\" \/>\n<link rel=\"canonical\" href=\"https:\/\/universnews224.com\/index.php\/presidentielle-du-28-decembre-la-dge-forme-les-journalistes-sur-le-nouveau-cadre-electoral-avec-lappui-de-loif\/\" \/>\n<meta property=\"og:locale\" content=\"fr_FR\" \/>\n<meta property=\"og:type\" content=\"article\" \/>\n<meta property=\"og:title\" content=\"Pr\u00e9sidentielle du 28 d\u00e9cembre : la DGE forme les journalistes sur le nouveau cadre \u00e9lectoral avec l\u2019appui de l\u2019OIF - UNIVERSNEWS224\" \/>\n<meta property=\"og:description\" content=\"La Direction g\u00e9n\u00e9rale des \u00e9lections (DGE) a organis\u00e9 ce jeudi 11 d\u00e9cembre 2025 un atelier\" \/>\n<meta property=\"og:url\" content=\"https:\/\/universnews224.com\/index.php\/presidentielle-du-28-decembre-la-dge-forme-les-journalistes-sur-le-nouveau-cadre-electoral-avec-lappui-de-loif\/\" \/>\n<meta property=\"og:site_name\" content=\"UNIVERSNEWS224\" \/>\n<meta property=\"article:published_time\" content=\"2025-12-11T17:40:54+00:00\" \/>\n<meta property=\"article:modified_time\" content=\"2025-12-11T17:41:33+00:00\" \/>\n<meta property=\"og:image\" content=\"https:\/\/universnews224.com\/wp-content\/uploads\/2025\/12\/IMG-20251211-WA0001.jpg\" \/>\n\t<meta property=\"og:image:width\" content=\"1600\" \/>\n\t<meta property=\"og:image:height\" content=\"1200\" \/>\n\t<meta property=\"og:image:type\" content=\"image\/jpeg\" \/>\n<meta name=\"author\" content=\"La R\u00e9daction\" \/>\n<meta name=\"twitter:label1\" content=\"\u00c9crit par\" \/>\n\t<meta name=\"twitter:data1\" content=\"La R\u00e9daction\" \/>\n\t<meta name=\"twitter:label2\" content=\"Dur\u00e9e de lecture estim\u00e9e\" \/>\n\t<meta name=\"twitter:data2\" content=\"3 minutes\" \/>\n<script type=\"application\/ld+json\" class=\"yoast-schema-graph\">{\"@context\":\"https:\/\/schema.org\",\"@graph\":[{\"@type\":\"Article\",\"@id\":\"https:\/\/universnews224.com\/index.php\/presidentielle-du-28-decembre-la-dge-forme-les-journalistes-sur-le-nouveau-cadre-electoral-avec-lappui-de-loif\/#article\",\"isPartOf\":{\"@id\":\"https:\/\/universnews224.com\/index.php\/presidentielle-du-28-decembre-la-dge-forme-les-journalistes-sur-le-nouveau-cadre-electoral-avec-lappui-de-loif\/\"},\"author\":{\"name\":\"La R\u00e9daction\",\"@id\":\"https:\/\/universnews224.com\/#\/schema\/person\/a4b7d4f94a4716df60456a491260485e\"},\"headline\":\"Pr\u00e9sidentielle du 28 d\u00e9cembre : la DGE forme les journalistes sur le nouveau cadre \u00e9lectoral avec l\u2019appui de l\u2019OIF\",\"datePublished\":\"2025-12-11T17:40:54+00:00\",\"dateModified\":\"2025-12-11T17:41:33+00:00\",\"mainEntityOfPage\":{\"@id\":\"https:\/\/universnews224.com\/index.php\/presidentielle-du-28-decembre-la-dge-forme-les-journalistes-sur-le-nouveau-cadre-electoral-avec-lappui-de-loif\/\"},\"wordCount\":397,\"publisher\":{\"@id\":\"https:\/\/universnews224.com\/#organization\"},\"keywords\":[\"A la une\"],\"articleSection\":[\"ACTU\",\"SOCI\u00c9T\u00c9\"],\"inLanguage\":\"fr-FR\"},{\"@type\":\"WebPage\",\"@id\":\"https:\/\/universnews224.com\/index.php\/presidentielle-du-28-decembre-la-dge-forme-les-journalistes-sur-le-nouveau-cadre-electoral-avec-lappui-de-loif\/\",\"url\":\"https:\/\/universnews224.com\/index.php\/presidentielle-du-28-decembre-la-dge-forme-les-journalistes-sur-le-nouveau-cadre-electoral-avec-lappui-de-loif\/\",\"name\":\"Pr\u00e9sidentielle du 28 d\u00e9cembre : la DGE forme les journalistes sur le nouveau cadre \u00e9lectoral avec l\u2019appui de l\u2019OIF - UNIVERSNEWS224\",\"isPartOf\":{\"@id\":\"https:\/\/universnews224.com\/#website\"},\"datePublished\":\"2025-12-11T17:40:54+00:00\",\"dateModified\":\"2025-12-11T17:41:33+00:00\",\"inLanguage\":\"fr-FR\",\"potentialAction\":[{\"@type\":\"ReadAction\",\"target\":[\"https:\/\/universnews224.com\/index.php\/presidentielle-du-28-decembre-la-dge-forme-les-journalistes-sur-le-nouveau-cadre-electoral-avec-lappui-de-loif\/\"]}]},{\"@type\":\"WebSite\",\"@id\":\"https:\/\/universnews224.com\/#website\",\"url\":\"https:\/\/universnews224.com\/\",\"name\":\"UNIVERSNEWS224\",\"description\":\"\",\"publisher\":{\"@id\":\"https:\/\/universnews224.com\/#organization\"},\"potentialAction\":[{\"@type\":\"SearchAction\",\"target\":{\"@type\":\"EntryPoint\",\"urlTemplate\":\"https:\/\/universnews224.com\/?s={search_term_string}\"},\"query-input\":\"required name=search_term_string\"}],\"inLanguage\":\"fr-FR\"},{\"@type\":\"Organization\",\"@id\":\"https:\/\/universnews224.com\/#organization\",\"name\":\"UNIVERSNEWS224\",\"url\":\"https:\/\/universnews224.com\/\",\"logo\":{\"@type\":\"ImageObject\",\"inLanguage\":\"fr-FR\",\"@id\":\"https:\/\/universnews224.com\/#\/schema\/logo\/image\/\",\"url\":\"https:\/\/universnews224.com\/wp-content\/uploads\/2022\/08\/cropped-cropped-logoban.jpg\",\"contentUrl\":\"https:\/\/universnews224.com\/wp-content\/uploads\/2022\/08\/cropped-cropped-logoban.jpg\",\"width\":1080,\"height\":138,\"caption\":\"UNIVERSNEWS224\"},\"image\":{\"@id\":\"https:\/\/universnews224.com\/#\/schema\/logo\/image\/\"}},{\"@type\":\"Person\",\"@id\":\"https:\/\/universnews224.com\/#\/schema\/person\/a4b7d4f94a4716df60456a491260485e\",\"name\":\"La R\u00e9daction\",\"image\":{\"@type\":\"ImageObject\",\"inLanguage\":\"fr-FR\",\"@id\":\"https:\/\/universnews224.com\/#\/schema\/person\/image\/\",\"url\":\"https:\/\/secure.gravatar.com\/avatar\/edb90acc7752b23e1b3307ad36c14f0d?s=96&d=mm&r=g\",\"contentUrl\":\"https:\/\/secure.gravatar.com\/avatar\/edb90acc7752b23e1b3307ad36c14f0d?s=96&d=mm&r=g\",\"caption\":\"La R\u00e9daction\"},\"sameAs\":[\"https:\/\/universnews224.com\"],\"url\":\"https:\/\/universnews224.com\/index.php\/author\/m-camara\/\"}]}<\/script>\n<!-- \/ Yoast SEO plugin. -->","yoast_head_json":{"title":"Pr\u00e9sidentielle du 28 d\u00e9cembre : la DGE forme les journalistes sur le nouveau cadre \u00e9lectoral avec l\u2019appui de l\u2019OIF - UNIVERSNEWS224","robots":{"index":"index","follow":"follow","max-snippet":"max-snippet:-1","max-image-preview":"max-image-preview:large","max-video-preview":"max-video-preview:-1"},"canonical":"https:\/\/universnews224.com\/index.php\/presidentielle-du-28-decembre-la-dge-forme-les-journalistes-sur-le-nouveau-cadre-electoral-avec-lappui-de-loif\/","og_locale":"fr_FR","og_type":"article","og_title":"Pr\u00e9sidentielle du 28 d\u00e9cembre : la DGE forme les journalistes sur le nouveau cadre \u00e9lectoral avec l\u2019appui de l\u2019OIF - UNIVERSNEWS224","og_description":"La Direction g\u00e9n\u00e9rale des \u00e9lections (DGE) a organis\u00e9 ce jeudi 11 d\u00e9cembre 2025 un atelier","og_url":"https:\/\/universnews224.com\/index.php\/presidentielle-du-28-decembre-la-dge-forme-les-journalistes-sur-le-nouveau-cadre-electoral-avec-lappui-de-loif\/","og_site_name":"UNIVERSNEWS224","article_published_time":"2025-12-11T17:40:54+00:00","article_modified_time":"2025-12-11T17:41:33+00:00","og_image":[{"width":1600,"height":1200,"url":"https:\/\/universnews224.com\/wp-content\/uploads\/2025\/12\/IMG-20251211-WA0001.jpg","type":"image\/jpeg"}],"author":"La R\u00e9daction","twitter_misc":{"\u00c9crit par":"La R\u00e9daction","Dur\u00e9e de lecture estim\u00e9e":"3 minutes"},"schema":{"@context":"https:\/\/schema.org","@graph":[{"@type":"Article","@id":"https:\/\/universnews224.com\/index.php\/presidentielle-du-28-decembre-la-dge-forme-les-journalistes-sur-le-nouveau-cadre-electoral-avec-lappui-de-loif\/#article","isPartOf":{"@id":"https:\/\/universnews224.com\/index.php\/presidentielle-du-28-decembre-la-dge-forme-les-journalistes-sur-le-nouveau-cadre-electoral-avec-lappui-de-loif\/"},"author":{"name":"La R\u00e9daction","@id":"https:\/\/universnews224.com\/#\/schema\/person\/a4b7d4f94a4716df60456a491260485e"},"headline":"Pr\u00e9sidentielle du 28 d\u00e9cembre : la DGE forme les journalistes sur le nouveau cadre \u00e9lectoral avec l\u2019appui de l\u2019OIF","datePublished":"2025-12-11T17:40:54+00:00","dateModified":"2025-12-11T17:41:33+00:00","mainEntityOfPage":{"@id":"https:\/\/universnews224.com\/index.php\/presidentielle-du-28-decembre-la-dge-forme-les-journalistes-sur-le-nouveau-cadre-electoral-avec-lappui-de-loif\/"},"wordCount":397,"publisher":{"@id":"https:\/\/universnews224.com\/#organization"},"keywords":["A la une"],"articleSection":["ACTU","SOCI\u00c9T\u00c9"],"inLanguage":"fr-FR"},{"@type":"WebPage","@id":"https:\/\/universnews224.com\/index.php\/presidentielle-du-28-decembre-la-dge-forme-les-journalistes-sur-le-nouveau-cadre-electoral-avec-lappui-de-loif\/","url":"https:\/\/universnews224.com\/index.php\/presidentielle-du-28-decembre-la-dge-forme-les-journalistes-sur-le-nouveau-cadre-electoral-avec-lappui-de-loif\/","name":"Pr\u00e9sidentielle du 28 d\u00e9cembre : la DGE forme les journalistes sur le nouveau cadre \u00e9lectoral avec l\u2019appui de l\u2019OIF - UNIVERSNEWS224","isPartOf":{"@id":"https:\/\/universnews224.com\/#website"},"datePublished":"2025-12-11T17:40:54+00:00","dateModified":"2025-12-11T17:41:33+00:00","inLanguage":"fr-FR","potentialAction":[{"@type":"ReadAction","target":["https:\/\/universnews224.com\/index.php\/presidentielle-du-28-decembre-la-dge-forme-les-journalistes-sur-le-nouveau-cadre-electoral-avec-lappui-de-loif\/"]}]},{"@type":"WebSite","@id":"https:\/\/universnews224.com\/#website","url":"https:\/\/universnews224.com\/","name":"UNIVERSNEWS224","description":"","publisher":{"@id":"https:\/\/universnews224.com\/#organization"},"potentialAction":[{"@type":"SearchAction","target":{"@type":"EntryPoint","urlTemplate":"https:\/\/universnews224.com\/?s={search_term_string}"},"query-input":"required name=search_term_string"}],"inLanguage":"fr-FR"},{"@type":"Organization","@id":"https:\/\/universnews224.com\/#organization","name":"UNIVERSNEWS224","url":"https:\/\/universnews224.com\/","logo":{"@type":"ImageObject","inLanguage":"fr-FR","@id":"https:\/\/universnews224.com\/#\/schema\/logo\/image\/","url":"https:\/\/universnews224.com\/wp-content\/uploads\/2022\/08\/cropped-cropped-logoban.jpg","contentUrl":"https:\/\/universnews224.com\/wp-content\/uploads\/2022\/08\/cropped-cropped-logoban.jpg","width":1080,"height":138,"caption":"UNIVERSNEWS224"},"image":{"@id":"https:\/\/universnews224.com\/#\/schema\/logo\/image\/"}},{"@type":"Person","@id":"https:\/\/universnews224.com\/#\/schema\/person\/a4b7d4f94a4716df60456a491260485e","name":"La R\u00e9daction","image":{"@type":"ImageObject","inLanguage":"fr-FR","@id":"https:\/\/universnews224.com\/#\/schema\/person\/image\/","url":"https:\/\/secure.gravatar.com\/avatar\/edb90acc7752b23e1b3307ad36c14f0d?s=96&d=mm&r=g","contentUrl":"https:\/\/secure.gravatar.com\/avatar\/edb90acc7752b23e1b3307ad36c14f0d?s=96&d=mm&r=g","caption":"La R\u00e9daction"},"sameAs":["https:\/\/universnews224.com"],"url":"https:\/\/universnews224.com\/index.php\/author\/m-camara\/"}]}},"_links":{"self":[{"href":"https:\/\/universnews224.com\/index.php\/wp-json\/wp\/v2\/posts\/9737"}],"collection":[{"href":"https:\/\/universnews224.com\/index.php\/wp-json\/wp\/v2\/posts"}],"about":[{"href":"https:\/\/universnews224.com\/index.php\/wp-json\/wp\/v2\/types\/post"}],"author":[{"embeddable":true,"href":"https:\/\/universnews224.com\/index.php\/wp-json\/wp\/v2\/users\/2"}],"replies":[{"embeddable":true,"href":"https:\/\/universnews224.com\/index.php\/wp-json\/wp\/v2\/comments?post=9737"}],"version-history":[{"count":1,"href":"https:\/\/universnews224.com\/index.php\/wp-json\/wp\/v2\/posts\/9737\/revisions"}],"predecessor-version":[{"id":9742,"href":"https:\/\/universnews224.com\/index.php\/wp-json\/wp\/v2\/posts\/9737\/revisions\/9742"}],"wp:featuredmedia":[{"embeddable":true,"href":"https:\/\/universnews224.com\/index.php\/wp-json\/wp\/v2\/media\/9741"}],"wp:attachment":[{"href":"https:\/\/universnews224.com\/index.php\/wp-json\/wp\/v2\/media?parent=9737"}],"wp:term":[{"taxonomy":"category","embeddable":true,"href":"https:\/\/universnews224.com\/index.php\/wp-json\/wp\/v2\/categories?post=9737"},{"taxonomy":"post_tag","embeddable":true,"href":"https:\/\/universnews224.com\/index.php\/wp-json\/wp\/v2\/tags?post=9737"}],"curies":[{"name":"wp","href":"https:\/\/api.w.org\/{rel}","templated":true}]}}