{"id":9743,"date":"2025-12-11T22:35:38","date_gmt":"2025-12-11T21:35:38","guid":{"rendered":"https:\/\/universnews224.com\/?p=9743"},"modified":"2025-12-11T22:35:38","modified_gmt":"2025-12-11T21:35:38","slug":"presidentielle-2025-le-president-mamadi-doumbouya-decrete-un-conge-exceptionnel","status":"publish","type":"post","link":"https:\/\/universnews224.com\/index.php\/presidentielle-2025-le-president-mamadi-doumbouya-decrete-un-conge-exceptionnel\/","title":{"rendered":"Pr\u00e9sidentielle 2025 : Le pr\u00e9sident Mamadi Doumbouya d\u00e9cr\u00e8te un \u00ab cong\u00e9 exceptionnel \u00bb\u00a0"},"content":{"rendered":"<p>Le Conseil des ministres, r\u00e9uni ce jeudi 11 d\u00e9cembre 2025 sous la pr\u00e9sidence du Colonel Mamadi Doumbouya, a \u00e9t\u00e9 le th\u00e9\u00e2tre d&rsquo;une annonce majeure impactant l&rsquo;int\u00e9gralit\u00e9 du secteur \u00e9ducatif guin\u00e9en.<\/p>\n<p>\u200bLe ministre porte-parole du gouvernement, Ousmane Gaoual Diallo, a relay\u00e9 une instruction pr\u00e9sidentielle exceptionnelle : la suspension temporaire des cours dans tous les \u00e9tablissements d&rsquo;enseignement du pays, \u00e0 l&rsquo;approche de la campagne \u00e9lectorale.<\/p>\n<p>\u200bSelon le ministre Diallo, l&rsquo;objectif principal est de \u00ab pr\u00e9server \u00e9l\u00e8ves, \u00e9tudiants, enseignants et encadreurs \u00bb du \u00ab grand engouement citoyen \u00bb que suscitent traditionnellement les activit\u00e9s politiques.<\/p>\n<p>\u200bPoursuivant, le porte-parole du gouvernement a pr\u00e9cis\u00e9 que le Pr\u00e9sident de la R\u00e9publique a instruit les trois ministres en charge de l\u2019\u00c9ducation de proc\u00e9der \u00e0 la mise en cong\u00e9 exceptionnelle de tous les \u00e9l\u00e8ves, apprenants et \u00e9tudiants sur l\u2019ensemble du territoire national pour la p\u00e9riode allant du lundi 15 d\u00e9cembre 2025 au vendredi 2 janvier 2026 inclus.<br \/>\n\u200bLa reprise des cours est programm\u00e9e le lundi 5 janvier 2026, a soulign\u00e9 Ousmane Gaoual Diallo.<br \/>\n\u200b<\/p>\n","protected":false},"excerpt":{"rendered":"<p>Le Conseil des ministres, r\u00e9uni ce jeudi 11 d\u00e9cembre 2025 sous la pr\u00e9sidence du Colonel<\/p>\n","protected":false},"author":2,"featured_media":9744,"comment_status":"closed","ping_status":"open","sticky":false,"template":"","format":"standard","meta":[],"categories":[3,5],"tags":[237],"yoast_head":"<!-- This site is optimized with the Yoast SEO plugin v19.13 - https:\/\/yoast.com\/wordpress\/plugins\/seo\/ -->\n<title>Pr\u00e9sidentielle 2025 : Le pr\u00e9sident Mamadi Doumbouya d\u00e9cr\u00e8te un \u00ab cong\u00e9 exceptionnel \u00bb\u00a0 - UNIVERSNEWS224<\/title>\n<meta name=\"robots\" content=\"index, follow, max-snippet:-1, max-image-preview:large, max-video-preview:-1\" \/>\n<link rel=\"canonical\" href=\"https:\/\/universnews224.com\/index.php\/presidentielle-2025-le-president-mamadi-doumbouya-decrete-un-conge-exceptionnel\/\" \/>\n<meta property=\"og:locale\" content=\"fr_FR\" \/>\n<meta property=\"og:type\" content=\"article\" \/>\n<meta property=\"og:title\" content=\"Pr\u00e9sidentielle 2025 : Le pr\u00e9sident Mamadi Doumbouya d\u00e9cr\u00e8te un \u00ab cong\u00e9 exceptionnel \u00bb\u00a0 - UNIVERSNEWS224\" \/>\n<meta property=\"og:description\" content=\"Le Conseil des ministres, r\u00e9uni ce jeudi 11 d\u00e9cembre 2025 sous la pr\u00e9sidence du Colonel\" \/>\n<meta property=\"og:url\" content=\"https:\/\/universnews224.com\/index.php\/presidentielle-2025-le-president-mamadi-doumbouya-decrete-un-conge-exceptionnel\/\" \/>\n<meta property=\"og:site_name\" content=\"UNIVERSNEWS224\" \/>\n<meta property=\"article:published_time\" content=\"2025-12-11T21:35:38+00:00\" \/>\n<meta property=\"og:image\" content=\"https:\/\/universnews224.com\/wp-content\/uploads\/2025\/12\/IMG-20251211-WA0020.jpg\" \/>\n\t<meta property=\"og:image:width\" content=\"1600\" \/>\n\t<meta property=\"og:image:height\" content=\"1066\" \/>\n\t<meta property=\"og:image:type\" content=\"image\/jpeg\" \/>\n<meta name=\"author\" content=\"La R\u00e9daction\" \/>\n<meta name=\"twitter:label1\" content=\"\u00c9crit par\" \/>\n\t<meta name=\"twitter:data1\" content=\"La R\u00e9daction\" \/>\n\t<meta name=\"twitter:label2\" content=\"Dur\u00e9e de lecture estim\u00e9e\" \/>\n\t<meta name=\"twitter:data2\" content=\"1 minute\" \/>\n<script type=\"application\/ld+json\" class=\"yoast-schema-graph\">{\"@context\":\"https:\/\/schema.org\",\"@graph\":[{\"@type\":\"Article\",\"@id\":\"https:\/\/universnews224.com\/index.php\/presidentielle-2025-le-president-mamadi-doumbouya-decrete-un-conge-exceptionnel\/#article\",\"isPartOf\":{\"@id\":\"https:\/\/universnews224.com\/index.php\/presidentielle-2025-le-president-mamadi-doumbouya-decrete-un-conge-exceptionnel\/\"},\"author\":{\"name\":\"La R\u00e9daction\",\"@id\":\"https:\/\/universnews224.com\/#\/schema\/person\/a4b7d4f94a4716df60456a491260485e\"},\"headline\":\"Pr\u00e9sidentielle 2025 : Le pr\u00e9sident Mamadi Doumbouya d\u00e9cr\u00e8te un \u00ab cong\u00e9 exceptionnel \u00bb\u00a0\",\"datePublished\":\"2025-12-11T21:35:38+00:00\",\"dateModified\":\"2025-12-11T21:35:38+00:00\",\"mainEntityOfPage\":{\"@id\":\"https:\/\/universnews224.com\/index.php\/presidentielle-2025-le-president-mamadi-doumbouya-decrete-un-conge-exceptionnel\/\"},\"wordCount\":182,\"publisher\":{\"@id\":\"https:\/\/universnews224.com\/#organization\"},\"keywords\":[\"A la une\"],\"articleSection\":[\"ACTU\",\"SOCI\u00c9T\u00c9\"],\"inLanguage\":\"fr-FR\"},{\"@type\":\"WebPage\",\"@id\":\"https:\/\/universnews224.com\/index.php\/presidentielle-2025-le-president-mamadi-doumbouya-decrete-un-conge-exceptionnel\/\",\"url\":\"https:\/\/universnews224.com\/index.php\/presidentielle-2025-le-president-mamadi-doumbouya-decrete-un-conge-exceptionnel\/\",\"name\":\"Pr\u00e9sidentielle 2025 : Le pr\u00e9sident Mamadi Doumbouya d\u00e9cr\u00e8te un \u00ab cong\u00e9 exceptionnel \u00bb\u00a0 - UNIVERSNEWS224\",\"isPartOf\":{\"@id\":\"https:\/\/universnews224.com\/#website\"},\"datePublished\":\"2025-12-11T21:35:38+00:00\",\"dateModified\":\"2025-12-11T21:35:38+00:00\",\"inLanguage\":\"fr-FR\",\"potentialAction\":[{\"@type\":\"ReadAction\",\"target\":[\"https:\/\/universnews224.com\/index.php\/presidentielle-2025-le-president-mamadi-doumbouya-decrete-un-conge-exceptionnel\/\"]}]},{\"@type\":\"WebSite\",\"@id\":\"https:\/\/universnews224.com\/#website\",\"url\":\"https:\/\/universnews224.com\/\",\"name\":\"UNIVERSNEWS224\",\"description\":\"\",\"publisher\":{\"@id\":\"https:\/\/universnews224.com\/#organization\"},\"potentialAction\":[{\"@type\":\"SearchAction\",\"target\":{\"@type\":\"EntryPoint\",\"urlTemplate\":\"https:\/\/universnews224.com\/?s={search_term_string}\"},\"query-input\":\"required name=search_term_string\"}],\"inLanguage\":\"fr-FR\"},{\"@type\":\"Organization\",\"@id\":\"https:\/\/universnews224.com\/#organization\",\"name\":\"UNIVERSNEWS224\",\"url\":\"https:\/\/universnews224.com\/\",\"logo\":{\"@type\":\"ImageObject\",\"inLanguage\":\"fr-FR\",\"@id\":\"https:\/\/universnews224.com\/#\/schema\/logo\/image\/\",\"url\":\"https:\/\/universnews224.com\/wp-content\/uploads\/2022\/08\/cropped-cropped-logoban.jpg\",\"contentUrl\":\"https:\/\/universnews224.com\/wp-content\/uploads\/2022\/08\/cropped-cropped-logoban.jpg\",\"width\":1080,\"height\":138,\"caption\":\"UNIVERSNEWS224\"},\"image\":{\"@id\":\"https:\/\/universnews224.com\/#\/schema\/logo\/image\/\"}},{\"@type\":\"Person\",\"@id\":\"https:\/\/universnews224.com\/#\/schema\/person\/a4b7d4f94a4716df60456a491260485e\",\"name\":\"La R\u00e9daction\",\"image\":{\"@type\":\"ImageObject\",\"inLanguage\":\"fr-FR\",\"@id\":\"https:\/\/universnews224.com\/#\/schema\/person\/image\/\",\"url\":\"https:\/\/secure.gravatar.com\/avatar\/edb90acc7752b23e1b3307ad36c14f0d?s=96&d=mm&r=g\",\"contentUrl\":\"https:\/\/secure.gravatar.com\/avatar\/edb90acc7752b23e1b3307ad36c14f0d?s=96&d=mm&r=g\",\"caption\":\"La R\u00e9daction\"},\"sameAs\":[\"https:\/\/universnews224.com\"],\"url\":\"https:\/\/universnews224.com\/index.php\/author\/m-camara\/\"}]}<\/script>\n<!-- \/ Yoast SEO plugin. -->","yoast_head_json":{"title":"Pr\u00e9sidentielle 2025 : Le pr\u00e9sident Mamadi Doumbouya d\u00e9cr\u00e8te un \u00ab cong\u00e9 exceptionnel \u00bb\u00a0 - UNIVERSNEWS224","robots":{"index":"index","follow":"follow","max-snippet":"max-snippet:-1","max-image-preview":"max-image-preview:large","max-video-preview":"max-video-preview:-1"},"canonical":"https:\/\/universnews224.com\/index.php\/presidentielle-2025-le-president-mamadi-doumbouya-decrete-un-conge-exceptionnel\/","og_locale":"fr_FR","og_type":"article","og_title":"Pr\u00e9sidentielle 2025 : Le pr\u00e9sident Mamadi Doumbouya d\u00e9cr\u00e8te un \u00ab cong\u00e9 exceptionnel \u00bb\u00a0 - UNIVERSNEWS224","og_description":"Le Conseil des ministres, r\u00e9uni ce jeudi 11 d\u00e9cembre 2025 sous la pr\u00e9sidence du Colonel","og_url":"https:\/\/universnews224.com\/index.php\/presidentielle-2025-le-president-mamadi-doumbouya-decrete-un-conge-exceptionnel\/","og_site_name":"UNIVERSNEWS224","article_published_time":"2025-12-11T21:35:38+00:00","og_image":[{"width":1600,"height":1066,"url":"https:\/\/universnews224.com\/wp-content\/uploads\/2025\/12\/IMG-20251211-WA0020.jpg","type":"image\/jpeg"}],"author":"La R\u00e9daction","twitter_misc":{"\u00c9crit par":"La R\u00e9daction","Dur\u00e9e de lecture estim\u00e9e":"1 minute"},"schema":{"@context":"https:\/\/schema.org","@graph":[{"@type":"Article","@id":"https:\/\/universnews224.com\/index.php\/presidentielle-2025-le-president-mamadi-doumbouya-decrete-un-conge-exceptionnel\/#article","isPartOf":{"@id":"https:\/\/universnews224.com\/index.php\/presidentielle-2025-le-president-mamadi-doumbouya-decrete-un-conge-exceptionnel\/"},"author":{"name":"La R\u00e9daction","@id":"https:\/\/universnews224.com\/#\/schema\/person\/a4b7d4f94a4716df60456a491260485e"},"headline":"Pr\u00e9sidentielle 2025 : Le pr\u00e9sident Mamadi Doumbouya d\u00e9cr\u00e8te un \u00ab cong\u00e9 exceptionnel \u00bb\u00a0","datePublished":"2025-12-11T21:35:38+00:00","dateModified":"2025-12-11T21:35:38+00:00","mainEntityOfPage":{"@id":"https:\/\/universnews224.com\/index.php\/presidentielle-2025-le-president-mamadi-doumbouya-decrete-un-conge-exceptionnel\/"},"wordCount":182,"publisher":{"@id":"https:\/\/universnews224.com\/#organization"},"keywords":["A la une"],"articleSection":["ACTU","SOCI\u00c9T\u00c9"],"inLanguage":"fr-FR"},{"@type":"WebPage","@id":"https:\/\/universnews224.com\/index.php\/presidentielle-2025-le-president-mamadi-doumbouya-decrete-un-conge-exceptionnel\/","url":"https:\/\/universnews224.com\/index.php\/presidentielle-2025-le-president-mamadi-doumbouya-decrete-un-conge-exceptionnel\/","name":"Pr\u00e9sidentielle 2025 : Le pr\u00e9sident Mamadi Doumbouya d\u00e9cr\u00e8te un \u00ab cong\u00e9 exceptionnel \u00bb\u00a0 - UNIVERSNEWS224","isPartOf":{"@id":"https:\/\/universnews224.com\/#website"},"datePublished":"2025-12-11T21:35:38+00:00","dateModified":"2025-12-11T21:35:38+00:00","inLanguage":"fr-FR","potentialAction":[{"@type":"ReadAction","target":["https:\/\/universnews224.com\/index.php\/presidentielle-2025-le-president-mamadi-doumbouya-decrete-un-conge-exceptionnel\/"]}]},{"@type":"WebSite","@id":"https:\/\/universnews224.com\/#website","url":"https:\/\/universnews224.com\/","name":"UNIVERSNEWS224","description":"","publisher":{"@id":"https:\/\/universnews224.com\/#organization"},"potentialAction":[{"@type":"SearchAction","target":{"@type":"EntryPoint","urlTemplate":"https:\/\/universnews224.com\/?s={search_term_string}"},"query-input":"required name=search_term_string"}],"inLanguage":"fr-FR"},{"@type":"Organization","@id":"https:\/\/universnews224.com\/#organization","name":"UNIVERSNEWS224","url":"https:\/\/universnews224.com\/","logo":{"@type":"ImageObject","inLanguage":"fr-FR","@id":"https:\/\/universnews224.com\/#\/schema\/logo\/image\/","url":"https:\/\/universnews224.com\/wp-content\/uploads\/2022\/08\/cropped-cropped-logoban.jpg","contentUrl":"https:\/\/universnews224.com\/wp-content\/uploads\/2022\/08\/cropped-cropped-logoban.jpg","width":1080,"height":138,"caption":"UNIVERSNEWS224"},"image":{"@id":"https:\/\/universnews224.com\/#\/schema\/logo\/image\/"}},{"@type":"Person","@id":"https:\/\/universnews224.com\/#\/schema\/person\/a4b7d4f94a4716df60456a491260485e","name":"La R\u00e9daction","image":{"@type":"ImageObject","inLanguage":"fr-FR","@id":"https:\/\/universnews224.com\/#\/schema\/person\/image\/","url":"https:\/\/secure.gravatar.com\/avatar\/edb90acc7752b23e1b3307ad36c14f0d?s=96&d=mm&r=g","contentUrl":"https:\/\/secure.gravatar.com\/avatar\/edb90acc7752b23e1b3307ad36c14f0d?s=96&d=mm&r=g","caption":"La R\u00e9daction"},"sameAs":["https:\/\/universnews224.com"],"url":"https:\/\/universnews224.com\/index.php\/author\/m-camara\/"}]}},"_links":{"self":[{"href":"https:\/\/universnews224.com\/index.php\/wp-json\/wp\/v2\/posts\/9743"}],"collection":[{"href":"https:\/\/universnews224.com\/index.php\/wp-json\/wp\/v2\/posts"}],"about":[{"href":"https:\/\/universnews224.com\/index.php\/wp-json\/wp\/v2\/types\/post"}],"author":[{"embeddable":true,"href":"https:\/\/universnews224.com\/index.php\/wp-json\/wp\/v2\/users\/2"}],"replies":[{"embeddable":true,"href":"https:\/\/universnews224.com\/index.php\/wp-json\/wp\/v2\/comments?post=9743"}],"version-history":[{"count":1,"href":"https:\/\/universnews224.com\/index.php\/wp-json\/wp\/v2\/posts\/9743\/revisions"}],"predecessor-version":[{"id":9745,"href":"https:\/\/universnews224.com\/index.php\/wp-json\/wp\/v2\/posts\/9743\/revisions\/9745"}],"wp:featuredmedia":[{"embeddable":true,"href":"https:\/\/universnews224.com\/index.php\/wp-json\/wp\/v2\/media\/9744"}],"wp:attachment":[{"href":"https:\/\/universnews224.com\/index.php\/wp-json\/wp\/v2\/media?parent=9743"}],"wp:term":[{"taxonomy":"category","embeddable":true,"href":"https:\/\/universnews224.com\/index.php\/wp-json\/wp\/v2\/categories?post=9743"},{"taxonomy":"post_tag","embeddable":true,"href":"https:\/\/universnews224.com\/index.php\/wp-json\/wp\/v2\/tags?post=9743"}],"curies":[{"name":"wp","href":"https:\/\/api.w.org\/{rel}","templated":true}]}}