{"id":9769,"date":"2025-12-14T01:57:01","date_gmt":"2025-12-14T00:57:01","guid":{"rendered":"https:\/\/universnews224.com\/?p=9769"},"modified":"2025-12-14T11:30:21","modified_gmt":"2025-12-14T10:30:21","slug":"conakry-des-fora-universitaires-pour-vulgariser-le-bilan-du-general-mamadi-doumbouya-lances-par-les-autorites","status":"publish","type":"post","link":"https:\/\/universnews224.com\/index.php\/conakry-des-fora-universitaires-pour-vulgariser-le-bilan-du-general-mamadi-doumbouya-lances-par-les-autorites\/","title":{"rendered":"Conakry : Des Fora Universitaires pour vulgariser le bilan du G\u00e9n\u00e9ral Mamadi Doumbouya lanc\u00e9s par les autorit\u00e9s"},"content":{"rendered":"<p dir=\"ltr\">C&rsquo;est <b>le lancement<\/b> des Fora universitaires pr\u00e9sidentiels pour la <b>Modernisation<\/b> qui a eu lieu ce samedi 13 d\u00e9cembre 2025 \u00e0 l\u2019<b>Universit\u00e9 G\u00e9n\u00e9ral Lansana Cont\u00e9 <\/b>de Sonfonia. Plac\u00e9e sous le th\u00e8me \u00ab <b>GMD : B\u00e2tir ensemble pour consolider, transformer et d\u00e9velopper la Guin\u00e9e<\/b> \u00bb, cette rencontre a r\u00e9uni des \u00e9tudiants, des encadreurs de l\u2019institution, et des cadres de divers d\u00e9partements minist\u00e9riels.<a href=\"https:\/\/universnews224.com\/wp-content\/uploads\/2025\/12\/IMG-20251214-WA0011.jpg\"><img loading=\"lazy\" class=\"alignnone size-medium wp-image-9770\" src=\"https:\/\/universnews224.com\/wp-content\/uploads\/2025\/12\/IMG-20251214-WA0011-300x189.jpg\" alt=\"\" width=\"300\" height=\"189\" srcset=\"https:\/\/universnews224.com\/wp-content\/uploads\/2025\/12\/IMG-20251214-WA0011-300x189.jpg 300w, https:\/\/universnews224.com\/wp-content\/uploads\/2025\/12\/IMG-20251214-WA0011-768x484.jpg 768w, https:\/\/universnews224.com\/wp-content\/uploads\/2025\/12\/IMG-20251214-WA0011.jpg 965w\" sizes=\"(max-width: 300px) 100vw, 300px\" \/><\/a><\/p>\n<p dir=\"ltr\">\u200bL&rsquo;objectif \u00e9tait de pr\u00e9senter <b>les acquis<\/b> de la gouvernance du <b>G\u00e9n\u00e9ral<\/b> Mamadi Doumbouya, candidat \u00e0 l&rsquo;\u00e9lection pr\u00e9sidentielle, \u00e0 travers des panels anim\u00e9s par des cadres de l\u2019administration sur des th\u00e9matiques telles que le <b>\u00ab D\u00e9veloppement et la gouvernance responsable \u00bb<\/b>.<a href=\"https:\/\/universnews224.com\/wp-content\/uploads\/2025\/12\/IMG-20251214-WA0013.jpg\"><img loading=\"lazy\" class=\"alignnone size-medium wp-image-9771\" src=\"https:\/\/universnews224.com\/wp-content\/uploads\/2025\/12\/IMG-20251214-WA0013-300x169.jpg\" alt=\"\" width=\"300\" height=\"169\" srcset=\"https:\/\/universnews224.com\/wp-content\/uploads\/2025\/12\/IMG-20251214-WA0013-300x169.jpg 300w, https:\/\/universnews224.com\/wp-content\/uploads\/2025\/12\/IMG-20251214-WA0013-1024x576.jpg 1024w, https:\/\/universnews224.com\/wp-content\/uploads\/2025\/12\/IMG-20251214-WA0013-768x432.jpg 768w, https:\/\/universnews224.com\/wp-content\/uploads\/2025\/12\/IMG-20251214-WA0013-800x450.jpg 800w, https:\/\/universnews224.com\/wp-content\/uploads\/2025\/12\/IMG-20251214-WA0013.jpg 1080w\" sizes=\"(max-width: 300px) 100vw, 300px\" \/><\/a><\/p>\n<p dir=\"ltr\">\u200bCette c\u00e9r\u00e9monie d&rsquo;\u00e9change et de partage d&rsquo;exp\u00e9riences a \u00e9t\u00e9 organis\u00e9e sous l\u2019\u00e9gide du directoire de campagne de la <b>G\u00e9n\u00e9ration pour la Modernit\u00e9 et le D\u00e9veloppement (GMD)<\/b>, le mouvement ind\u00e9pendant qui soutient la candidature du G\u00e9n\u00e9ral Mamadi Doumbouya. L&rsquo;initiative est \u00e9galement port\u00e9e par les structures \u00ab G\u00e9n\u00e9ration Patriote \u00bb et \u00ab Initiative des Cadres \u00bb.<\/p>\n<h3>\u200bUn Dialogue pour la Transparence<\/h3>\n<p dir=\"ltr\">\u200bDans son discours, le Professeur Daniel Lamah, <b>Recteur<\/b> de l\u2019Universit\u00e9 de Sonfonia, a soulign\u00e9 les objectifs de cette initiative et la mani\u00e8re dont les r\u00e9formes institutionnelles, l\u2019investissement \u00e9conomique et la gouvernance responsable <b>jettent<\/b> les bases d\u2019un d\u00e9veloppement au service d\u2019une jeunesse engag\u00e9e pour l\u2019entrepreneuriat.<a href=\"https:\/\/universnews224.com\/wp-content\/uploads\/2025\/12\/IMG-20251214-WA0010.jpg\"><img loading=\"lazy\" class=\"alignnone size-medium wp-image-9772\" src=\"https:\/\/universnews224.com\/wp-content\/uploads\/2025\/12\/IMG-20251214-WA0010-300x218.jpg\" alt=\"\" width=\"300\" height=\"218\" srcset=\"https:\/\/universnews224.com\/wp-content\/uploads\/2025\/12\/IMG-20251214-WA0010-300x218.jpg 300w, https:\/\/universnews224.com\/wp-content\/uploads\/2025\/12\/IMG-20251214-WA0010.jpg 477w\" sizes=\"(max-width: 300px) 100vw, 300px\" \/><\/a><\/p>\n<blockquote>\n<p dir=\"ltr\">\u200b\u00ab Le choix de notre institution pour abriter cette conf\u00e9rence t\u00e9moigne d\u2019une volont\u00e9 affirm\u00e9e de dialogue, de transparence et de p\u00e9dagogie de l\u2019action publique. Cette conf\u00e9rence offre ainsi l\u2019opportunit\u00e9 de faire le point sur les acquis enregistr\u00e9s, d\u2019en analyser la port\u00e9e et d\u2019en appr\u00e9cier les perspectives dans un esprit de responsabilit\u00e9 et de construction collective \u00bb, a-t-il indiqu\u00e9.<\/p>\n<\/blockquote>\n<p>&nbsp;<\/p>\n<h3>\u200b\u00c9changes sur le Bilan et les D\u00e9fis<\/h3>\n<p dir=\"ltr\">\u200bPour sa part, le Dr Mamoudou Tour\u00e9, <b>Secr\u00e9taire G\u00e9n\u00e9ral<\/b> du minist\u00e8re de l\u2019\u00c9conomie et des Finances et l&rsquo;un des initiateurs de l\u2019\u00e9v\u00e9nement, a affirm\u00e9 la vocation de ces forums d&rsquo;\u00e9changes.<\/p>\n<blockquote>\n<p dir=\"ltr\">\u200b\u00ab Les Fora universitaires sont des espaces d\u2019\u00e9changes entre les cadres et les \u00e9tudiants, afin de leur expliquer tout ce qui a \u00e9t\u00e9 fait au cours des quatre derni\u00e8res ann\u00e9es sous la gouvernance du Pr\u00e9sident Mamadi Doumbouya. En outre, [il s\u2019agit d\u2019] \u00e9changer avec eux autour des d\u00e9fis auxquels le pays est confront\u00e9 en termes de gouvernance, d\u2019infrastructures, mais aussi de capital humain et naturel \u00bb, a soulign\u00e9 le <b>Secr\u00e9taire G\u00e9n\u00e9ral<\/b>.<\/p>\n<\/blockquote>\n<p>&nbsp;<\/p>\n<p dir=\"ltr\">\u200bLes \u00e9tudiants de l\u2019Universit\u00e9 de Sonfonia ont saisi l&rsquo;occasion pour interroger les pan\u00e9listes sur leurs pr\u00e9occupations, notamment l\u2019acc\u00e8s \u00e0 l\u2019emploi dans la perspective de la mise en \u0153uvre du programme <b>Simandou 2040<\/b>.<\/p>\n<h3>\u200bVulgarisation et Tourn\u00e9e Nationale<\/h3>\n<p dir=\"ltr\">\u200bPour conclure, le Dr Tour\u00e9 a rappel\u00e9 la n\u00e9cessit\u00e9 de l\u2019initiative, insistant sur le r\u00f4le des universitaires.<\/p>\n<blockquote>\n<p dir=\"ltr\">\u200b\u00ab Ce programme [Simandou 2040] de transformation de notre \u00e9conomie dans les 15 prochaines ann\u00e9es&#8230; ne peut se faire sans qu\u2019on ne vienne le vulgariser aupr\u00e8s des universitaires et recueillir \u00e9galement leurs pr\u00e9occupations, qui peuvent aussi nous permettre d\u2019affiner un certain nombre d\u2019actions publiques. Nous allons faire une tourn\u00e9e dans les huit r\u00e9gions administratives du pays pour partager avec les uns et les autres la vision de notre candidat, Mamadi Doumbouya, mais surtout le r\u00e9sultat de son travail au cours des quatre derni\u00e8res ann\u00e9es \u00bb, a-t-il conclu.<\/p>\n<\/blockquote>\n<p>&nbsp;<\/p>\n<p dir=\"ltr\">\u200b<b>Alass Sylla et Rose Soumah pour universnews224.com<\/b><\/p>\n<p dir=\"ltr\"><b>T\u00e9l. : 625 480 252<\/b><\/p>\n","protected":false},"excerpt":{"rendered":"<p>C&rsquo;est le lancement des Fora universitaires pr\u00e9sidentiels pour la Modernisation qui a eu lieu ce<\/p>\n","protected":false},"author":2,"featured_media":9770,"comment_status":"closed","ping_status":"open","sticky":false,"template":"","format":"standard","meta":[],"categories":[3,4],"tags":[237],"yoast_head":"<!-- This site is optimized with the Yoast SEO plugin v19.13 - https:\/\/yoast.com\/wordpress\/plugins\/seo\/ -->\n<title>Conakry : Des Fora Universitaires pour vulgariser le bilan du G\u00e9n\u00e9ral Mamadi Doumbouya lanc\u00e9s par les autorit\u00e9s - UNIVERSNEWS224<\/title>\n<meta name=\"robots\" content=\"index, follow, max-snippet:-1, max-image-preview:large, max-video-preview:-1\" \/>\n<link rel=\"canonical\" href=\"https:\/\/universnews224.com\/index.php\/conakry-des-fora-universitaires-pour-vulgariser-le-bilan-du-general-mamadi-doumbouya-lances-par-les-autorites\/\" \/>\n<meta property=\"og:locale\" content=\"fr_FR\" \/>\n<meta property=\"og:type\" content=\"article\" \/>\n<meta property=\"og:title\" content=\"Conakry : Des Fora Universitaires pour vulgariser le bilan du G\u00e9n\u00e9ral Mamadi Doumbouya lanc\u00e9s par les autorit\u00e9s - UNIVERSNEWS224\" \/>\n<meta property=\"og:description\" content=\"C&rsquo;est le lancement des Fora universitaires pr\u00e9sidentiels pour la Modernisation qui a eu lieu ce\" \/>\n<meta property=\"og:url\" content=\"https:\/\/universnews224.com\/index.php\/conakry-des-fora-universitaires-pour-vulgariser-le-bilan-du-general-mamadi-doumbouya-lances-par-les-autorites\/\" \/>\n<meta property=\"og:site_name\" content=\"UNIVERSNEWS224\" \/>\n<meta property=\"article:published_time\" content=\"2025-12-14T00:57:01+00:00\" \/>\n<meta property=\"article:modified_time\" content=\"2025-12-14T10:30:21+00:00\" \/>\n<meta property=\"og:image\" content=\"https:\/\/universnews224.com\/wp-content\/uploads\/2025\/12\/IMG-20251214-WA0011.jpg\" \/>\n\t<meta property=\"og:image:width\" content=\"965\" \/>\n\t<meta property=\"og:image:height\" content=\"608\" \/>\n\t<meta property=\"og:image:type\" content=\"image\/jpeg\" \/>\n<meta name=\"author\" content=\"La R\u00e9daction\" \/>\n<meta name=\"twitter:label1\" content=\"\u00c9crit par\" \/>\n\t<meta name=\"twitter:data1\" content=\"La R\u00e9daction\" \/>\n\t<meta name=\"twitter:label2\" content=\"Dur\u00e9e de lecture estim\u00e9e\" \/>\n\t<meta name=\"twitter:data2\" content=\"4 minutes\" \/>\n<script type=\"application\/ld+json\" class=\"yoast-schema-graph\">{\"@context\":\"https:\/\/schema.org\",\"@graph\":[{\"@type\":\"Article\",\"@id\":\"https:\/\/universnews224.com\/index.php\/conakry-des-fora-universitaires-pour-vulgariser-le-bilan-du-general-mamadi-doumbouya-lances-par-les-autorites\/#article\",\"isPartOf\":{\"@id\":\"https:\/\/universnews224.com\/index.php\/conakry-des-fora-universitaires-pour-vulgariser-le-bilan-du-general-mamadi-doumbouya-lances-par-les-autorites\/\"},\"author\":{\"name\":\"La R\u00e9daction\",\"@id\":\"https:\/\/universnews224.com\/#\/schema\/person\/a4b7d4f94a4716df60456a491260485e\"},\"headline\":\"Conakry : Des Fora Universitaires pour vulgariser le bilan du G\u00e9n\u00e9ral Mamadi Doumbouya lanc\u00e9s par les autorit\u00e9s\",\"datePublished\":\"2025-12-14T00:57:01+00:00\",\"dateModified\":\"2025-12-14T10:30:21+00:00\",\"mainEntityOfPage\":{\"@id\":\"https:\/\/universnews224.com\/index.php\/conakry-des-fora-universitaires-pour-vulgariser-le-bilan-du-general-mamadi-doumbouya-lances-par-les-autorites\/\"},\"wordCount\":618,\"publisher\":{\"@id\":\"https:\/\/universnews224.com\/#organization\"},\"keywords\":[\"A la une\"],\"articleSection\":[\"ACTU\",\"POLITIQUE\"],\"inLanguage\":\"fr-FR\"},{\"@type\":\"WebPage\",\"@id\":\"https:\/\/universnews224.com\/index.php\/conakry-des-fora-universitaires-pour-vulgariser-le-bilan-du-general-mamadi-doumbouya-lances-par-les-autorites\/\",\"url\":\"https:\/\/universnews224.com\/index.php\/conakry-des-fora-universitaires-pour-vulgariser-le-bilan-du-general-mamadi-doumbouya-lances-par-les-autorites\/\",\"name\":\"Conakry : Des Fora Universitaires pour vulgariser le bilan du G\u00e9n\u00e9ral Mamadi Doumbouya lanc\u00e9s par les autorit\u00e9s - UNIVERSNEWS224\",\"isPartOf\":{\"@id\":\"https:\/\/universnews224.com\/#website\"},\"datePublished\":\"2025-12-14T00:57:01+00:00\",\"dateModified\":\"2025-12-14T10:30:21+00:00\",\"inLanguage\":\"fr-FR\",\"potentialAction\":[{\"@type\":\"ReadAction\",\"target\":[\"https:\/\/universnews224.com\/index.php\/conakry-des-fora-universitaires-pour-vulgariser-le-bilan-du-general-mamadi-doumbouya-lances-par-les-autorites\/\"]}]},{\"@type\":\"WebSite\",\"@id\":\"https:\/\/universnews224.com\/#website\",\"url\":\"https:\/\/universnews224.com\/\",\"name\":\"UNIVERSNEWS224\",\"description\":\"\",\"publisher\":{\"@id\":\"https:\/\/universnews224.com\/#organization\"},\"potentialAction\":[{\"@type\":\"SearchAction\",\"target\":{\"@type\":\"EntryPoint\",\"urlTemplate\":\"https:\/\/universnews224.com\/?s={search_term_string}\"},\"query-input\":\"required name=search_term_string\"}],\"inLanguage\":\"fr-FR\"},{\"@type\":\"Organization\",\"@id\":\"https:\/\/universnews224.com\/#organization\",\"name\":\"UNIVERSNEWS224\",\"url\":\"https:\/\/universnews224.com\/\",\"logo\":{\"@type\":\"ImageObject\",\"inLanguage\":\"fr-FR\",\"@id\":\"https:\/\/universnews224.com\/#\/schema\/logo\/image\/\",\"url\":\"https:\/\/universnews224.com\/wp-content\/uploads\/2022\/08\/cropped-cropped-logoban.jpg\",\"contentUrl\":\"https:\/\/universnews224.com\/wp-content\/uploads\/2022\/08\/cropped-cropped-logoban.jpg\",\"width\":1080,\"height\":138,\"caption\":\"UNIVERSNEWS224\"},\"image\":{\"@id\":\"https:\/\/universnews224.com\/#\/schema\/logo\/image\/\"}},{\"@type\":\"Person\",\"@id\":\"https:\/\/universnews224.com\/#\/schema\/person\/a4b7d4f94a4716df60456a491260485e\",\"name\":\"La R\u00e9daction\",\"image\":{\"@type\":\"ImageObject\",\"inLanguage\":\"fr-FR\",\"@id\":\"https:\/\/universnews224.com\/#\/schema\/person\/image\/\",\"url\":\"https:\/\/secure.gravatar.com\/avatar\/edb90acc7752b23e1b3307ad36c14f0d?s=96&d=mm&r=g\",\"contentUrl\":\"https:\/\/secure.gravatar.com\/avatar\/edb90acc7752b23e1b3307ad36c14f0d?s=96&d=mm&r=g\",\"caption\":\"La R\u00e9daction\"},\"sameAs\":[\"https:\/\/universnews224.com\"],\"url\":\"https:\/\/universnews224.com\/index.php\/author\/m-camara\/\"}]}<\/script>\n<!-- \/ Yoast SEO plugin. -->","yoast_head_json":{"title":"Conakry : Des Fora Universitaires pour vulgariser le bilan du G\u00e9n\u00e9ral Mamadi Doumbouya lanc\u00e9s par les autorit\u00e9s - UNIVERSNEWS224","robots":{"index":"index","follow":"follow","max-snippet":"max-snippet:-1","max-image-preview":"max-image-preview:large","max-video-preview":"max-video-preview:-1"},"canonical":"https:\/\/universnews224.com\/index.php\/conakry-des-fora-universitaires-pour-vulgariser-le-bilan-du-general-mamadi-doumbouya-lances-par-les-autorites\/","og_locale":"fr_FR","og_type":"article","og_title":"Conakry : Des Fora Universitaires pour vulgariser le bilan du G\u00e9n\u00e9ral Mamadi Doumbouya lanc\u00e9s par les autorit\u00e9s - UNIVERSNEWS224","og_description":"C&rsquo;est le lancement des Fora universitaires pr\u00e9sidentiels pour la Modernisation qui a eu lieu ce","og_url":"https:\/\/universnews224.com\/index.php\/conakry-des-fora-universitaires-pour-vulgariser-le-bilan-du-general-mamadi-doumbouya-lances-par-les-autorites\/","og_site_name":"UNIVERSNEWS224","article_published_time":"2025-12-14T00:57:01+00:00","article_modified_time":"2025-12-14T10:30:21+00:00","og_image":[{"width":965,"height":608,"url":"https:\/\/universnews224.com\/wp-content\/uploads\/2025\/12\/IMG-20251214-WA0011.jpg","type":"image\/jpeg"}],"author":"La R\u00e9daction","twitter_misc":{"\u00c9crit par":"La R\u00e9daction","Dur\u00e9e de lecture estim\u00e9e":"4 minutes"},"schema":{"@context":"https:\/\/schema.org","@graph":[{"@type":"Article","@id":"https:\/\/universnews224.com\/index.php\/conakry-des-fora-universitaires-pour-vulgariser-le-bilan-du-general-mamadi-doumbouya-lances-par-les-autorites\/#article","isPartOf":{"@id":"https:\/\/universnews224.com\/index.php\/conakry-des-fora-universitaires-pour-vulgariser-le-bilan-du-general-mamadi-doumbouya-lances-par-les-autorites\/"},"author":{"name":"La R\u00e9daction","@id":"https:\/\/universnews224.com\/#\/schema\/person\/a4b7d4f94a4716df60456a491260485e"},"headline":"Conakry : Des Fora Universitaires pour vulgariser le bilan du G\u00e9n\u00e9ral Mamadi Doumbouya lanc\u00e9s par les autorit\u00e9s","datePublished":"2025-12-14T00:57:01+00:00","dateModified":"2025-12-14T10:30:21+00:00","mainEntityOfPage":{"@id":"https:\/\/universnews224.com\/index.php\/conakry-des-fora-universitaires-pour-vulgariser-le-bilan-du-general-mamadi-doumbouya-lances-par-les-autorites\/"},"wordCount":618,"publisher":{"@id":"https:\/\/universnews224.com\/#organization"},"keywords":["A la une"],"articleSection":["ACTU","POLITIQUE"],"inLanguage":"fr-FR"},{"@type":"WebPage","@id":"https:\/\/universnews224.com\/index.php\/conakry-des-fora-universitaires-pour-vulgariser-le-bilan-du-general-mamadi-doumbouya-lances-par-les-autorites\/","url":"https:\/\/universnews224.com\/index.php\/conakry-des-fora-universitaires-pour-vulgariser-le-bilan-du-general-mamadi-doumbouya-lances-par-les-autorites\/","name":"Conakry : Des Fora Universitaires pour vulgariser le bilan du G\u00e9n\u00e9ral Mamadi Doumbouya lanc\u00e9s par les autorit\u00e9s - UNIVERSNEWS224","isPartOf":{"@id":"https:\/\/universnews224.com\/#website"},"datePublished":"2025-12-14T00:57:01+00:00","dateModified":"2025-12-14T10:30:21+00:00","inLanguage":"fr-FR","potentialAction":[{"@type":"ReadAction","target":["https:\/\/universnews224.com\/index.php\/conakry-des-fora-universitaires-pour-vulgariser-le-bilan-du-general-mamadi-doumbouya-lances-par-les-autorites\/"]}]},{"@type":"WebSite","@id":"https:\/\/universnews224.com\/#website","url":"https:\/\/universnews224.com\/","name":"UNIVERSNEWS224","description":"","publisher":{"@id":"https:\/\/universnews224.com\/#organization"},"potentialAction":[{"@type":"SearchAction","target":{"@type":"EntryPoint","urlTemplate":"https:\/\/universnews224.com\/?s={search_term_string}"},"query-input":"required name=search_term_string"}],"inLanguage":"fr-FR"},{"@type":"Organization","@id":"https:\/\/universnews224.com\/#organization","name":"UNIVERSNEWS224","url":"https:\/\/universnews224.com\/","logo":{"@type":"ImageObject","inLanguage":"fr-FR","@id":"https:\/\/universnews224.com\/#\/schema\/logo\/image\/","url":"https:\/\/universnews224.com\/wp-content\/uploads\/2022\/08\/cropped-cropped-logoban.jpg","contentUrl":"https:\/\/universnews224.com\/wp-content\/uploads\/2022\/08\/cropped-cropped-logoban.jpg","width":1080,"height":138,"caption":"UNIVERSNEWS224"},"image":{"@id":"https:\/\/universnews224.com\/#\/schema\/logo\/image\/"}},{"@type":"Person","@id":"https:\/\/universnews224.com\/#\/schema\/person\/a4b7d4f94a4716df60456a491260485e","name":"La R\u00e9daction","image":{"@type":"ImageObject","inLanguage":"fr-FR","@id":"https:\/\/universnews224.com\/#\/schema\/person\/image\/","url":"https:\/\/secure.gravatar.com\/avatar\/edb90acc7752b23e1b3307ad36c14f0d?s=96&d=mm&r=g","contentUrl":"https:\/\/secure.gravatar.com\/avatar\/edb90acc7752b23e1b3307ad36c14f0d?s=96&d=mm&r=g","caption":"La R\u00e9daction"},"sameAs":["https:\/\/universnews224.com"],"url":"https:\/\/universnews224.com\/index.php\/author\/m-camara\/"}]}},"_links":{"self":[{"href":"https:\/\/universnews224.com\/index.php\/wp-json\/wp\/v2\/posts\/9769"}],"collection":[{"href":"https:\/\/universnews224.com\/index.php\/wp-json\/wp\/v2\/posts"}],"about":[{"href":"https:\/\/universnews224.com\/index.php\/wp-json\/wp\/v2\/types\/post"}],"author":[{"embeddable":true,"href":"https:\/\/universnews224.com\/index.php\/wp-json\/wp\/v2\/users\/2"}],"replies":[{"embeddable":true,"href":"https:\/\/universnews224.com\/index.php\/wp-json\/wp\/v2\/comments?post=9769"}],"version-history":[{"count":3,"href":"https:\/\/universnews224.com\/index.php\/wp-json\/wp\/v2\/posts\/9769\/revisions"}],"predecessor-version":[{"id":9785,"href":"https:\/\/universnews224.com\/index.php\/wp-json\/wp\/v2\/posts\/9769\/revisions\/9785"}],"wp:featuredmedia":[{"embeddable":true,"href":"https:\/\/universnews224.com\/index.php\/wp-json\/wp\/v2\/media\/9770"}],"wp:attachment":[{"href":"https:\/\/universnews224.com\/index.php\/wp-json\/wp\/v2\/media?parent=9769"}],"wp:term":[{"taxonomy":"category","embeddable":true,"href":"https:\/\/universnews224.com\/index.php\/wp-json\/wp\/v2\/categories?post=9769"},{"taxonomy":"post_tag","embeddable":true,"href":"https:\/\/universnews224.com\/index.php\/wp-json\/wp\/v2\/tags?post=9769"}],"curies":[{"name":"wp","href":"https:\/\/api.w.org\/{rel}","templated":true}]}}