{"id":9796,"date":"2025-12-16T21:45:26","date_gmt":"2025-12-16T20:45:26","guid":{"rendered":"https:\/\/universnews224.com\/?p=9796"},"modified":"2025-12-16T21:45:26","modified_gmt":"2025-12-16T20:45:26","slug":"presidentielle-2025-la-population-de-sanoyah-sengage-a-soutenir-la-candidature-de-mamadi-doumbouya","status":"publish","type":"post","link":"https:\/\/universnews224.com\/index.php\/presidentielle-2025-la-population-de-sanoyah-sengage-a-soutenir-la-candidature-de-mamadi-doumbouya\/","title":{"rendered":"Pr\u00e9sidentielle 2025 : La population de Sanoyah s&rsquo;engage \u00e0 soutenir la candidature de Mamadi Doumbouya."},"content":{"rendered":"<p>Ce mardi 16 d\u00e9cembre 2025, la commune urbaine de Sanoyah a \u00e9t\u00e9 le th\u00e9\u00e2tre d\u2019une grande mobilisation des citoyens, militants et sympathisants de la G\u00e9n\u00e9ration pour la Modernit\u00e9 et le D\u00e9veloppement (GMD). L\u2019\u00e9v\u00e9nement marquait le lancement officiel du directoire communal de Sanoyah, visant \u00e0 apporter un soutien massif au candidat Mamadi Doumbouya pour l\u2019\u00e9lection pr\u00e9sidentielle du 28 d\u00e9cembre 2025, avec l&rsquo;objectif d\u2019une victoire par K.O.<a href=\"https:\/\/universnews224.com\/wp-content\/uploads\/2025\/12\/IMG-20251216-WA0015.jpg\"><img loading=\"lazy\" class=\"alignnone size-medium wp-image-9797\" src=\"https:\/\/universnews224.com\/wp-content\/uploads\/2025\/12\/IMG-20251216-WA0015-300x169.jpg\" alt=\"\" width=\"300\" height=\"169\" srcset=\"https:\/\/universnews224.com\/wp-content\/uploads\/2025\/12\/IMG-20251216-WA0015-300x169.jpg 300w, https:\/\/universnews224.com\/wp-content\/uploads\/2025\/12\/IMG-20251216-WA0015-1024x576.jpg 1024w, https:\/\/universnews224.com\/wp-content\/uploads\/2025\/12\/IMG-20251216-WA0015-768x432.jpg 768w, https:\/\/universnews224.com\/wp-content\/uploads\/2025\/12\/IMG-20251216-WA0015-800x450.jpg 800w, https:\/\/universnews224.com\/wp-content\/uploads\/2025\/12\/IMG-20251216-WA0015.jpg 1080w\" sizes=\"(max-width: 300px) 100vw, 300px\" \/><\/a><\/p>\n<div dir=\"auto\">\n<div dir=\"auto\">Ce grand meeting a attir\u00e9 une foule d\u00e9termin\u00e9e, compos\u00e9e de femmes, d&rsquo;hommes et de jeunes venus des quatre coins de la commune pour exprimer leur soutien ferme au G\u00e9n\u00e9ral. L\u2019\u00e9v\u00e9nement a \u00e9t\u00e9 rehauss\u00e9 par la pr\u00e9sence de l\u2019\u00e9quipe de la mairie de la commune urbaine de Sanoyah, conduite par Aly Mand\u00e9 Mansa Keita, ainsi que par l\u2019ancien maire de la commune de Matam, Isma\u00ebl Cond\u00e9.<a href=\"https:\/\/universnews224.com\/wp-content\/uploads\/2025\/12\/IMG-20251216-WA0016.jpg\"><img loading=\"lazy\" class=\"alignnone size-medium wp-image-9798\" src=\"https:\/\/universnews224.com\/wp-content\/uploads\/2025\/12\/IMG-20251216-WA0016-300x221.jpg\" alt=\"\" width=\"300\" height=\"221\" srcset=\"https:\/\/universnews224.com\/wp-content\/uploads\/2025\/12\/IMG-20251216-WA0016-300x221.jpg 300w, https:\/\/universnews224.com\/wp-content\/uploads\/2025\/12\/IMG-20251216-WA0016-1024x753.jpg 1024w, https:\/\/universnews224.com\/wp-content\/uploads\/2025\/12\/IMG-20251216-WA0016-768x565.jpg 768w, https:\/\/universnews224.com\/wp-content\/uploads\/2025\/12\/IMG-20251216-WA0016.jpg 1080w\" sizes=\"(max-width: 300px) 100vw, 300px\" \/><\/a><\/div>\n<div dir=\"auto\"><\/div>\n<div dir=\"auto\">\u200bDans son allocution, M. Moussa Doumessy, le 3\u00e8me vice-pr\u00e9sident du directoire communal de Sanoyah, a affirm\u00e9 que cette forte mobilisation visait \u00e0 exprimer leur adh\u00e9sion totale aux id\u00e9aux et \u00e0 la vision du candidat de la GMD, le G\u00e9n\u00e9ral-Pr\u00e9sident Mamadi Doumbouya.<a href=\"https:\/\/universnews224.com\/wp-content\/uploads\/2025\/12\/IMG-20251216-WA0013.jpg\"><img loading=\"lazy\" class=\"alignnone size-medium wp-image-9799\" src=\"https:\/\/universnews224.com\/wp-content\/uploads\/2025\/12\/IMG-20251216-WA0013-300x226.jpg\" alt=\"\" width=\"300\" height=\"226\" srcset=\"https:\/\/universnews224.com\/wp-content\/uploads\/2025\/12\/IMG-20251216-WA0013-300x226.jpg 300w, https:\/\/universnews224.com\/wp-content\/uploads\/2025\/12\/IMG-20251216-WA0013-1024x771.jpg 1024w, https:\/\/universnews224.com\/wp-content\/uploads\/2025\/12\/IMG-20251216-WA0013-768x578.jpg 768w, https:\/\/universnews224.com\/wp-content\/uploads\/2025\/12\/IMG-20251216-WA0013-720x540.jpg 720w, https:\/\/universnews224.com\/wp-content\/uploads\/2025\/12\/IMG-20251216-WA0013.jpg 1080w\" sizes=\"(max-width: 300px) 100vw, 300px\" \/><\/a><\/div>\n<div dir=\"auto\"><\/div>\n<div dir=\"auto\">\u200b\u00ab La campagne est officiellement lanc\u00e9e aujourd&rsquo;hui dans la commune de Sanoyah. Nous allons sillonner les dix quartiers de Sanoyah pour y organiser des meetings, afin d&rsquo;expliquer aux citoyens les r\u00e9alisations concr\u00e8tes qui ont \u00e9t\u00e9 faites par le pr\u00e9sident pour le peuple de Sanoyah : la construction de deux ponts, la construction d&rsquo;\u00e9coles un peu partout dans la commune, et celle d&rsquo;infrastructures routi\u00e8res. Voil\u00e0 les r\u00e9sultats que nous devons \u00e0 notre pr\u00e9sident. Par cons\u00e9quent, non seulement nous allons voter, mais nous allons aussi leur expliquer comment voter et leur demander de voter massivement, tout en \u00e9vitant les votes inutiles pour ne pas diminuer le pourcentage de notre candidat. Notre objectif est de faire 100% \u00bb, a-t-il d\u00e9clar\u00e9.<\/div>\n<div dir=\"auto\"><\/div>\n<div dir=\"auto\">\u200bDe son c\u00f4t\u00e9, Mme Foulah Yonba Tour\u00e9, pr\u00e9sidente du p\u00f4le des femmes du directoire de campagne du GMD de Sanoyah, s&rsquo;est dite tr\u00e8s satisfaite et a tenu \u00e0 remercier le pr\u00e9sident Mamadi Doumbouya pour les r\u00e9alisations en cours et d\u00e9j\u00e0 achev\u00e9es dans la commune. Elle a \u00e9galement salu\u00e9 le m\u00e9ga-projet de Simandou 2040.<a href=\"https:\/\/universnews224.com\/wp-content\/uploads\/2025\/12\/IMG-20251216-WA0014.jpg\"><img loading=\"lazy\" class=\"alignnone size-medium wp-image-9800\" src=\"https:\/\/universnews224.com\/wp-content\/uploads\/2025\/12\/IMG-20251216-WA0014-300x223.jpg\" alt=\"\" width=\"300\" height=\"223\" srcset=\"https:\/\/universnews224.com\/wp-content\/uploads\/2025\/12\/IMG-20251216-WA0014-300x223.jpg 300w, https:\/\/universnews224.com\/wp-content\/uploads\/2025\/12\/IMG-20251216-WA0014-1024x762.jpg 1024w, https:\/\/universnews224.com\/wp-content\/uploads\/2025\/12\/IMG-20251216-WA0014-768x572.jpg 768w, https:\/\/universnews224.com\/wp-content\/uploads\/2025\/12\/IMG-20251216-WA0014.jpg 1080w\" sizes=\"(max-width: 300px) 100vw, 300px\" \/><\/a><\/div>\n<div dir=\"auto\"><\/div>\n<div dir=\"auto\">\u200b\u00ab Nous, les femmes de la commune de Sanoyah, sommes fi\u00e8res d&rsquo;avoir le meilleur Maire des 13 Communes et un bureau de directoire de campagne pr\u00e9sid\u00e9 par des Hommes patriotes qui n&rsquo;ont cess\u00e9 de se donner corps et \u00e2me pour la r\u00e9ussite de notre campagne. Nous savons tous que le pr\u00e9sident a beaucoup fait et qu&rsquo;il continue de le faire, \u00e0 travers des r\u00e9alisations telles que : la construction de ponts et chauss\u00e9es, d&rsquo;infrastructures scolaires, de centres de sant\u00e9, de logements sociaux pour les fonctionnaires, et l&rsquo;augmentation du SIMIG [Salaire Interprofessionnel Minimum Garanti] des travailleurs de la fonction publique. Nous sommes donc pr\u00eates et d\u00e9termin\u00e9es \u00e0 voter massivement pour notre candidat Mamadi Doumbouya, afin d&rsquo;assurer la continuit\u00e9 de son projet \u00bb, a-t-elle affirm\u00e9.<a href=\"https:\/\/universnews224.com\/wp-content\/uploads\/2025\/12\/IMG-20251216-WA0015.jpg\"><img loading=\"lazy\" class=\"alignnone size-medium wp-image-9797\" src=\"https:\/\/universnews224.com\/wp-content\/uploads\/2025\/12\/IMG-20251216-WA0015-300x169.jpg\" alt=\"\" width=\"300\" height=\"169\" srcset=\"https:\/\/universnews224.com\/wp-content\/uploads\/2025\/12\/IMG-20251216-WA0015-300x169.jpg 300w, https:\/\/universnews224.com\/wp-content\/uploads\/2025\/12\/IMG-20251216-WA0015-1024x576.jpg 1024w, https:\/\/universnews224.com\/wp-content\/uploads\/2025\/12\/IMG-20251216-WA0015-768x432.jpg 768w, https:\/\/universnews224.com\/wp-content\/uploads\/2025\/12\/IMG-20251216-WA0015-800x450.jpg 800w, https:\/\/universnews224.com\/wp-content\/uploads\/2025\/12\/IMG-20251216-WA0015.jpg 1080w\" sizes=\"(max-width: 300px) 100vw, 300px\" \/><\/a><\/div>\n<div dir=\"auto\">\u200b<\/div>\n<div dir=\"auto\">Alass Sylla.<\/div>\n<\/div>\n","protected":false},"excerpt":{"rendered":"<p>Ce mardi 16 d\u00e9cembre 2025, la commune urbaine de Sanoyah a \u00e9t\u00e9 le th\u00e9\u00e2tre d\u2019une<\/p>\n","protected":false},"author":2,"featured_media":0,"comment_status":"closed","ping_status":"open","sticky":false,"template":"","format":"standard","meta":[],"categories":[3,4],"tags":[237],"yoast_head":"<!-- This site is optimized with the Yoast SEO plugin v19.13 - https:\/\/yoast.com\/wordpress\/plugins\/seo\/ -->\n<title>Pr\u00e9sidentielle 2025 : La population de Sanoyah s&#039;engage \u00e0 soutenir la candidature de Mamadi Doumbouya. - UNIVERSNEWS224<\/title>\n<meta name=\"robots\" content=\"index, follow, max-snippet:-1, max-image-preview:large, max-video-preview:-1\" \/>\n<link rel=\"canonical\" href=\"https:\/\/universnews224.com\/index.php\/presidentielle-2025-la-population-de-sanoyah-sengage-a-soutenir-la-candidature-de-mamadi-doumbouya\/\" \/>\n<meta property=\"og:locale\" content=\"fr_FR\" \/>\n<meta property=\"og:type\" content=\"article\" \/>\n<meta property=\"og:title\" content=\"Pr\u00e9sidentielle 2025 : La population de Sanoyah s&#039;engage \u00e0 soutenir la candidature de Mamadi Doumbouya. - UNIVERSNEWS224\" \/>\n<meta property=\"og:description\" content=\"Ce mardi 16 d\u00e9cembre 2025, la commune urbaine de Sanoyah a \u00e9t\u00e9 le th\u00e9\u00e2tre d\u2019une\" \/>\n<meta property=\"og:url\" content=\"https:\/\/universnews224.com\/index.php\/presidentielle-2025-la-population-de-sanoyah-sengage-a-soutenir-la-candidature-de-mamadi-doumbouya\/\" \/>\n<meta property=\"og:site_name\" content=\"UNIVERSNEWS224\" \/>\n<meta property=\"article:published_time\" content=\"2025-12-16T20:45:26+00:00\" \/>\n<meta property=\"og:image\" content=\"https:\/\/universnews224.com\/wp-content\/uploads\/2025\/12\/IMG-20251216-WA0015-300x169.jpg\" \/>\n<meta name=\"author\" content=\"La R\u00e9daction\" \/>\n<meta name=\"twitter:label1\" content=\"\u00c9crit par\" \/>\n\t<meta name=\"twitter:data1\" content=\"La R\u00e9daction\" \/>\n\t<meta name=\"twitter:label2\" content=\"Dur\u00e9e de lecture estim\u00e9e\" \/>\n\t<meta name=\"twitter:data2\" content=\"4 minutes\" \/>\n<script type=\"application\/ld+json\" class=\"yoast-schema-graph\">{\"@context\":\"https:\/\/schema.org\",\"@graph\":[{\"@type\":\"Article\",\"@id\":\"https:\/\/universnews224.com\/index.php\/presidentielle-2025-la-population-de-sanoyah-sengage-a-soutenir-la-candidature-de-mamadi-doumbouya\/#article\",\"isPartOf\":{\"@id\":\"https:\/\/universnews224.com\/index.php\/presidentielle-2025-la-population-de-sanoyah-sengage-a-soutenir-la-candidature-de-mamadi-doumbouya\/\"},\"author\":{\"name\":\"La R\u00e9daction\",\"@id\":\"https:\/\/universnews224.com\/#\/schema\/person\/a4b7d4f94a4716df60456a491260485e\"},\"headline\":\"Pr\u00e9sidentielle 2025 : La population de Sanoyah s&rsquo;engage \u00e0 soutenir la candidature de Mamadi Doumbouya.\",\"datePublished\":\"2025-12-16T20:45:26+00:00\",\"dateModified\":\"2025-12-16T20:45:26+00:00\",\"mainEntityOfPage\":{\"@id\":\"https:\/\/universnews224.com\/index.php\/presidentielle-2025-la-population-de-sanoyah-sengage-a-soutenir-la-candidature-de-mamadi-doumbouya\/\"},\"wordCount\":517,\"publisher\":{\"@id\":\"https:\/\/universnews224.com\/#organization\"},\"keywords\":[\"A la une\"],\"articleSection\":[\"ACTU\",\"POLITIQUE\"],\"inLanguage\":\"fr-FR\"},{\"@type\":\"WebPage\",\"@id\":\"https:\/\/universnews224.com\/index.php\/presidentielle-2025-la-population-de-sanoyah-sengage-a-soutenir-la-candidature-de-mamadi-doumbouya\/\",\"url\":\"https:\/\/universnews224.com\/index.php\/presidentielle-2025-la-population-de-sanoyah-sengage-a-soutenir-la-candidature-de-mamadi-doumbouya\/\",\"name\":\"Pr\u00e9sidentielle 2025 : La population de Sanoyah s'engage \u00e0 soutenir la candidature de Mamadi Doumbouya. - UNIVERSNEWS224\",\"isPartOf\":{\"@id\":\"https:\/\/universnews224.com\/#website\"},\"datePublished\":\"2025-12-16T20:45:26+00:00\",\"dateModified\":\"2025-12-16T20:45:26+00:00\",\"inLanguage\":\"fr-FR\",\"potentialAction\":[{\"@type\":\"ReadAction\",\"target\":[\"https:\/\/universnews224.com\/index.php\/presidentielle-2025-la-population-de-sanoyah-sengage-a-soutenir-la-candidature-de-mamadi-doumbouya\/\"]}]},{\"@type\":\"WebSite\",\"@id\":\"https:\/\/universnews224.com\/#website\",\"url\":\"https:\/\/universnews224.com\/\",\"name\":\"UNIVERSNEWS224\",\"description\":\"\",\"publisher\":{\"@id\":\"https:\/\/universnews224.com\/#organization\"},\"potentialAction\":[{\"@type\":\"SearchAction\",\"target\":{\"@type\":\"EntryPoint\",\"urlTemplate\":\"https:\/\/universnews224.com\/?s={search_term_string}\"},\"query-input\":\"required name=search_term_string\"}],\"inLanguage\":\"fr-FR\"},{\"@type\":\"Organization\",\"@id\":\"https:\/\/universnews224.com\/#organization\",\"name\":\"UNIVERSNEWS224\",\"url\":\"https:\/\/universnews224.com\/\",\"logo\":{\"@type\":\"ImageObject\",\"inLanguage\":\"fr-FR\",\"@id\":\"https:\/\/universnews224.com\/#\/schema\/logo\/image\/\",\"url\":\"https:\/\/universnews224.com\/wp-content\/uploads\/2022\/08\/cropped-cropped-logoban.jpg\",\"contentUrl\":\"https:\/\/universnews224.com\/wp-content\/uploads\/2022\/08\/cropped-cropped-logoban.jpg\",\"width\":1080,\"height\":138,\"caption\":\"UNIVERSNEWS224\"},\"image\":{\"@id\":\"https:\/\/universnews224.com\/#\/schema\/logo\/image\/\"}},{\"@type\":\"Person\",\"@id\":\"https:\/\/universnews224.com\/#\/schema\/person\/a4b7d4f94a4716df60456a491260485e\",\"name\":\"La R\u00e9daction\",\"image\":{\"@type\":\"ImageObject\",\"inLanguage\":\"fr-FR\",\"@id\":\"https:\/\/universnews224.com\/#\/schema\/person\/image\/\",\"url\":\"https:\/\/secure.gravatar.com\/avatar\/edb90acc7752b23e1b3307ad36c14f0d?s=96&d=mm&r=g\",\"contentUrl\":\"https:\/\/secure.gravatar.com\/avatar\/edb90acc7752b23e1b3307ad36c14f0d?s=96&d=mm&r=g\",\"caption\":\"La R\u00e9daction\"},\"sameAs\":[\"https:\/\/universnews224.com\"],\"url\":\"https:\/\/universnews224.com\/index.php\/author\/m-camara\/\"}]}<\/script>\n<!-- \/ Yoast SEO plugin. -->","yoast_head_json":{"title":"Pr\u00e9sidentielle 2025 : La population de Sanoyah s'engage \u00e0 soutenir la candidature de Mamadi Doumbouya. - UNIVERSNEWS224","robots":{"index":"index","follow":"follow","max-snippet":"max-snippet:-1","max-image-preview":"max-image-preview:large","max-video-preview":"max-video-preview:-1"},"canonical":"https:\/\/universnews224.com\/index.php\/presidentielle-2025-la-population-de-sanoyah-sengage-a-soutenir-la-candidature-de-mamadi-doumbouya\/","og_locale":"fr_FR","og_type":"article","og_title":"Pr\u00e9sidentielle 2025 : La population de Sanoyah s'engage \u00e0 soutenir la candidature de Mamadi Doumbouya. - UNIVERSNEWS224","og_description":"Ce mardi 16 d\u00e9cembre 2025, la commune urbaine de Sanoyah a \u00e9t\u00e9 le th\u00e9\u00e2tre d\u2019une","og_url":"https:\/\/universnews224.com\/index.php\/presidentielle-2025-la-population-de-sanoyah-sengage-a-soutenir-la-candidature-de-mamadi-doumbouya\/","og_site_name":"UNIVERSNEWS224","article_published_time":"2025-12-16T20:45:26+00:00","og_image":[{"url":"https:\/\/universnews224.com\/wp-content\/uploads\/2025\/12\/IMG-20251216-WA0015-300x169.jpg"}],"author":"La R\u00e9daction","twitter_misc":{"\u00c9crit par":"La R\u00e9daction","Dur\u00e9e de lecture estim\u00e9e":"4 minutes"},"schema":{"@context":"https:\/\/schema.org","@graph":[{"@type":"Article","@id":"https:\/\/universnews224.com\/index.php\/presidentielle-2025-la-population-de-sanoyah-sengage-a-soutenir-la-candidature-de-mamadi-doumbouya\/#article","isPartOf":{"@id":"https:\/\/universnews224.com\/index.php\/presidentielle-2025-la-population-de-sanoyah-sengage-a-soutenir-la-candidature-de-mamadi-doumbouya\/"},"author":{"name":"La R\u00e9daction","@id":"https:\/\/universnews224.com\/#\/schema\/person\/a4b7d4f94a4716df60456a491260485e"},"headline":"Pr\u00e9sidentielle 2025 : La population de Sanoyah s&rsquo;engage \u00e0 soutenir la candidature de Mamadi Doumbouya.","datePublished":"2025-12-16T20:45:26+00:00","dateModified":"2025-12-16T20:45:26+00:00","mainEntityOfPage":{"@id":"https:\/\/universnews224.com\/index.php\/presidentielle-2025-la-population-de-sanoyah-sengage-a-soutenir-la-candidature-de-mamadi-doumbouya\/"},"wordCount":517,"publisher":{"@id":"https:\/\/universnews224.com\/#organization"},"keywords":["A la une"],"articleSection":["ACTU","POLITIQUE"],"inLanguage":"fr-FR"},{"@type":"WebPage","@id":"https:\/\/universnews224.com\/index.php\/presidentielle-2025-la-population-de-sanoyah-sengage-a-soutenir-la-candidature-de-mamadi-doumbouya\/","url":"https:\/\/universnews224.com\/index.php\/presidentielle-2025-la-population-de-sanoyah-sengage-a-soutenir-la-candidature-de-mamadi-doumbouya\/","name":"Pr\u00e9sidentielle 2025 : La population de Sanoyah s'engage \u00e0 soutenir la candidature de Mamadi Doumbouya. - UNIVERSNEWS224","isPartOf":{"@id":"https:\/\/universnews224.com\/#website"},"datePublished":"2025-12-16T20:45:26+00:00","dateModified":"2025-12-16T20:45:26+00:00","inLanguage":"fr-FR","potentialAction":[{"@type":"ReadAction","target":["https:\/\/universnews224.com\/index.php\/presidentielle-2025-la-population-de-sanoyah-sengage-a-soutenir-la-candidature-de-mamadi-doumbouya\/"]}]},{"@type":"WebSite","@id":"https:\/\/universnews224.com\/#website","url":"https:\/\/universnews224.com\/","name":"UNIVERSNEWS224","description":"","publisher":{"@id":"https:\/\/universnews224.com\/#organization"},"potentialAction":[{"@type":"SearchAction","target":{"@type":"EntryPoint","urlTemplate":"https:\/\/universnews224.com\/?s={search_term_string}"},"query-input":"required name=search_term_string"}],"inLanguage":"fr-FR"},{"@type":"Organization","@id":"https:\/\/universnews224.com\/#organization","name":"UNIVERSNEWS224","url":"https:\/\/universnews224.com\/","logo":{"@type":"ImageObject","inLanguage":"fr-FR","@id":"https:\/\/universnews224.com\/#\/schema\/logo\/image\/","url":"https:\/\/universnews224.com\/wp-content\/uploads\/2022\/08\/cropped-cropped-logoban.jpg","contentUrl":"https:\/\/universnews224.com\/wp-content\/uploads\/2022\/08\/cropped-cropped-logoban.jpg","width":1080,"height":138,"caption":"UNIVERSNEWS224"},"image":{"@id":"https:\/\/universnews224.com\/#\/schema\/logo\/image\/"}},{"@type":"Person","@id":"https:\/\/universnews224.com\/#\/schema\/person\/a4b7d4f94a4716df60456a491260485e","name":"La R\u00e9daction","image":{"@type":"ImageObject","inLanguage":"fr-FR","@id":"https:\/\/universnews224.com\/#\/schema\/person\/image\/","url":"https:\/\/secure.gravatar.com\/avatar\/edb90acc7752b23e1b3307ad36c14f0d?s=96&d=mm&r=g","contentUrl":"https:\/\/secure.gravatar.com\/avatar\/edb90acc7752b23e1b3307ad36c14f0d?s=96&d=mm&r=g","caption":"La R\u00e9daction"},"sameAs":["https:\/\/universnews224.com"],"url":"https:\/\/universnews224.com\/index.php\/author\/m-camara\/"}]}},"_links":{"self":[{"href":"https:\/\/universnews224.com\/index.php\/wp-json\/wp\/v2\/posts\/9796"}],"collection":[{"href":"https:\/\/universnews224.com\/index.php\/wp-json\/wp\/v2\/posts"}],"about":[{"href":"https:\/\/universnews224.com\/index.php\/wp-json\/wp\/v2\/types\/post"}],"author":[{"embeddable":true,"href":"https:\/\/universnews224.com\/index.php\/wp-json\/wp\/v2\/users\/2"}],"replies":[{"embeddable":true,"href":"https:\/\/universnews224.com\/index.php\/wp-json\/wp\/v2\/comments?post=9796"}],"version-history":[{"count":1,"href":"https:\/\/universnews224.com\/index.php\/wp-json\/wp\/v2\/posts\/9796\/revisions"}],"predecessor-version":[{"id":9801,"href":"https:\/\/universnews224.com\/index.php\/wp-json\/wp\/v2\/posts\/9796\/revisions\/9801"}],"wp:attachment":[{"href":"https:\/\/universnews224.com\/index.php\/wp-json\/wp\/v2\/media?parent=9796"}],"wp:term":[{"taxonomy":"category","embeddable":true,"href":"https:\/\/universnews224.com\/index.php\/wp-json\/wp\/v2\/categories?post=9796"},{"taxonomy":"post_tag","embeddable":true,"href":"https:\/\/universnews224.com\/index.php\/wp-json\/wp\/v2\/tags?post=9796"}],"curies":[{"name":"wp","href":"https:\/\/api.w.org\/{rel}","templated":true}]}}