{"id":9822,"date":"2025-12-19T16:35:25","date_gmt":"2025-12-19T15:35:25","guid":{"rendered":"https:\/\/universnews224.com\/?p=9822"},"modified":"2025-12-19T16:35:25","modified_gmt":"2025-12-19T15:35:25","slug":"campagne-presidentielle-a-siguiri-une-mobilisation-citoyenne-engagee-en-faveur-du-candidat-mamadi-doumbouya","status":"publish","type":"post","link":"https:\/\/universnews224.com\/index.php\/campagne-presidentielle-a-siguiri-une-mobilisation-citoyenne-engagee-en-faveur-du-candidat-mamadi-doumbouya\/","title":{"rendered":"Campagne pr\u00e9sidentielle \u00e0 Siguiri : une mobilisation citoyenne engag\u00e9e en faveur du candidat Mamadi Doumbouya"},"content":{"rendered":"<p>Ce jeudi 18 d\u00e9cembre 2025, la pr\u00e9fecture de Siguiri a connu une mobilisation parfaite des citoyenne d\u2019une intensit\u00e9 impressionnante de l\u2019adh\u00e9sion massive des populations locales \u00e0 la dynamique nationale en faveur de l\u2019\u00e9lection du Pr\u00e9sident Mamadi Doumbouya \u00e0 quelques jours du scrutin pr\u00e9sidentiel du 28 d\u00e9cembre.<a href=\"https:\/\/universnews224.com\/wp-content\/uploads\/2025\/12\/IMG-20251219-WA0016.jpg\"><img loading=\"lazy\" class=\"alignnone size-medium wp-image-9823\" src=\"https:\/\/universnews224.com\/wp-content\/uploads\/2025\/12\/IMG-20251219-WA0016-300x169.jpg\" alt=\"\" width=\"300\" height=\"169\" srcset=\"https:\/\/universnews224.com\/wp-content\/uploads\/2025\/12\/IMG-20251219-WA0016-300x169.jpg 300w, https:\/\/universnews224.com\/wp-content\/uploads\/2025\/12\/IMG-20251219-WA0016-1024x576.jpg 1024w, https:\/\/universnews224.com\/wp-content\/uploads\/2025\/12\/IMG-20251219-WA0016-768x432.jpg 768w, https:\/\/universnews224.com\/wp-content\/uploads\/2025\/12\/IMG-20251219-WA0016-800x450.jpg 800w, https:\/\/universnews224.com\/wp-content\/uploads\/2025\/12\/IMG-20251219-WA0016.jpg 1080w\" sizes=\"(max-width: 300px) 100vw, 300px\" \/><\/a><\/p>\n<p>Cette grande mobilisation citoyenne a connu la pr\u00e9sence du Premier ministre Amadou Oury Bah, le ministre des Affaires \u00e9trang\u00e8res, le Directeur national de la campagne, des membres du directoire national, le ministre des Travaux publics, des op\u00e9rateurs \u00e9conomiques et ainsi que le Conseiller du Pr\u00e9sident, M. Ousmane Doumbouya.<a href=\"https:\/\/universnews224.com\/wp-content\/uploads\/2025\/12\/IMG-20251219-WA0015.jpg\"><img loading=\"lazy\" class=\"alignnone size-medium wp-image-9824\" src=\"https:\/\/universnews224.com\/wp-content\/uploads\/2025\/12\/IMG-20251219-WA0015-300x186.jpg\" alt=\"\" width=\"300\" height=\"186\" srcset=\"https:\/\/universnews224.com\/wp-content\/uploads\/2025\/12\/IMG-20251219-WA0015-300x186.jpg 300w, https:\/\/universnews224.com\/wp-content\/uploads\/2025\/12\/IMG-20251219-WA0015-1024x633.jpg 1024w, https:\/\/universnews224.com\/wp-content\/uploads\/2025\/12\/IMG-20251219-WA0015-768x475.jpg 768w, https:\/\/universnews224.com\/wp-content\/uploads\/2025\/12\/IMG-20251219-WA0015.jpg 1080w\" sizes=\"(max-width: 300px) 100vw, 300px\" \/><\/a><\/p>\n<p>D\u00e8s les premi\u00e8res heures de la journ\u00e9e, des foules compactes, venues des quartiers urbains et des communes rurales environnantes, ont converg\u00e9 vers le site du rassemblement. La gestion rigoureuse des flux, les dispositifs logistiques et s\u00e9curitaires d\u00e9ploy\u00e9s et l\u2019am\u00e9nagement structur\u00e9 de l\u2019espace public ont traduit une pr\u00e9paration m\u00e9thodique, gage de discipline et de maturit\u00e9 citoyenne.<\/p>\n<p>Plac\u00e9e sous la coordination directe du Premier ministre Amadou Oury Bah, cette mobilisation s\u2019inscrit dans la continuit\u00e9 des d\u00e9monstrations populaires observ\u00e9es \u00e0 travers le pays. Pour de nombreux observateurs, elle constitue un signal politique fort en faveur du candidat Mamadi Doumbouya, confirmant l\u2019ancrage territorial et la solidit\u00e9 de son leadership.<br \/>\nLa r\u00e9ussite op\u00e9rationnelle de l\u2019\u00e9v\u00e9nement est largement attribu\u00e9e \u00e0 l\u2019engagement d\u00e9terminant de M. Bily Cond\u00e9, principal artisan de la mobilisation locale. Son action, appuy\u00e9e par l\u2019\u00e9quipe r\u00e9gionale, a permis une coordination efficace des acteurs et l\u2019activation des relais communautaires, garantissant une mobilisation inclusive et structur\u00e9e.<a href=\"https:\/\/universnews224.com\/wp-content\/uploads\/2025\/12\/IMG-20251219-WA0014.jpg\"><img loading=\"lazy\" class=\"alignnone size-medium wp-image-9825\" src=\"https:\/\/universnews224.com\/wp-content\/uploads\/2025\/12\/IMG-20251219-WA0014-300x229.jpg\" alt=\"\" width=\"300\" height=\"229\" srcset=\"https:\/\/universnews224.com\/wp-content\/uploads\/2025\/12\/IMG-20251219-WA0014-300x229.jpg 300w, https:\/\/universnews224.com\/wp-content\/uploads\/2025\/12\/IMG-20251219-WA0014-1024x780.jpg 1024w, https:\/\/universnews224.com\/wp-content\/uploads\/2025\/12\/IMG-20251219-WA0014-768x585.jpg 768w, https:\/\/universnews224.com\/wp-content\/uploads\/2025\/12\/IMG-20251219-WA0014.jpg 1080w\" sizes=\"(max-width: 300px) 100vw, 300px\" \/><\/a><\/p>\n<p>Prenant la parole, M. Tidiane Ko\u00efta a exprim\u00e9 sa gratitude envers les populations de Siguiri pour \u00ab une sortie \u00e9crasante, du jamais vu \u00bb, d\u00e9di\u00e9e, selon lui, \u00ab \u00e0 l\u2019homme de la refondation et du d\u00e9veloppement, le b\u00e2tisseur Mamadi Doumbouya \u00bb. De son c\u00f4t\u00e9, Mamadi Confiance Camara a salu\u00e9 \u00ab une joie immense \u00bb, r\u00e9affirmant l\u2019engagement total de Siguiri derri\u00e8re le candidat : \u00ab Les actes salutaires pos\u00e9s par le Pr\u00e9sident Doumbouya ont convaincu toute la pr\u00e9fecture qu\u2019il est la solution pour la Guin\u00e9e. \u00bb<\/p>\n<p>Dans son message, le Premier ministre Amadou Oury Bah a chaleureusement remerci\u00e9 les populations de Siguiri pour cette mobilisation historique. Il a exhort\u00e9 les citoyens \u00e0 se rendre massivement aux urnes le 28 d\u00e9cembre, munis de leurs cartes d\u2019\u00e9lecteur, afin d\u2019assurer une victoire nette et sans appel du candidat Mamadi Doumbouya.<\/p>\n<p>La c\u00e9r\u00e9monie s\u2019est achev\u00e9e dans une ambiance festive avec les prestations d\u2019artistes de renom tels que Yama Sega, Sona Tata, Djekoria Fanta, Prince Ko\u00efta, ainsi que des com\u00e9diens, devant une foule archicomble. \u00c0 l\u2019issue de ce lancement, le directoire pr\u00e9fectoral de Siguiri a annonc\u00e9 la poursuite de la campagne \u00e0 travers des actions de proximit\u00e9, notamment le porte-\u00e0-porte, afin de sensibiliser les citoyens sur les modalit\u00e9s de vote et de consolider l\u2019adh\u00e9sion populaire autour du candidat.<\/p>\n<p>Marie Rose Soumah depuis Siguiri pour universnews224.com<\/p>\n","protected":false},"excerpt":{"rendered":"<p>Ce jeudi 18 d\u00e9cembre 2025, la pr\u00e9fecture de Siguiri a connu une mobilisation parfaite des<\/p>\n","protected":false},"author":2,"featured_media":9823,"comment_status":"closed","ping_status":"open","sticky":false,"template":"","format":"standard","meta":[],"categories":[3,4],"tags":[237],"yoast_head":"<!-- This site is optimized with the Yoast SEO plugin v19.13 - https:\/\/yoast.com\/wordpress\/plugins\/seo\/ -->\n<title>Campagne pr\u00e9sidentielle \u00e0 Siguiri : une mobilisation citoyenne engag\u00e9e en faveur du candidat Mamadi Doumbouya - UNIVERSNEWS224<\/title>\n<meta name=\"robots\" content=\"index, follow, max-snippet:-1, max-image-preview:large, max-video-preview:-1\" \/>\n<link rel=\"canonical\" href=\"https:\/\/universnews224.com\/index.php\/campagne-presidentielle-a-siguiri-une-mobilisation-citoyenne-engagee-en-faveur-du-candidat-mamadi-doumbouya\/\" \/>\n<meta property=\"og:locale\" content=\"fr_FR\" \/>\n<meta property=\"og:type\" content=\"article\" \/>\n<meta property=\"og:title\" content=\"Campagne pr\u00e9sidentielle \u00e0 Siguiri : une mobilisation citoyenne engag\u00e9e en faveur du candidat Mamadi Doumbouya - UNIVERSNEWS224\" \/>\n<meta property=\"og:description\" content=\"Ce jeudi 18 d\u00e9cembre 2025, la pr\u00e9fecture de Siguiri a connu une mobilisation parfaite des\" \/>\n<meta property=\"og:url\" content=\"https:\/\/universnews224.com\/index.php\/campagne-presidentielle-a-siguiri-une-mobilisation-citoyenne-engagee-en-faveur-du-candidat-mamadi-doumbouya\/\" \/>\n<meta property=\"og:site_name\" content=\"UNIVERSNEWS224\" \/>\n<meta property=\"article:published_time\" content=\"2025-12-19T15:35:25+00:00\" \/>\n<meta property=\"og:image\" content=\"https:\/\/universnews224.com\/wp-content\/uploads\/2025\/12\/IMG-20251219-WA0016.jpg\" \/>\n\t<meta property=\"og:image:width\" content=\"1080\" \/>\n\t<meta property=\"og:image:height\" content=\"607\" \/>\n\t<meta property=\"og:image:type\" content=\"image\/jpeg\" \/>\n<meta name=\"author\" content=\"La R\u00e9daction\" \/>\n<meta name=\"twitter:label1\" content=\"\u00c9crit par\" \/>\n\t<meta name=\"twitter:data1\" content=\"La R\u00e9daction\" \/>\n\t<meta name=\"twitter:label2\" content=\"Dur\u00e9e de lecture estim\u00e9e\" \/>\n\t<meta name=\"twitter:data2\" content=\"3 minutes\" \/>\n<script type=\"application\/ld+json\" class=\"yoast-schema-graph\">{\"@context\":\"https:\/\/schema.org\",\"@graph\":[{\"@type\":\"Article\",\"@id\":\"https:\/\/universnews224.com\/index.php\/campagne-presidentielle-a-siguiri-une-mobilisation-citoyenne-engagee-en-faveur-du-candidat-mamadi-doumbouya\/#article\",\"isPartOf\":{\"@id\":\"https:\/\/universnews224.com\/index.php\/campagne-presidentielle-a-siguiri-une-mobilisation-citoyenne-engagee-en-faveur-du-candidat-mamadi-doumbouya\/\"},\"author\":{\"name\":\"La R\u00e9daction\",\"@id\":\"https:\/\/universnews224.com\/#\/schema\/person\/a4b7d4f94a4716df60456a491260485e\"},\"headline\":\"Campagne pr\u00e9sidentielle \u00e0 Siguiri : une mobilisation citoyenne engag\u00e9e en faveur du candidat Mamadi Doumbouya\",\"datePublished\":\"2025-12-19T15:35:25+00:00\",\"dateModified\":\"2025-12-19T15:35:25+00:00\",\"mainEntityOfPage\":{\"@id\":\"https:\/\/universnews224.com\/index.php\/campagne-presidentielle-a-siguiri-une-mobilisation-citoyenne-engagee-en-faveur-du-candidat-mamadi-doumbouya\/\"},\"wordCount\":530,\"publisher\":{\"@id\":\"https:\/\/universnews224.com\/#organization\"},\"keywords\":[\"A la une\"],\"articleSection\":[\"ACTU\",\"POLITIQUE\"],\"inLanguage\":\"fr-FR\"},{\"@type\":\"WebPage\",\"@id\":\"https:\/\/universnews224.com\/index.php\/campagne-presidentielle-a-siguiri-une-mobilisation-citoyenne-engagee-en-faveur-du-candidat-mamadi-doumbouya\/\",\"url\":\"https:\/\/universnews224.com\/index.php\/campagne-presidentielle-a-siguiri-une-mobilisation-citoyenne-engagee-en-faveur-du-candidat-mamadi-doumbouya\/\",\"name\":\"Campagne pr\u00e9sidentielle \u00e0 Siguiri : une mobilisation citoyenne engag\u00e9e en faveur du candidat Mamadi Doumbouya - UNIVERSNEWS224\",\"isPartOf\":{\"@id\":\"https:\/\/universnews224.com\/#website\"},\"datePublished\":\"2025-12-19T15:35:25+00:00\",\"dateModified\":\"2025-12-19T15:35:25+00:00\",\"inLanguage\":\"fr-FR\",\"potentialAction\":[{\"@type\":\"ReadAction\",\"target\":[\"https:\/\/universnews224.com\/index.php\/campagne-presidentielle-a-siguiri-une-mobilisation-citoyenne-engagee-en-faveur-du-candidat-mamadi-doumbouya\/\"]}]},{\"@type\":\"WebSite\",\"@id\":\"https:\/\/universnews224.com\/#website\",\"url\":\"https:\/\/universnews224.com\/\",\"name\":\"UNIVERSNEWS224\",\"description\":\"\",\"publisher\":{\"@id\":\"https:\/\/universnews224.com\/#organization\"},\"potentialAction\":[{\"@type\":\"SearchAction\",\"target\":{\"@type\":\"EntryPoint\",\"urlTemplate\":\"https:\/\/universnews224.com\/?s={search_term_string}\"},\"query-input\":\"required name=search_term_string\"}],\"inLanguage\":\"fr-FR\"},{\"@type\":\"Organization\",\"@id\":\"https:\/\/universnews224.com\/#organization\",\"name\":\"UNIVERSNEWS224\",\"url\":\"https:\/\/universnews224.com\/\",\"logo\":{\"@type\":\"ImageObject\",\"inLanguage\":\"fr-FR\",\"@id\":\"https:\/\/universnews224.com\/#\/schema\/logo\/image\/\",\"url\":\"https:\/\/universnews224.com\/wp-content\/uploads\/2022\/08\/cropped-cropped-logoban.jpg\",\"contentUrl\":\"https:\/\/universnews224.com\/wp-content\/uploads\/2022\/08\/cropped-cropped-logoban.jpg\",\"width\":1080,\"height\":138,\"caption\":\"UNIVERSNEWS224\"},\"image\":{\"@id\":\"https:\/\/universnews224.com\/#\/schema\/logo\/image\/\"}},{\"@type\":\"Person\",\"@id\":\"https:\/\/universnews224.com\/#\/schema\/person\/a4b7d4f94a4716df60456a491260485e\",\"name\":\"La R\u00e9daction\",\"image\":{\"@type\":\"ImageObject\",\"inLanguage\":\"fr-FR\",\"@id\":\"https:\/\/universnews224.com\/#\/schema\/person\/image\/\",\"url\":\"https:\/\/secure.gravatar.com\/avatar\/edb90acc7752b23e1b3307ad36c14f0d?s=96&d=mm&r=g\",\"contentUrl\":\"https:\/\/secure.gravatar.com\/avatar\/edb90acc7752b23e1b3307ad36c14f0d?s=96&d=mm&r=g\",\"caption\":\"La R\u00e9daction\"},\"sameAs\":[\"https:\/\/universnews224.com\"],\"url\":\"https:\/\/universnews224.com\/index.php\/author\/m-camara\/\"}]}<\/script>\n<!-- \/ Yoast SEO plugin. -->","yoast_head_json":{"title":"Campagne pr\u00e9sidentielle \u00e0 Siguiri : une mobilisation citoyenne engag\u00e9e en faveur du candidat Mamadi Doumbouya - UNIVERSNEWS224","robots":{"index":"index","follow":"follow","max-snippet":"max-snippet:-1","max-image-preview":"max-image-preview:large","max-video-preview":"max-video-preview:-1"},"canonical":"https:\/\/universnews224.com\/index.php\/campagne-presidentielle-a-siguiri-une-mobilisation-citoyenne-engagee-en-faveur-du-candidat-mamadi-doumbouya\/","og_locale":"fr_FR","og_type":"article","og_title":"Campagne pr\u00e9sidentielle \u00e0 Siguiri : une mobilisation citoyenne engag\u00e9e en faveur du candidat Mamadi Doumbouya - UNIVERSNEWS224","og_description":"Ce jeudi 18 d\u00e9cembre 2025, la pr\u00e9fecture de Siguiri a connu une mobilisation parfaite des","og_url":"https:\/\/universnews224.com\/index.php\/campagne-presidentielle-a-siguiri-une-mobilisation-citoyenne-engagee-en-faveur-du-candidat-mamadi-doumbouya\/","og_site_name":"UNIVERSNEWS224","article_published_time":"2025-12-19T15:35:25+00:00","og_image":[{"width":1080,"height":607,"url":"https:\/\/universnews224.com\/wp-content\/uploads\/2025\/12\/IMG-20251219-WA0016.jpg","type":"image\/jpeg"}],"author":"La R\u00e9daction","twitter_misc":{"\u00c9crit par":"La R\u00e9daction","Dur\u00e9e de lecture estim\u00e9e":"3 minutes"},"schema":{"@context":"https:\/\/schema.org","@graph":[{"@type":"Article","@id":"https:\/\/universnews224.com\/index.php\/campagne-presidentielle-a-siguiri-une-mobilisation-citoyenne-engagee-en-faveur-du-candidat-mamadi-doumbouya\/#article","isPartOf":{"@id":"https:\/\/universnews224.com\/index.php\/campagne-presidentielle-a-siguiri-une-mobilisation-citoyenne-engagee-en-faveur-du-candidat-mamadi-doumbouya\/"},"author":{"name":"La R\u00e9daction","@id":"https:\/\/universnews224.com\/#\/schema\/person\/a4b7d4f94a4716df60456a491260485e"},"headline":"Campagne pr\u00e9sidentielle \u00e0 Siguiri : une mobilisation citoyenne engag\u00e9e en faveur du candidat Mamadi Doumbouya","datePublished":"2025-12-19T15:35:25+00:00","dateModified":"2025-12-19T15:35:25+00:00","mainEntityOfPage":{"@id":"https:\/\/universnews224.com\/index.php\/campagne-presidentielle-a-siguiri-une-mobilisation-citoyenne-engagee-en-faveur-du-candidat-mamadi-doumbouya\/"},"wordCount":530,"publisher":{"@id":"https:\/\/universnews224.com\/#organization"},"keywords":["A la une"],"articleSection":["ACTU","POLITIQUE"],"inLanguage":"fr-FR"},{"@type":"WebPage","@id":"https:\/\/universnews224.com\/index.php\/campagne-presidentielle-a-siguiri-une-mobilisation-citoyenne-engagee-en-faveur-du-candidat-mamadi-doumbouya\/","url":"https:\/\/universnews224.com\/index.php\/campagne-presidentielle-a-siguiri-une-mobilisation-citoyenne-engagee-en-faveur-du-candidat-mamadi-doumbouya\/","name":"Campagne pr\u00e9sidentielle \u00e0 Siguiri : une mobilisation citoyenne engag\u00e9e en faveur du candidat Mamadi Doumbouya - UNIVERSNEWS224","isPartOf":{"@id":"https:\/\/universnews224.com\/#website"},"datePublished":"2025-12-19T15:35:25+00:00","dateModified":"2025-12-19T15:35:25+00:00","inLanguage":"fr-FR","potentialAction":[{"@type":"ReadAction","target":["https:\/\/universnews224.com\/index.php\/campagne-presidentielle-a-siguiri-une-mobilisation-citoyenne-engagee-en-faveur-du-candidat-mamadi-doumbouya\/"]}]},{"@type":"WebSite","@id":"https:\/\/universnews224.com\/#website","url":"https:\/\/universnews224.com\/","name":"UNIVERSNEWS224","description":"","publisher":{"@id":"https:\/\/universnews224.com\/#organization"},"potentialAction":[{"@type":"SearchAction","target":{"@type":"EntryPoint","urlTemplate":"https:\/\/universnews224.com\/?s={search_term_string}"},"query-input":"required name=search_term_string"}],"inLanguage":"fr-FR"},{"@type":"Organization","@id":"https:\/\/universnews224.com\/#organization","name":"UNIVERSNEWS224","url":"https:\/\/universnews224.com\/","logo":{"@type":"ImageObject","inLanguage":"fr-FR","@id":"https:\/\/universnews224.com\/#\/schema\/logo\/image\/","url":"https:\/\/universnews224.com\/wp-content\/uploads\/2022\/08\/cropped-cropped-logoban.jpg","contentUrl":"https:\/\/universnews224.com\/wp-content\/uploads\/2022\/08\/cropped-cropped-logoban.jpg","width":1080,"height":138,"caption":"UNIVERSNEWS224"},"image":{"@id":"https:\/\/universnews224.com\/#\/schema\/logo\/image\/"}},{"@type":"Person","@id":"https:\/\/universnews224.com\/#\/schema\/person\/a4b7d4f94a4716df60456a491260485e","name":"La R\u00e9daction","image":{"@type":"ImageObject","inLanguage":"fr-FR","@id":"https:\/\/universnews224.com\/#\/schema\/person\/image\/","url":"https:\/\/secure.gravatar.com\/avatar\/edb90acc7752b23e1b3307ad36c14f0d?s=96&d=mm&r=g","contentUrl":"https:\/\/secure.gravatar.com\/avatar\/edb90acc7752b23e1b3307ad36c14f0d?s=96&d=mm&r=g","caption":"La R\u00e9daction"},"sameAs":["https:\/\/universnews224.com"],"url":"https:\/\/universnews224.com\/index.php\/author\/m-camara\/"}]}},"_links":{"self":[{"href":"https:\/\/universnews224.com\/index.php\/wp-json\/wp\/v2\/posts\/9822"}],"collection":[{"href":"https:\/\/universnews224.com\/index.php\/wp-json\/wp\/v2\/posts"}],"about":[{"href":"https:\/\/universnews224.com\/index.php\/wp-json\/wp\/v2\/types\/post"}],"author":[{"embeddable":true,"href":"https:\/\/universnews224.com\/index.php\/wp-json\/wp\/v2\/users\/2"}],"replies":[{"embeddable":true,"href":"https:\/\/universnews224.com\/index.php\/wp-json\/wp\/v2\/comments?post=9822"}],"version-history":[{"count":1,"href":"https:\/\/universnews224.com\/index.php\/wp-json\/wp\/v2\/posts\/9822\/revisions"}],"predecessor-version":[{"id":9826,"href":"https:\/\/universnews224.com\/index.php\/wp-json\/wp\/v2\/posts\/9822\/revisions\/9826"}],"wp:featuredmedia":[{"embeddable":true,"href":"https:\/\/universnews224.com\/index.php\/wp-json\/wp\/v2\/media\/9823"}],"wp:attachment":[{"href":"https:\/\/universnews224.com\/index.php\/wp-json\/wp\/v2\/media?parent=9822"}],"wp:term":[{"taxonomy":"category","embeddable":true,"href":"https:\/\/universnews224.com\/index.php\/wp-json\/wp\/v2\/categories?post=9822"},{"taxonomy":"post_tag","embeddable":true,"href":"https:\/\/universnews224.com\/index.php\/wp-json\/wp\/v2\/tags?post=9822"}],"curies":[{"name":"wp","href":"https:\/\/api.w.org\/{rel}","templated":true}]}}