{"id":9827,"date":"2025-12-19T18:39:35","date_gmt":"2025-12-19T17:39:35","guid":{"rendered":"https:\/\/universnews224.com\/?p=9827"},"modified":"2025-12-19T18:39:35","modified_gmt":"2025-12-19T17:39:35","slug":"election-presidentielle-kaloum-prie-pour-la-stabilite-et-la-prosperite-de-la-guinee","status":"publish","type":"post","link":"https:\/\/universnews224.com\/index.php\/election-presidentielle-kaloum-prie-pour-la-stabilite-et-la-prosperite-de-la-guinee\/","title":{"rendered":"\u00c9lection pr\u00e9sidentielle : Kaloum prie pour la stabilit\u00e9 et la prosp\u00e9rit\u00e9 de la Guin\u00e9e"},"content":{"rendered":"<p dir=\"ltr\"><b>Pour soutenir les actions de d\u00e9veloppement engag\u00e9es par le G\u00e9n\u00e9ral Mamadi Doumbouya, Aboubacar Bobodi Camara, fils ressortissant de Kaloum, a organis\u00e9 une lecture du Saint Coran ce vendredi 19 d\u00e9cembre 2025 \u00e0 la mosqu\u00e9e centrale de Boulbinet. Cette c\u00e9r\u00e9monie religieuse s\u2019est d\u00e9roul\u00e9e en pr\u00e9sence de plusieurs dignitaires religieux ainsi que des autorit\u00e9s communales de Kaloum.<a href=\"https:\/\/universnews224.com\/wp-content\/uploads\/2025\/12\/IMG-20251219-WA0018.jpg\"><img loading=\"lazy\" class=\"alignnone size-medium wp-image-9828\" src=\"https:\/\/universnews224.com\/wp-content\/uploads\/2025\/12\/IMG-20251219-WA0018-300x225.jpg\" alt=\"\" width=\"300\" height=\"225\" srcset=\"https:\/\/universnews224.com\/wp-content\/uploads\/2025\/12\/IMG-20251219-WA0018-300x225.jpg 300w, https:\/\/universnews224.com\/wp-content\/uploads\/2025\/12\/IMG-20251219-WA0018-1024x768.jpg 1024w, https:\/\/universnews224.com\/wp-content\/uploads\/2025\/12\/IMG-20251219-WA0018-768x576.jpg 768w, https:\/\/universnews224.com\/wp-content\/uploads\/2025\/12\/IMG-20251219-WA0018-720x540.jpg 720w, https:\/\/universnews224.com\/wp-content\/uploads\/2025\/12\/IMG-20251219-WA0018.jpg 1280w\" sizes=\"(max-width: 300px) 100vw, 300px\" \/><\/a><\/b><\/p>\n<p dir=\"ltr\">\u200bInterrog\u00e9 sur le sens de cette d\u00e9marche, M. Aboubacar Bobodi Camara a d\u2019abord tenu \u00e0 remercier le pr\u00e9sident de la Transition pour sa vision de paix et d\u2019unit\u00e9 nationale. Il a \u00e9galement salu\u00e9 l&rsquo;implication personnelle des imams de Guin\u00e9e, qui \u0153uvrent pour la stabilit\u00e9 du pays en faisant du Coran un vecteur de paix sociale.<\/p>\n<h3>\u200bUn soutien r\u00e9affirm\u00e9 \u00e0 la Transition<a href=\"https:\/\/universnews224.com\/wp-content\/uploads\/2025\/12\/IMG-20251219-WA0020.jpg\"><img loading=\"lazy\" class=\"alignnone size-medium wp-image-9829\" src=\"https:\/\/universnews224.com\/wp-content\/uploads\/2025\/12\/IMG-20251219-WA0020-300x233.jpg\" alt=\"\" width=\"300\" height=\"233\" srcset=\"https:\/\/universnews224.com\/wp-content\/uploads\/2025\/12\/IMG-20251219-WA0020-300x233.jpg 300w, https:\/\/universnews224.com\/wp-content\/uploads\/2025\/12\/IMG-20251219-WA0020-1024x794.jpg 1024w, https:\/\/universnews224.com\/wp-content\/uploads\/2025\/12\/IMG-20251219-WA0020-768x596.jpg 768w, https:\/\/universnews224.com\/wp-content\/uploads\/2025\/12\/IMG-20251219-WA0020.jpg 1280w\" sizes=\"(max-width: 300px) 100vw, 300px\" \/><\/a><\/h3>\n<p dir=\"ltr\">\u200b\u00ab Aujourd\u2019hui, nous avons organis\u00e9 cette c\u00e9r\u00e9monie de lecture du Saint Coran pour remercier le pr\u00e9sident Mamadi Doumbouya pour les r\u00e9alisations qu&rsquo;il accomplit pour la nation guin\u00e9enne. Dans la vie, il ne faut jamais oublier d&rsquo;o\u00f9 l&rsquo;on vient pour savoir o\u00f9 l&rsquo;on va. Cette rencontre vise \u00e0 lui t\u00e9moigner le soutien ind\u00e9fectible de la jeunesse de Boulbinet \u00bb, a d\u00e9clar\u00e9 M. Camara.<\/p>\n<p dir=\"ltr\">\u200bIl a toutefois profit\u00e9 de l\u2019occasion pour lancer un appel au chef de l&rsquo;\u00c9tat : \u00ab Nous voulons lui signifier que les citoyens de Kaloum ne l&rsquo;oublient pas et pensent \u00e0 lui chaque jour. Mais nous lui demandons aussi de penser \u00e0 cette population. En tant qu&rsquo;enfant de Kaloum, je sais que Boulbinet est le c\u0153ur de la presqu&rsquo;\u00eele. Je demande une fois encore de penser \u00e0 la jeunesse qui souffre du manque d&#8217;emploi. C\u2019est pourquoi j\u2019ai invit\u00e9 les jeunes \u00e0 se mobiliser pour soutenir le G\u00e9n\u00e9ral Mamadi durant cette p\u00e9riode \u00e9lectorale. \u00bb<\/p>\n<h3>\u200bUn plaidoyer pour l&#8217;emploi des jeunes<\/h3>\n<p dir=\"ltr\">\u200bPoursuivant son allocution, M. Camara a partag\u00e9 une anecdote sur son pass\u00e9 d&rsquo;entrepreneur, rappelant qu&rsquo;\u00e0 l&rsquo;\u00e9poque, de nombreux jeunes trouvaient leur gagne-pain sur ses bateaux de p\u00eache. Un temps o\u00f9, selon lui, la solidarit\u00e9 l&#8217;emportait sur les clivages ethniques.<a href=\"https:\/\/universnews224.com\/wp-content\/uploads\/2025\/12\/IMG-20251219-WA0020.jpg\"><img loading=\"lazy\" class=\"alignnone size-medium wp-image-9829\" src=\"https:\/\/universnews224.com\/wp-content\/uploads\/2025\/12\/IMG-20251219-WA0020-300x233.jpg\" alt=\"\" width=\"300\" height=\"233\" srcset=\"https:\/\/universnews224.com\/wp-content\/uploads\/2025\/12\/IMG-20251219-WA0020-300x233.jpg 300w, https:\/\/universnews224.com\/wp-content\/uploads\/2025\/12\/IMG-20251219-WA0020-1024x794.jpg 1024w, https:\/\/universnews224.com\/wp-content\/uploads\/2025\/12\/IMG-20251219-WA0020-768x596.jpg 768w, https:\/\/universnews224.com\/wp-content\/uploads\/2025\/12\/IMG-20251219-WA0020.jpg 1280w\" sizes=\"(max-width: 300px) 100vw, 300px\" \/><\/a><\/p>\n<p dir=\"ltr\">\u200b\u00ab Avant, sur mon lieu de travail, il n\u2019y avait aucune discrimination. Nous \u00e9tions tous des Guin\u00e9ens, sans distinction d&rsquo;ethnie. Aujourd&rsquo;hui, beaucoup de ces jeunes sont au ch\u00f4mage et ceux qui g\u00e8rent actuellement les bateaux ne leur facilitent pas l&rsquo;acc\u00e8s au travail. La jeunesse de Boulbinet souffre. Nous prions pour que le Pr\u00e9sident nous vienne en aide afin que ces jeunes puissent contribuer \u00e0 la modernit\u00e9 et au d\u00e9veloppement durable du pays \u00bb, a-t-il affirm\u00e9.<\/p>\n<h3>\u200bSous le signe de la b\u00e9n\u00e9diction divine<\/h3>\n<p dir=\"ltr\">\u200bLa journ\u00e9e s&rsquo;est cl\u00f4tur\u00e9e par une visite chez le <b>Koutigui de Kaloum, Elhadj Lansana Soumah<\/b> (connu sous le nom de <b>Houmou Sana<\/b>). Ce dernier a r\u00e9affirm\u00e9 son attachement \u00e0 la paix, \u00e0 la coh\u00e9sion nationale et \u00e0 la r\u00e9ussite du projet de soci\u00e9t\u00e9 du Chef de l&rsquo;\u00c9tat.<a href=\"https:\/\/universnews224.com\/wp-content\/uploads\/2025\/12\/IMG-20251219-WA0019.jpg\"><img loading=\"lazy\" class=\"alignnone size-medium wp-image-9830\" src=\"https:\/\/universnews224.com\/wp-content\/uploads\/2025\/12\/IMG-20251219-WA0019-300x245.jpg\" alt=\"\" width=\"300\" height=\"245\" srcset=\"https:\/\/universnews224.com\/wp-content\/uploads\/2025\/12\/IMG-20251219-WA0019-300x245.jpg 300w, https:\/\/universnews224.com\/wp-content\/uploads\/2025\/12\/IMG-20251219-WA0019-1024x836.jpg 1024w, https:\/\/universnews224.com\/wp-content\/uploads\/2025\/12\/IMG-20251219-WA0019-768x627.jpg 768w, https:\/\/universnews224.com\/wp-content\/uploads\/2025\/12\/IMG-20251219-WA0019.jpg 1280w\" sizes=\"(max-width: 300px) 100vw, 300px\" \/><\/a><\/p>\n<p dir=\"ltr\">\u200bCette initiative religieuse s\u2019inscrit, selon les organisateurs, dans une volont\u00e9 de renforcer la solidarit\u00e9 entre les Guin\u00e9ens et de placer l\u2019avenir du pays sous la protection divine.<\/p>\n<p dir=\"ltr\">\u200b<b>Par Alass Sylla pour universnews224.com<\/b><\/p>\n","protected":false},"excerpt":{"rendered":"<p>Pour soutenir les actions de d\u00e9veloppement engag\u00e9es par le G\u00e9n\u00e9ral Mamadi Doumbouya, Aboubacar Bobodi Camara,<\/p>\n","protected":false},"author":2,"featured_media":9828,"comment_status":"closed","ping_status":"open","sticky":false,"template":"","format":"standard","meta":[],"categories":[3,4],"tags":[229],"yoast_head":"<!-- This site is optimized with the Yoast SEO plugin v19.13 - https:\/\/yoast.com\/wordpress\/plugins\/seo\/ -->\n<title>\u00c9lection pr\u00e9sidentielle : Kaloum prie pour la stabilit\u00e9 et la prosp\u00e9rit\u00e9 de la Guin\u00e9e - UNIVERSNEWS224<\/title>\n<meta name=\"robots\" content=\"index, follow, max-snippet:-1, max-image-preview:large, max-video-preview:-1\" \/>\n<link rel=\"canonical\" href=\"https:\/\/universnews224.com\/index.php\/election-presidentielle-kaloum-prie-pour-la-stabilite-et-la-prosperite-de-la-guinee\/\" \/>\n<meta property=\"og:locale\" content=\"fr_FR\" \/>\n<meta property=\"og:type\" content=\"article\" \/>\n<meta property=\"og:title\" content=\"\u00c9lection pr\u00e9sidentielle : Kaloum prie pour la stabilit\u00e9 et la prosp\u00e9rit\u00e9 de la Guin\u00e9e - UNIVERSNEWS224\" \/>\n<meta property=\"og:description\" content=\"Pour soutenir les actions de d\u00e9veloppement engag\u00e9es par le G\u00e9n\u00e9ral Mamadi Doumbouya, Aboubacar Bobodi Camara,\" \/>\n<meta property=\"og:url\" content=\"https:\/\/universnews224.com\/index.php\/election-presidentielle-kaloum-prie-pour-la-stabilite-et-la-prosperite-de-la-guinee\/\" \/>\n<meta property=\"og:site_name\" content=\"UNIVERSNEWS224\" \/>\n<meta property=\"article:published_time\" content=\"2025-12-19T17:39:35+00:00\" \/>\n<meta property=\"og:image\" content=\"https:\/\/universnews224.com\/wp-content\/uploads\/2025\/12\/IMG-20251219-WA0018.jpg\" \/>\n\t<meta property=\"og:image:width\" content=\"1280\" \/>\n\t<meta property=\"og:image:height\" content=\"960\" \/>\n\t<meta property=\"og:image:type\" content=\"image\/jpeg\" \/>\n<meta name=\"author\" content=\"La R\u00e9daction\" \/>\n<meta name=\"twitter:label1\" content=\"\u00c9crit par\" \/>\n\t<meta name=\"twitter:data1\" content=\"La R\u00e9daction\" \/>\n\t<meta name=\"twitter:label2\" content=\"Dur\u00e9e de lecture estim\u00e9e\" \/>\n\t<meta name=\"twitter:data2\" content=\"4 minutes\" \/>\n<script type=\"application\/ld+json\" class=\"yoast-schema-graph\">{\"@context\":\"https:\/\/schema.org\",\"@graph\":[{\"@type\":\"Article\",\"@id\":\"https:\/\/universnews224.com\/index.php\/election-presidentielle-kaloum-prie-pour-la-stabilite-et-la-prosperite-de-la-guinee\/#article\",\"isPartOf\":{\"@id\":\"https:\/\/universnews224.com\/index.php\/election-presidentielle-kaloum-prie-pour-la-stabilite-et-la-prosperite-de-la-guinee\/\"},\"author\":{\"name\":\"La R\u00e9daction\",\"@id\":\"https:\/\/universnews224.com\/#\/schema\/person\/a4b7d4f94a4716df60456a491260485e\"},\"headline\":\"\u00c9lection pr\u00e9sidentielle : Kaloum prie pour la stabilit\u00e9 et la prosp\u00e9rit\u00e9 de la Guin\u00e9e\",\"datePublished\":\"2025-12-19T17:39:35+00:00\",\"dateModified\":\"2025-12-19T17:39:35+00:00\",\"mainEntityOfPage\":{\"@id\":\"https:\/\/universnews224.com\/index.php\/election-presidentielle-kaloum-prie-pour-la-stabilite-et-la-prosperite-de-la-guinee\/\"},\"wordCount\":532,\"publisher\":{\"@id\":\"https:\/\/universnews224.com\/#organization\"},\"keywords\":[\"La une\"],\"articleSection\":[\"ACTU\",\"POLITIQUE\"],\"inLanguage\":\"fr-FR\"},{\"@type\":\"WebPage\",\"@id\":\"https:\/\/universnews224.com\/index.php\/election-presidentielle-kaloum-prie-pour-la-stabilite-et-la-prosperite-de-la-guinee\/\",\"url\":\"https:\/\/universnews224.com\/index.php\/election-presidentielle-kaloum-prie-pour-la-stabilite-et-la-prosperite-de-la-guinee\/\",\"name\":\"\u00c9lection pr\u00e9sidentielle : Kaloum prie pour la stabilit\u00e9 et la prosp\u00e9rit\u00e9 de la Guin\u00e9e - UNIVERSNEWS224\",\"isPartOf\":{\"@id\":\"https:\/\/universnews224.com\/#website\"},\"datePublished\":\"2025-12-19T17:39:35+00:00\",\"dateModified\":\"2025-12-19T17:39:35+00:00\",\"inLanguage\":\"fr-FR\",\"potentialAction\":[{\"@type\":\"ReadAction\",\"target\":[\"https:\/\/universnews224.com\/index.php\/election-presidentielle-kaloum-prie-pour-la-stabilite-et-la-prosperite-de-la-guinee\/\"]}]},{\"@type\":\"WebSite\",\"@id\":\"https:\/\/universnews224.com\/#website\",\"url\":\"https:\/\/universnews224.com\/\",\"name\":\"UNIVERSNEWS224\",\"description\":\"\",\"publisher\":{\"@id\":\"https:\/\/universnews224.com\/#organization\"},\"potentialAction\":[{\"@type\":\"SearchAction\",\"target\":{\"@type\":\"EntryPoint\",\"urlTemplate\":\"https:\/\/universnews224.com\/?s={search_term_string}\"},\"query-input\":\"required name=search_term_string\"}],\"inLanguage\":\"fr-FR\"},{\"@type\":\"Organization\",\"@id\":\"https:\/\/universnews224.com\/#organization\",\"name\":\"UNIVERSNEWS224\",\"url\":\"https:\/\/universnews224.com\/\",\"logo\":{\"@type\":\"ImageObject\",\"inLanguage\":\"fr-FR\",\"@id\":\"https:\/\/universnews224.com\/#\/schema\/logo\/image\/\",\"url\":\"https:\/\/universnews224.com\/wp-content\/uploads\/2022\/08\/cropped-cropped-logoban.jpg\",\"contentUrl\":\"https:\/\/universnews224.com\/wp-content\/uploads\/2022\/08\/cropped-cropped-logoban.jpg\",\"width\":1080,\"height\":138,\"caption\":\"UNIVERSNEWS224\"},\"image\":{\"@id\":\"https:\/\/universnews224.com\/#\/schema\/logo\/image\/\"}},{\"@type\":\"Person\",\"@id\":\"https:\/\/universnews224.com\/#\/schema\/person\/a4b7d4f94a4716df60456a491260485e\",\"name\":\"La R\u00e9daction\",\"image\":{\"@type\":\"ImageObject\",\"inLanguage\":\"fr-FR\",\"@id\":\"https:\/\/universnews224.com\/#\/schema\/person\/image\/\",\"url\":\"https:\/\/secure.gravatar.com\/avatar\/edb90acc7752b23e1b3307ad36c14f0d?s=96&d=mm&r=g\",\"contentUrl\":\"https:\/\/secure.gravatar.com\/avatar\/edb90acc7752b23e1b3307ad36c14f0d?s=96&d=mm&r=g\",\"caption\":\"La R\u00e9daction\"},\"sameAs\":[\"https:\/\/universnews224.com\"],\"url\":\"https:\/\/universnews224.com\/index.php\/author\/m-camara\/\"}]}<\/script>\n<!-- \/ Yoast SEO plugin. -->","yoast_head_json":{"title":"\u00c9lection pr\u00e9sidentielle : Kaloum prie pour la stabilit\u00e9 et la prosp\u00e9rit\u00e9 de la Guin\u00e9e - UNIVERSNEWS224","robots":{"index":"index","follow":"follow","max-snippet":"max-snippet:-1","max-image-preview":"max-image-preview:large","max-video-preview":"max-video-preview:-1"},"canonical":"https:\/\/universnews224.com\/index.php\/election-presidentielle-kaloum-prie-pour-la-stabilite-et-la-prosperite-de-la-guinee\/","og_locale":"fr_FR","og_type":"article","og_title":"\u00c9lection pr\u00e9sidentielle : Kaloum prie pour la stabilit\u00e9 et la prosp\u00e9rit\u00e9 de la Guin\u00e9e - UNIVERSNEWS224","og_description":"Pour soutenir les actions de d\u00e9veloppement engag\u00e9es par le G\u00e9n\u00e9ral Mamadi Doumbouya, Aboubacar Bobodi Camara,","og_url":"https:\/\/universnews224.com\/index.php\/election-presidentielle-kaloum-prie-pour-la-stabilite-et-la-prosperite-de-la-guinee\/","og_site_name":"UNIVERSNEWS224","article_published_time":"2025-12-19T17:39:35+00:00","og_image":[{"width":1280,"height":960,"url":"https:\/\/universnews224.com\/wp-content\/uploads\/2025\/12\/IMG-20251219-WA0018.jpg","type":"image\/jpeg"}],"author":"La R\u00e9daction","twitter_misc":{"\u00c9crit par":"La R\u00e9daction","Dur\u00e9e de lecture estim\u00e9e":"4 minutes"},"schema":{"@context":"https:\/\/schema.org","@graph":[{"@type":"Article","@id":"https:\/\/universnews224.com\/index.php\/election-presidentielle-kaloum-prie-pour-la-stabilite-et-la-prosperite-de-la-guinee\/#article","isPartOf":{"@id":"https:\/\/universnews224.com\/index.php\/election-presidentielle-kaloum-prie-pour-la-stabilite-et-la-prosperite-de-la-guinee\/"},"author":{"name":"La R\u00e9daction","@id":"https:\/\/universnews224.com\/#\/schema\/person\/a4b7d4f94a4716df60456a491260485e"},"headline":"\u00c9lection pr\u00e9sidentielle : Kaloum prie pour la stabilit\u00e9 et la prosp\u00e9rit\u00e9 de la Guin\u00e9e","datePublished":"2025-12-19T17:39:35+00:00","dateModified":"2025-12-19T17:39:35+00:00","mainEntityOfPage":{"@id":"https:\/\/universnews224.com\/index.php\/election-presidentielle-kaloum-prie-pour-la-stabilite-et-la-prosperite-de-la-guinee\/"},"wordCount":532,"publisher":{"@id":"https:\/\/universnews224.com\/#organization"},"keywords":["La une"],"articleSection":["ACTU","POLITIQUE"],"inLanguage":"fr-FR"},{"@type":"WebPage","@id":"https:\/\/universnews224.com\/index.php\/election-presidentielle-kaloum-prie-pour-la-stabilite-et-la-prosperite-de-la-guinee\/","url":"https:\/\/universnews224.com\/index.php\/election-presidentielle-kaloum-prie-pour-la-stabilite-et-la-prosperite-de-la-guinee\/","name":"\u00c9lection pr\u00e9sidentielle : Kaloum prie pour la stabilit\u00e9 et la prosp\u00e9rit\u00e9 de la Guin\u00e9e - UNIVERSNEWS224","isPartOf":{"@id":"https:\/\/universnews224.com\/#website"},"datePublished":"2025-12-19T17:39:35+00:00","dateModified":"2025-12-19T17:39:35+00:00","inLanguage":"fr-FR","potentialAction":[{"@type":"ReadAction","target":["https:\/\/universnews224.com\/index.php\/election-presidentielle-kaloum-prie-pour-la-stabilite-et-la-prosperite-de-la-guinee\/"]}]},{"@type":"WebSite","@id":"https:\/\/universnews224.com\/#website","url":"https:\/\/universnews224.com\/","name":"UNIVERSNEWS224","description":"","publisher":{"@id":"https:\/\/universnews224.com\/#organization"},"potentialAction":[{"@type":"SearchAction","target":{"@type":"EntryPoint","urlTemplate":"https:\/\/universnews224.com\/?s={search_term_string}"},"query-input":"required name=search_term_string"}],"inLanguage":"fr-FR"},{"@type":"Organization","@id":"https:\/\/universnews224.com\/#organization","name":"UNIVERSNEWS224","url":"https:\/\/universnews224.com\/","logo":{"@type":"ImageObject","inLanguage":"fr-FR","@id":"https:\/\/universnews224.com\/#\/schema\/logo\/image\/","url":"https:\/\/universnews224.com\/wp-content\/uploads\/2022\/08\/cropped-cropped-logoban.jpg","contentUrl":"https:\/\/universnews224.com\/wp-content\/uploads\/2022\/08\/cropped-cropped-logoban.jpg","width":1080,"height":138,"caption":"UNIVERSNEWS224"},"image":{"@id":"https:\/\/universnews224.com\/#\/schema\/logo\/image\/"}},{"@type":"Person","@id":"https:\/\/universnews224.com\/#\/schema\/person\/a4b7d4f94a4716df60456a491260485e","name":"La R\u00e9daction","image":{"@type":"ImageObject","inLanguage":"fr-FR","@id":"https:\/\/universnews224.com\/#\/schema\/person\/image\/","url":"https:\/\/secure.gravatar.com\/avatar\/edb90acc7752b23e1b3307ad36c14f0d?s=96&d=mm&r=g","contentUrl":"https:\/\/secure.gravatar.com\/avatar\/edb90acc7752b23e1b3307ad36c14f0d?s=96&d=mm&r=g","caption":"La R\u00e9daction"},"sameAs":["https:\/\/universnews224.com"],"url":"https:\/\/universnews224.com\/index.php\/author\/m-camara\/"}]}},"_links":{"self":[{"href":"https:\/\/universnews224.com\/index.php\/wp-json\/wp\/v2\/posts\/9827"}],"collection":[{"href":"https:\/\/universnews224.com\/index.php\/wp-json\/wp\/v2\/posts"}],"about":[{"href":"https:\/\/universnews224.com\/index.php\/wp-json\/wp\/v2\/types\/post"}],"author":[{"embeddable":true,"href":"https:\/\/universnews224.com\/index.php\/wp-json\/wp\/v2\/users\/2"}],"replies":[{"embeddable":true,"href":"https:\/\/universnews224.com\/index.php\/wp-json\/wp\/v2\/comments?post=9827"}],"version-history":[{"count":1,"href":"https:\/\/universnews224.com\/index.php\/wp-json\/wp\/v2\/posts\/9827\/revisions"}],"predecessor-version":[{"id":9831,"href":"https:\/\/universnews224.com\/index.php\/wp-json\/wp\/v2\/posts\/9827\/revisions\/9831"}],"wp:featuredmedia":[{"embeddable":true,"href":"https:\/\/universnews224.com\/index.php\/wp-json\/wp\/v2\/media\/9828"}],"wp:attachment":[{"href":"https:\/\/universnews224.com\/index.php\/wp-json\/wp\/v2\/media?parent=9827"}],"wp:term":[{"taxonomy":"category","embeddable":true,"href":"https:\/\/universnews224.com\/index.php\/wp-json\/wp\/v2\/categories?post=9827"},{"taxonomy":"post_tag","embeddable":true,"href":"https:\/\/universnews224.com\/index.php\/wp-json\/wp\/v2\/tags?post=9827"}],"curies":[{"name":"wp","href":"https:\/\/api.w.org\/{rel}","templated":true}]}}