{"id":9838,"date":"2025-12-20T17:36:52","date_gmt":"2025-12-20T16:36:52","guid":{"rendered":"https:\/\/universnews224.com\/?p=9838"},"modified":"2025-12-20T17:36:52","modified_gmt":"2025-12-20T16:36:52","slug":"presidentielle-du-28-decembre-2025-aboubacar-sabari-conte-intensifie-la-mobilisation-pour-le-gmd-a-sanoyah","status":"publish","type":"post","link":"https:\/\/universnews224.com\/index.php\/presidentielle-du-28-decembre-2025-aboubacar-sabari-conte-intensifie-la-mobilisation-pour-le-gmd-a-sanoyah\/","title":{"rendered":"Pr\u00e9sidentielle du 28 d\u00e9cembre 2025 : Aboubacar Sabari Cont\u00e9 intensifie la mobilisation pour le GMD \u00e0 Sanoyah"},"content":{"rendered":"<p dir=\"ltr\">La campagne \u00e9lectorale du mouvement <b>GMD (G\u00e9n\u00e9ration Mamadi Doumbouya)<\/b> prend un nouvel \u00e9lan dans la commune urbaine de Sanoyah. Ce samedi, au si\u00e8ge du directoire local, <b>Aboubacar Sabari Cont\u00e9<\/b>, Directeur adjoint de campagne, a mobilis\u00e9 ses troupes pour une d\u00e9monstration de force au stade Kabinet Kouyat\u00e9 de Matoto.<a href=\"https:\/\/universnews224.com\/wp-content\/uploads\/2025\/12\/IMG-20251220-WA0023.jpg\"><img loading=\"lazy\" class=\"alignnone size-medium wp-image-9840\" src=\"https:\/\/universnews224.com\/wp-content\/uploads\/2025\/12\/IMG-20251220-WA0023-300x225.jpg\" alt=\"\" width=\"300\" height=\"225\" srcset=\"https:\/\/universnews224.com\/wp-content\/uploads\/2025\/12\/IMG-20251220-WA0023-300x225.jpg 300w, https:\/\/universnews224.com\/wp-content\/uploads\/2025\/12\/IMG-20251220-WA0023-768x576.jpg 768w, https:\/\/universnews224.com\/wp-content\/uploads\/2025\/12\/IMG-20251220-WA0023-720x540.jpg 720w, https:\/\/universnews224.com\/wp-content\/uploads\/2025\/12\/IMG-20251220-WA0023.jpg 1008w\" sizes=\"(max-width: 300px) 100vw, 300px\" \/><\/a><\/p>\n<h3>\u200b<b>Une union sacr\u00e9e entre trois communes<\/b><\/h3>\n<p dir=\"ltr\">\u200bAvant le d\u00e9part des diff\u00e9rents mouvements vers Matoto, Aboubacar Sabari Cont\u00e9 a rappel\u00e9 que Sanoyah a toujours \u00e9t\u00e9 un bastion de forte mobilisation.<\/p>\n<p dir=\"ltr\">\u200b\u00ab Ce rassemblement s&rsquo;inscrit dans le cadre du meeting intercommunal planifi\u00e9 par la direction r\u00e9gionale du GMD, sous l&rsquo;\u00e9gide de notre directeur Alseny Bangoura. Les communes de Tombolia, Sanoyah et Matoto se r\u00e9unissent pour r\u00e9affirmer l&rsquo;engagement massif de nos populations en faveur de notre candidat, Mamadi Doumbouya. Nous avons mobilis\u00e9 1 000 repr\u00e9sentants issus des diff\u00e9rents mouvements de base pour marquer notre pr\u00e9sence \u00bb, a-t-il d\u00e9clar\u00e9.<\/p>\n<p>&nbsp;<\/p>\n<p dir=\"ltr\">\u200bLe directeur adjoint a pr\u00e9cis\u00e9 que cette force de frappe repose sur une structure organis\u00e9e : \u00ab Nous disposons de <b>216 mouvements r\u00e9pertori\u00e9s<\/b>. Pour cet \u00e9v\u00e9nement, nous avons sollicit\u00e9 nos sous-directoires dans les 10 quartiers, ainsi que nos administratrices, Mme Mamy et Mme Yakha, pour d\u00e9montrer une fois de plus la supr\u00e9matie de Sanoyah en mati\u00e8re de<a href=\"https:\/\/universnews224.com\/wp-content\/uploads\/2025\/12\/IMG-20251220-WA0024.jpg\"><img loading=\"lazy\" class=\"alignnone size-medium wp-image-9841\" src=\"https:\/\/universnews224.com\/wp-content\/uploads\/2025\/12\/IMG-20251220-WA0024-300x169.jpg\" alt=\"\" width=\"300\" height=\"169\" srcset=\"https:\/\/universnews224.com\/wp-content\/uploads\/2025\/12\/IMG-20251220-WA0024-300x169.jpg 300w, https:\/\/universnews224.com\/wp-content\/uploads\/2025\/12\/IMG-20251220-WA0024-1024x576.jpg 1024w, https:\/\/universnews224.com\/wp-content\/uploads\/2025\/12\/IMG-20251220-WA0024-768x432.jpg 768w, https:\/\/universnews224.com\/wp-content\/uploads\/2025\/12\/IMG-20251220-WA0024-800x450.jpg 800w, https:\/\/universnews224.com\/wp-content\/uploads\/2025\/12\/IMG-20251220-WA0024.jpg 1080w\" sizes=\"(max-width: 300px) 100vw, 300px\" \/><\/a> mobilisation. \u00bb<\/p>\n<h3>\u200b<b>Objectif \u00ab\u00a0Z\u00e9ro bulletin nul\u00a0\u00bb : Le porte-\u00e0-porte s&rsquo;intensifie<\/b><\/h3>\n<p dir=\"ltr\">\u200bPass\u00e9e cette \u00e9tape de d\u00e9monstration, le directoire de Sanoyah entame une phase cruciale : l\u2019\u00e9ducation des \u00e9lecteurs. Un planning rigoureux de tourn\u00e9es dans les 10 quartiers a \u00e9t\u00e9 mis en place pour apprendre aux citoyens comment voter sur le sp\u00e9cimen.<\/p>\n<p dir=\"ltr\">\u200b\u00ab D\u00e8s demain, nous serons \u00e0 Kalokhoya, S\u00e9b\u00e9ya Nord, ainsi qu\u2019\u00e0 Kountia Nord et Sud. Cette campagne de sensibilisation se poursuivra lundi et mardi avec une journ\u00e9e de \u00ab\u00a0rabattage\u00a0\u00bb intensif. Nous irons partout, des d\u00e9barcad\u00e8res aux zones les plus recul\u00e9es, pour que personne ne soit oubli\u00e9 \u00bb, explique M. Cont\u00e9.<\/p>\n<p>&nbsp;<\/p>\n<p dir=\"ltr\">\u200bL&rsquo;ambition est claire : <b>garantir une victoire nette sans erreurs techniques<\/b>. \u00ab Mon engagement est d&rsquo;arriver \u00e0 z\u00e9ro bulletin nul \u00e0 Sanoyah. C&rsquo;est pourquoi nous mettons l&rsquo;accent sur le porte-\u00e0-porte pour montrer concr\u00e8tement \u00e0 chaque \u00e9lecteur comment voter pour notre champion \u00bb, a conclu le directeur adjoint.<\/p>\n<p dir=\"ltr\">\u200b<b>Par Alass Sylla pour universnews224.com<\/b><\/p>\n","protected":false},"excerpt":{"rendered":"<p>La campagne \u00e9lectorale du mouvement GMD (G\u00e9n\u00e9ration Mamadi Doumbouya) prend un nouvel \u00e9lan dans la<\/p>\n","protected":false},"author":2,"featured_media":9839,"comment_status":"closed","ping_status":"open","sticky":false,"template":"","format":"standard","meta":[],"categories":[3,4],"tags":[237],"yoast_head":"<!-- This site is optimized with the Yoast SEO plugin v19.13 - https:\/\/yoast.com\/wordpress\/plugins\/seo\/ -->\n<title>Pr\u00e9sidentielle du 28 d\u00e9cembre 2025 : Aboubacar Sabari Cont\u00e9 intensifie la mobilisation pour le GMD \u00e0 Sanoyah - UNIVERSNEWS224<\/title>\n<meta name=\"robots\" content=\"index, follow, max-snippet:-1, max-image-preview:large, max-video-preview:-1\" \/>\n<link rel=\"canonical\" href=\"https:\/\/universnews224.com\/index.php\/presidentielle-du-28-decembre-2025-aboubacar-sabari-conte-intensifie-la-mobilisation-pour-le-gmd-a-sanoyah\/\" \/>\n<meta property=\"og:locale\" content=\"fr_FR\" \/>\n<meta property=\"og:type\" content=\"article\" \/>\n<meta property=\"og:title\" content=\"Pr\u00e9sidentielle du 28 d\u00e9cembre 2025 : Aboubacar Sabari Cont\u00e9 intensifie la mobilisation pour le GMD \u00e0 Sanoyah - UNIVERSNEWS224\" \/>\n<meta property=\"og:description\" content=\"La campagne \u00e9lectorale du mouvement GMD (G\u00e9n\u00e9ration Mamadi Doumbouya) prend un nouvel \u00e9lan dans la\" \/>\n<meta property=\"og:url\" content=\"https:\/\/universnews224.com\/index.php\/presidentielle-du-28-decembre-2025-aboubacar-sabari-conte-intensifie-la-mobilisation-pour-le-gmd-a-sanoyah\/\" \/>\n<meta property=\"og:site_name\" content=\"UNIVERSNEWS224\" \/>\n<meta property=\"article:published_time\" content=\"2025-12-20T16:36:52+00:00\" \/>\n<meta property=\"og:image\" content=\"https:\/\/universnews224.com\/wp-content\/uploads\/2025\/12\/IMG-20251220-WA0022.jpg\" \/>\n\t<meta property=\"og:image:width\" content=\"1080\" \/>\n\t<meta property=\"og:image:height\" content=\"618\" \/>\n\t<meta property=\"og:image:type\" content=\"image\/jpeg\" \/>\n<meta name=\"author\" content=\"La R\u00e9daction\" \/>\n<meta name=\"twitter:label1\" content=\"\u00c9crit par\" \/>\n\t<meta name=\"twitter:data1\" content=\"La R\u00e9daction\" \/>\n\t<meta name=\"twitter:label2\" content=\"Dur\u00e9e de lecture estim\u00e9e\" \/>\n\t<meta name=\"twitter:data2\" content=\"3 minutes\" \/>\n<script type=\"application\/ld+json\" class=\"yoast-schema-graph\">{\"@context\":\"https:\/\/schema.org\",\"@graph\":[{\"@type\":\"Article\",\"@id\":\"https:\/\/universnews224.com\/index.php\/presidentielle-du-28-decembre-2025-aboubacar-sabari-conte-intensifie-la-mobilisation-pour-le-gmd-a-sanoyah\/#article\",\"isPartOf\":{\"@id\":\"https:\/\/universnews224.com\/index.php\/presidentielle-du-28-decembre-2025-aboubacar-sabari-conte-intensifie-la-mobilisation-pour-le-gmd-a-sanoyah\/\"},\"author\":{\"name\":\"La R\u00e9daction\",\"@id\":\"https:\/\/universnews224.com\/#\/schema\/person\/a4b7d4f94a4716df60456a491260485e\"},\"headline\":\"Pr\u00e9sidentielle du 28 d\u00e9cembre 2025 : Aboubacar Sabari Cont\u00e9 intensifie la mobilisation pour le GMD \u00e0 Sanoyah\",\"datePublished\":\"2025-12-20T16:36:52+00:00\",\"dateModified\":\"2025-12-20T16:36:52+00:00\",\"mainEntityOfPage\":{\"@id\":\"https:\/\/universnews224.com\/index.php\/presidentielle-du-28-decembre-2025-aboubacar-sabari-conte-intensifie-la-mobilisation-pour-le-gmd-a-sanoyah\/\"},\"wordCount\":389,\"publisher\":{\"@id\":\"https:\/\/universnews224.com\/#organization\"},\"keywords\":[\"A la une\"],\"articleSection\":[\"ACTU\",\"POLITIQUE\"],\"inLanguage\":\"fr-FR\"},{\"@type\":\"WebPage\",\"@id\":\"https:\/\/universnews224.com\/index.php\/presidentielle-du-28-decembre-2025-aboubacar-sabari-conte-intensifie-la-mobilisation-pour-le-gmd-a-sanoyah\/\",\"url\":\"https:\/\/universnews224.com\/index.php\/presidentielle-du-28-decembre-2025-aboubacar-sabari-conte-intensifie-la-mobilisation-pour-le-gmd-a-sanoyah\/\",\"name\":\"Pr\u00e9sidentielle du 28 d\u00e9cembre 2025 : Aboubacar Sabari Cont\u00e9 intensifie la mobilisation pour le GMD \u00e0 Sanoyah - UNIVERSNEWS224\",\"isPartOf\":{\"@id\":\"https:\/\/universnews224.com\/#website\"},\"datePublished\":\"2025-12-20T16:36:52+00:00\",\"dateModified\":\"2025-12-20T16:36:52+00:00\",\"inLanguage\":\"fr-FR\",\"potentialAction\":[{\"@type\":\"ReadAction\",\"target\":[\"https:\/\/universnews224.com\/index.php\/presidentielle-du-28-decembre-2025-aboubacar-sabari-conte-intensifie-la-mobilisation-pour-le-gmd-a-sanoyah\/\"]}]},{\"@type\":\"WebSite\",\"@id\":\"https:\/\/universnews224.com\/#website\",\"url\":\"https:\/\/universnews224.com\/\",\"name\":\"UNIVERSNEWS224\",\"description\":\"\",\"publisher\":{\"@id\":\"https:\/\/universnews224.com\/#organization\"},\"potentialAction\":[{\"@type\":\"SearchAction\",\"target\":{\"@type\":\"EntryPoint\",\"urlTemplate\":\"https:\/\/universnews224.com\/?s={search_term_string}\"},\"query-input\":\"required name=search_term_string\"}],\"inLanguage\":\"fr-FR\"},{\"@type\":\"Organization\",\"@id\":\"https:\/\/universnews224.com\/#organization\",\"name\":\"UNIVERSNEWS224\",\"url\":\"https:\/\/universnews224.com\/\",\"logo\":{\"@type\":\"ImageObject\",\"inLanguage\":\"fr-FR\",\"@id\":\"https:\/\/universnews224.com\/#\/schema\/logo\/image\/\",\"url\":\"https:\/\/universnews224.com\/wp-content\/uploads\/2022\/08\/cropped-cropped-logoban.jpg\",\"contentUrl\":\"https:\/\/universnews224.com\/wp-content\/uploads\/2022\/08\/cropped-cropped-logoban.jpg\",\"width\":1080,\"height\":138,\"caption\":\"UNIVERSNEWS224\"},\"image\":{\"@id\":\"https:\/\/universnews224.com\/#\/schema\/logo\/image\/\"}},{\"@type\":\"Person\",\"@id\":\"https:\/\/universnews224.com\/#\/schema\/person\/a4b7d4f94a4716df60456a491260485e\",\"name\":\"La R\u00e9daction\",\"image\":{\"@type\":\"ImageObject\",\"inLanguage\":\"fr-FR\",\"@id\":\"https:\/\/universnews224.com\/#\/schema\/person\/image\/\",\"url\":\"https:\/\/secure.gravatar.com\/avatar\/edb90acc7752b23e1b3307ad36c14f0d?s=96&d=mm&r=g\",\"contentUrl\":\"https:\/\/secure.gravatar.com\/avatar\/edb90acc7752b23e1b3307ad36c14f0d?s=96&d=mm&r=g\",\"caption\":\"La R\u00e9daction\"},\"sameAs\":[\"https:\/\/universnews224.com\"],\"url\":\"https:\/\/universnews224.com\/index.php\/author\/m-camara\/\"}]}<\/script>\n<!-- \/ Yoast SEO plugin. -->","yoast_head_json":{"title":"Pr\u00e9sidentielle du 28 d\u00e9cembre 2025 : Aboubacar Sabari Cont\u00e9 intensifie la mobilisation pour le GMD \u00e0 Sanoyah - UNIVERSNEWS224","robots":{"index":"index","follow":"follow","max-snippet":"max-snippet:-1","max-image-preview":"max-image-preview:large","max-video-preview":"max-video-preview:-1"},"canonical":"https:\/\/universnews224.com\/index.php\/presidentielle-du-28-decembre-2025-aboubacar-sabari-conte-intensifie-la-mobilisation-pour-le-gmd-a-sanoyah\/","og_locale":"fr_FR","og_type":"article","og_title":"Pr\u00e9sidentielle du 28 d\u00e9cembre 2025 : Aboubacar Sabari Cont\u00e9 intensifie la mobilisation pour le GMD \u00e0 Sanoyah - UNIVERSNEWS224","og_description":"La campagne \u00e9lectorale du mouvement GMD (G\u00e9n\u00e9ration Mamadi Doumbouya) prend un nouvel \u00e9lan dans la","og_url":"https:\/\/universnews224.com\/index.php\/presidentielle-du-28-decembre-2025-aboubacar-sabari-conte-intensifie-la-mobilisation-pour-le-gmd-a-sanoyah\/","og_site_name":"UNIVERSNEWS224","article_published_time":"2025-12-20T16:36:52+00:00","og_image":[{"width":1080,"height":618,"url":"https:\/\/universnews224.com\/wp-content\/uploads\/2025\/12\/IMG-20251220-WA0022.jpg","type":"image\/jpeg"}],"author":"La R\u00e9daction","twitter_misc":{"\u00c9crit par":"La R\u00e9daction","Dur\u00e9e de lecture estim\u00e9e":"3 minutes"},"schema":{"@context":"https:\/\/schema.org","@graph":[{"@type":"Article","@id":"https:\/\/universnews224.com\/index.php\/presidentielle-du-28-decembre-2025-aboubacar-sabari-conte-intensifie-la-mobilisation-pour-le-gmd-a-sanoyah\/#article","isPartOf":{"@id":"https:\/\/universnews224.com\/index.php\/presidentielle-du-28-decembre-2025-aboubacar-sabari-conte-intensifie-la-mobilisation-pour-le-gmd-a-sanoyah\/"},"author":{"name":"La R\u00e9daction","@id":"https:\/\/universnews224.com\/#\/schema\/person\/a4b7d4f94a4716df60456a491260485e"},"headline":"Pr\u00e9sidentielle du 28 d\u00e9cembre 2025 : Aboubacar Sabari Cont\u00e9 intensifie la mobilisation pour le GMD \u00e0 Sanoyah","datePublished":"2025-12-20T16:36:52+00:00","dateModified":"2025-12-20T16:36:52+00:00","mainEntityOfPage":{"@id":"https:\/\/universnews224.com\/index.php\/presidentielle-du-28-decembre-2025-aboubacar-sabari-conte-intensifie-la-mobilisation-pour-le-gmd-a-sanoyah\/"},"wordCount":389,"publisher":{"@id":"https:\/\/universnews224.com\/#organization"},"keywords":["A la une"],"articleSection":["ACTU","POLITIQUE"],"inLanguage":"fr-FR"},{"@type":"WebPage","@id":"https:\/\/universnews224.com\/index.php\/presidentielle-du-28-decembre-2025-aboubacar-sabari-conte-intensifie-la-mobilisation-pour-le-gmd-a-sanoyah\/","url":"https:\/\/universnews224.com\/index.php\/presidentielle-du-28-decembre-2025-aboubacar-sabari-conte-intensifie-la-mobilisation-pour-le-gmd-a-sanoyah\/","name":"Pr\u00e9sidentielle du 28 d\u00e9cembre 2025 : Aboubacar Sabari Cont\u00e9 intensifie la mobilisation pour le GMD \u00e0 Sanoyah - UNIVERSNEWS224","isPartOf":{"@id":"https:\/\/universnews224.com\/#website"},"datePublished":"2025-12-20T16:36:52+00:00","dateModified":"2025-12-20T16:36:52+00:00","inLanguage":"fr-FR","potentialAction":[{"@type":"ReadAction","target":["https:\/\/universnews224.com\/index.php\/presidentielle-du-28-decembre-2025-aboubacar-sabari-conte-intensifie-la-mobilisation-pour-le-gmd-a-sanoyah\/"]}]},{"@type":"WebSite","@id":"https:\/\/universnews224.com\/#website","url":"https:\/\/universnews224.com\/","name":"UNIVERSNEWS224","description":"","publisher":{"@id":"https:\/\/universnews224.com\/#organization"},"potentialAction":[{"@type":"SearchAction","target":{"@type":"EntryPoint","urlTemplate":"https:\/\/universnews224.com\/?s={search_term_string}"},"query-input":"required name=search_term_string"}],"inLanguage":"fr-FR"},{"@type":"Organization","@id":"https:\/\/universnews224.com\/#organization","name":"UNIVERSNEWS224","url":"https:\/\/universnews224.com\/","logo":{"@type":"ImageObject","inLanguage":"fr-FR","@id":"https:\/\/universnews224.com\/#\/schema\/logo\/image\/","url":"https:\/\/universnews224.com\/wp-content\/uploads\/2022\/08\/cropped-cropped-logoban.jpg","contentUrl":"https:\/\/universnews224.com\/wp-content\/uploads\/2022\/08\/cropped-cropped-logoban.jpg","width":1080,"height":138,"caption":"UNIVERSNEWS224"},"image":{"@id":"https:\/\/universnews224.com\/#\/schema\/logo\/image\/"}},{"@type":"Person","@id":"https:\/\/universnews224.com\/#\/schema\/person\/a4b7d4f94a4716df60456a491260485e","name":"La R\u00e9daction","image":{"@type":"ImageObject","inLanguage":"fr-FR","@id":"https:\/\/universnews224.com\/#\/schema\/person\/image\/","url":"https:\/\/secure.gravatar.com\/avatar\/edb90acc7752b23e1b3307ad36c14f0d?s=96&d=mm&r=g","contentUrl":"https:\/\/secure.gravatar.com\/avatar\/edb90acc7752b23e1b3307ad36c14f0d?s=96&d=mm&r=g","caption":"La R\u00e9daction"},"sameAs":["https:\/\/universnews224.com"],"url":"https:\/\/universnews224.com\/index.php\/author\/m-camara\/"}]}},"_links":{"self":[{"href":"https:\/\/universnews224.com\/index.php\/wp-json\/wp\/v2\/posts\/9838"}],"collection":[{"href":"https:\/\/universnews224.com\/index.php\/wp-json\/wp\/v2\/posts"}],"about":[{"href":"https:\/\/universnews224.com\/index.php\/wp-json\/wp\/v2\/types\/post"}],"author":[{"embeddable":true,"href":"https:\/\/universnews224.com\/index.php\/wp-json\/wp\/v2\/users\/2"}],"replies":[{"embeddable":true,"href":"https:\/\/universnews224.com\/index.php\/wp-json\/wp\/v2\/comments?post=9838"}],"version-history":[{"count":1,"href":"https:\/\/universnews224.com\/index.php\/wp-json\/wp\/v2\/posts\/9838\/revisions"}],"predecessor-version":[{"id":9842,"href":"https:\/\/universnews224.com\/index.php\/wp-json\/wp\/v2\/posts\/9838\/revisions\/9842"}],"wp:featuredmedia":[{"embeddable":true,"href":"https:\/\/universnews224.com\/index.php\/wp-json\/wp\/v2\/media\/9839"}],"wp:attachment":[{"href":"https:\/\/universnews224.com\/index.php\/wp-json\/wp\/v2\/media?parent=9838"}],"wp:term":[{"taxonomy":"category","embeddable":true,"href":"https:\/\/universnews224.com\/index.php\/wp-json\/wp\/v2\/categories?post=9838"},{"taxonomy":"post_tag","embeddable":true,"href":"https:\/\/universnews224.com\/index.php\/wp-json\/wp\/v2\/tags?post=9838"}],"curies":[{"name":"wp","href":"https:\/\/api.w.org\/{rel}","templated":true}]}}