{"id":9843,"date":"2025-12-20T20:11:57","date_gmt":"2025-12-20T19:11:57","guid":{"rendered":"https:\/\/universnews224.com\/?p=9843"},"modified":"2025-12-20T20:15:16","modified_gmt":"2025-12-20T19:15:16","slug":"presidentielle-du-28-decembre-2025-la-dge-et-la-hac-renforcent-les-capacites-des-journalistes-en-langues-nationales","status":"publish","type":"post","link":"https:\/\/universnews224.com\/index.php\/presidentielle-du-28-decembre-2025-la-dge-et-la-hac-renforcent-les-capacites-des-journalistes-en-langues-nationales\/","title":{"rendered":"Pr\u00e9sidentielle du 28 d\u00e9cembre 2025 : la DGE et la HAC renforcent les capacit\u00e9s des journalistes en langues nationales"},"content":{"rendered":"<p>Dans le cadre des pr\u00e9paratifs de l\u2019\u00e9lection pr\u00e9sidentielle du 28 d\u00e9cembre 2025, la Direction g\u00e9n\u00e9rale des \u00e9lections (DGE) et la Haute Autorit\u00e9 de la Communication (HAC) ont proc\u00e9d\u00e9, ce samedi 20 d\u00e9cembre 2025 \u00e0 Conakry, au lancement d\u2019une session de formation d\u2019un jour \u00e0 l\u2019intention des journalistes en langues nationales, consacr\u00e9e \u00e0 la vulgarisation du nouveau cadre normatif des \u00e9lections.<a href=\"https:\/\/universnews224.com\/wp-content\/uploads\/2025\/12\/IMG-20251220-WA0043.jpg\"><img loading=\"lazy\" class=\"alignnone size-medium wp-image-9844\" src=\"https:\/\/universnews224.com\/wp-content\/uploads\/2025\/12\/IMG-20251220-WA0043-300x169.jpg\" alt=\"\" width=\"300\" height=\"169\" srcset=\"https:\/\/universnews224.com\/wp-content\/uploads\/2025\/12\/IMG-20251220-WA0043-300x169.jpg 300w, https:\/\/universnews224.com\/wp-content\/uploads\/2025\/12\/IMG-20251220-WA0043-1024x576.jpg 1024w, https:\/\/universnews224.com\/wp-content\/uploads\/2025\/12\/IMG-20251220-WA0043-768x432.jpg 768w, https:\/\/universnews224.com\/wp-content\/uploads\/2025\/12\/IMG-20251220-WA0043-800x450.jpg 800w, https:\/\/universnews224.com\/wp-content\/uploads\/2025\/12\/IMG-20251220-WA0043.jpg 1280w\" sizes=\"(max-width: 300px) 100vw, 300px\" \/><\/a><\/p>\n<p>La c\u00e9r\u00e9monie s\u2019est d\u00e9roul\u00e9e sous la pr\u00e9sidence du Boubacar Yacine Diallo, pr\u00e9sident de la HAC, en pr\u00e9sence de Mme Camara Dj\u00e9nabou Tour\u00e9, directrice g\u00e9n\u00e9rale des \u00e9lections, des repr\u00e9sentants de l\u2019URTELGUI et de nombreux journalistes issus des m\u00e9dias publics et priv\u00e9s. Cette initiative vise \u00e0 permettre aux professionnels des m\u00e9dias de mieux comprendre les innovations introduites par le Code \u00e9lectoral promulgu\u00e9 le 27 septembre 2025, afin d\u2019en assurer une diffusion claire aupr\u00e8s des populations.<\/p>\n<p>Dans son intervention, la directrice g\u00e9n\u00e9rale des \u00e9lections a expliqu\u00e9 les motivations de cette formation, en insistant sur les responsabilit\u00e9s des journalistes en p\u00e9riode \u00e9lectorale. <a href=\"https:\/\/universnews224.com\/wp-content\/uploads\/2025\/12\/IMG-20251220-WA0034.jpg\"><img loading=\"lazy\" class=\"alignnone size-medium wp-image-9845\" src=\"https:\/\/universnews224.com\/wp-content\/uploads\/2025\/12\/IMG-20251220-WA0034-300x169.jpg\" alt=\"\" width=\"300\" height=\"169\" srcset=\"https:\/\/universnews224.com\/wp-content\/uploads\/2025\/12\/IMG-20251220-WA0034-300x169.jpg 300w, https:\/\/universnews224.com\/wp-content\/uploads\/2025\/12\/IMG-20251220-WA0034-1024x576.jpg 1024w, https:\/\/universnews224.com\/wp-content\/uploads\/2025\/12\/IMG-20251220-WA0034-768x432.jpg 768w, https:\/\/universnews224.com\/wp-content\/uploads\/2025\/12\/IMG-20251220-WA0034-800x450.jpg 800w, https:\/\/universnews224.com\/wp-content\/uploads\/2025\/12\/IMG-20251220-WA0034.jpg 1280w\" sizes=\"(max-width: 300px) 100vw, 300px\" \/><\/a><\/p>\n<p>\u00ab Nous avons d\u00e9cid\u00e9 de travailler avec les journalistes en langue que vous \u00eates pour d\u00e9velopper le cadre juridique, donc le cadre normatif des \u00e9lections nouvelles, qui est le code \u00e9lectoral, qui a \u00e9t\u00e9 promulgu\u00e9 le 27 septembre. Vous devrez comprendre vos r\u00f4les et responsabilit\u00e9s dans ce code en tant qu\u2019homme de m\u00e9dias, mais \u00e9galement comprendre comment vous pouvez faire les couvertures des activit\u00e9s \u00e9lectorales, les commentaires qui s\u2019y aient et les commentaires qu\u2019il ne faut pas faire pour ne pas \u00eatre un porte-\u00e0-faux avec la loi. Il vous sera \u00e9galement expliqu\u00e9 les proc\u00e9dures d\u2019accr\u00e9ditation des m\u00e9dias qui reviennent \u00e0 la HAC, mais \u00e9galement la couverture que nous souhaitons unique avec la synergie des radios, t\u00e9l\u00e9visions priv\u00e9es et publiques de Guin\u00e9e. Mais aussi on va vous expliquer le d\u00e9roul\u00e9 du vote dans le bureau de vote, la centralisation des r\u00e9sultats et quel doit \u00eatre le r\u00f4le que vous devrez jouer en essayant de bien informer la population \u00bb, a d\u00e9clar\u00e9 Madame Camara Dj\u00e9nabou Tour\u00e9.<\/p>\n<p>Pr\u00e9sidant la c\u00e9r\u00e9monie, le pr\u00e9sident de la HAC a, pour sa part, salu\u00e9 l\u2019engagement des journalistes en langues nationales et leur contribution \u00e0 la stabilit\u00e9 du climat \u00e9lectoral.<a href=\"https:\/\/universnews224.com\/wp-content\/uploads\/2025\/12\/IMG-20251220-WA0036.jpg\"><img loading=\"lazy\" class=\"alignnone size-medium wp-image-9846\" src=\"https:\/\/universnews224.com\/wp-content\/uploads\/2025\/12\/IMG-20251220-WA0036-300x169.jpg\" alt=\"\" width=\"300\" height=\"169\" srcset=\"https:\/\/universnews224.com\/wp-content\/uploads\/2025\/12\/IMG-20251220-WA0036-300x169.jpg 300w, https:\/\/universnews224.com\/wp-content\/uploads\/2025\/12\/IMG-20251220-WA0036-1024x576.jpg 1024w, https:\/\/universnews224.com\/wp-content\/uploads\/2025\/12\/IMG-20251220-WA0036-768x432.jpg 768w, https:\/\/universnews224.com\/wp-content\/uploads\/2025\/12\/IMG-20251220-WA0036-800x450.jpg 800w, https:\/\/universnews224.com\/wp-content\/uploads\/2025\/12\/IMG-20251220-WA0036.jpg 1280w\" sizes=\"(max-width: 300px) 100vw, 300px\" \/><\/a><\/p>\n<p>\u00ab D\u00e9j\u00e0, la couverture que vous faites de la campagne \u00e9lectorale est irr\u00e9prochable. Je viens de parcourir quelques r\u00e9gions administratives o\u00f9 j&rsquo;ai rencontr\u00e9 les journalistes et j&rsquo;ai mesur\u00e9 tout l&rsquo;int\u00e9r\u00eat qu&rsquo;ils portent \u00e0 une campagne apais\u00e9e, neutre et \u00e0 une couverture responsable des candidats. Parce que lorsqu&rsquo;on parle en fran\u00e7ais, tr\u00e8s peu de personnes comprennent. Peut-\u00eatre que ces personnes \u00e9coutent, entendent, mais ne comprennent pas. Et vous, comme vous le dites vous-m\u00eame, vous parlez sans filtre. Donc vous faites la m\u00eame chose vis-\u00e0-vis de vos auditeurs et de vos t\u00e9l\u00e9spectateurs. Je voudrais donc vous inviter, vous particuli\u00e8rement, journalistes de langues nationales, \u00e0 poursuivre vos efforts de sensibilisation, d\u2019explication du processus \u00e9lectoral, afin que la paix continue de r\u00e9gner. La Guin\u00e9e a besoin de paix et vous \u00eates des faiseurs de paix \u00bb, a indiqu\u00e9 Boubacar Yacine Diallo.<a href=\"https:\/\/universnews224.com\/wp-content\/uploads\/2025\/12\/IMG-20251220-WA0038.jpg\"><img loading=\"lazy\" class=\"alignnone size-medium wp-image-9847\" src=\"https:\/\/universnews224.com\/wp-content\/uploads\/2025\/12\/IMG-20251220-WA0038-300x169.jpg\" alt=\"\" width=\"300\" height=\"169\" srcset=\"https:\/\/universnews224.com\/wp-content\/uploads\/2025\/12\/IMG-20251220-WA0038-300x169.jpg 300w, https:\/\/universnews224.com\/wp-content\/uploads\/2025\/12\/IMG-20251220-WA0038-1024x576.jpg 1024w, https:\/\/universnews224.com\/wp-content\/uploads\/2025\/12\/IMG-20251220-WA0038-768x432.jpg 768w, https:\/\/universnews224.com\/wp-content\/uploads\/2025\/12\/IMG-20251220-WA0038-800x450.jpg 800w, https:\/\/universnews224.com\/wp-content\/uploads\/2025\/12\/IMG-20251220-WA0038.jpg 1280w\" sizes=\"(max-width: 300px) 100vw, 300px\" \/><\/a><\/p>\n<p>L&rsquo;Union des Fondateurs des Sites Internet de Guin\u00e9e (UFSIG )<\/p>\n","protected":false},"excerpt":{"rendered":"<p>Dans le cadre des pr\u00e9paratifs de l\u2019\u00e9lection pr\u00e9sidentielle du 28 d\u00e9cembre 2025, la Direction g\u00e9n\u00e9rale<\/p>\n","protected":false},"author":2,"featured_media":9847,"comment_status":"closed","ping_status":"open","sticky":false,"template":"","format":"standard","meta":[],"categories":[3,4],"tags":[237],"yoast_head":"<!-- This site is optimized with the Yoast SEO plugin v19.13 - https:\/\/yoast.com\/wordpress\/plugins\/seo\/ -->\n<title>Pr\u00e9sidentielle du 28 d\u00e9cembre 2025 : la DGE et la HAC renforcent les capacit\u00e9s des journalistes en langues nationales - UNIVERSNEWS224<\/title>\n<meta name=\"robots\" content=\"index, follow, max-snippet:-1, max-image-preview:large, max-video-preview:-1\" \/>\n<link rel=\"canonical\" href=\"https:\/\/universnews224.com\/index.php\/presidentielle-du-28-decembre-2025-la-dge-et-la-hac-renforcent-les-capacites-des-journalistes-en-langues-nationales\/\" \/>\n<meta property=\"og:locale\" content=\"fr_FR\" \/>\n<meta property=\"og:type\" content=\"article\" \/>\n<meta property=\"og:title\" content=\"Pr\u00e9sidentielle du 28 d\u00e9cembre 2025 : la DGE et la HAC renforcent les capacit\u00e9s des journalistes en langues nationales - UNIVERSNEWS224\" \/>\n<meta property=\"og:description\" content=\"Dans le cadre des pr\u00e9paratifs de l\u2019\u00e9lection pr\u00e9sidentielle du 28 d\u00e9cembre 2025, la Direction g\u00e9n\u00e9rale\" \/>\n<meta property=\"og:url\" content=\"https:\/\/universnews224.com\/index.php\/presidentielle-du-28-decembre-2025-la-dge-et-la-hac-renforcent-les-capacites-des-journalistes-en-langues-nationales\/\" \/>\n<meta property=\"og:site_name\" content=\"UNIVERSNEWS224\" \/>\n<meta property=\"article:published_time\" content=\"2025-12-20T19:11:57+00:00\" \/>\n<meta property=\"article:modified_time\" content=\"2025-12-20T19:15:16+00:00\" \/>\n<meta property=\"og:image\" content=\"https:\/\/universnews224.com\/wp-content\/uploads\/2025\/12\/IMG-20251220-WA0038.jpg\" \/>\n\t<meta property=\"og:image:width\" content=\"1280\" \/>\n\t<meta property=\"og:image:height\" content=\"720\" \/>\n\t<meta property=\"og:image:type\" content=\"image\/jpeg\" \/>\n<meta name=\"author\" content=\"La R\u00e9daction\" \/>\n<meta name=\"twitter:label1\" content=\"\u00c9crit par\" \/>\n\t<meta name=\"twitter:data1\" content=\"La R\u00e9daction\" \/>\n\t<meta name=\"twitter:label2\" content=\"Dur\u00e9e de lecture estim\u00e9e\" \/>\n\t<meta name=\"twitter:data2\" content=\"4 minutes\" \/>\n<script type=\"application\/ld+json\" class=\"yoast-schema-graph\">{\"@context\":\"https:\/\/schema.org\",\"@graph\":[{\"@type\":\"Article\",\"@id\":\"https:\/\/universnews224.com\/index.php\/presidentielle-du-28-decembre-2025-la-dge-et-la-hac-renforcent-les-capacites-des-journalistes-en-langues-nationales\/#article\",\"isPartOf\":{\"@id\":\"https:\/\/universnews224.com\/index.php\/presidentielle-du-28-decembre-2025-la-dge-et-la-hac-renforcent-les-capacites-des-journalistes-en-langues-nationales\/\"},\"author\":{\"name\":\"La R\u00e9daction\",\"@id\":\"https:\/\/universnews224.com\/#\/schema\/person\/a4b7d4f94a4716df60456a491260485e\"},\"headline\":\"Pr\u00e9sidentielle du 28 d\u00e9cembre 2025 : la DGE et la HAC renforcent les capacit\u00e9s des journalistes en langues nationales\",\"datePublished\":\"2025-12-20T19:11:57+00:00\",\"dateModified\":\"2025-12-20T19:15:16+00:00\",\"mainEntityOfPage\":{\"@id\":\"https:\/\/universnews224.com\/index.php\/presidentielle-du-28-decembre-2025-la-dge-et-la-hac-renforcent-les-capacites-des-journalistes-en-langues-nationales\/\"},\"wordCount\":576,\"publisher\":{\"@id\":\"https:\/\/universnews224.com\/#organization\"},\"keywords\":[\"A la une\"],\"articleSection\":[\"ACTU\",\"POLITIQUE\"],\"inLanguage\":\"fr-FR\"},{\"@type\":\"WebPage\",\"@id\":\"https:\/\/universnews224.com\/index.php\/presidentielle-du-28-decembre-2025-la-dge-et-la-hac-renforcent-les-capacites-des-journalistes-en-langues-nationales\/\",\"url\":\"https:\/\/universnews224.com\/index.php\/presidentielle-du-28-decembre-2025-la-dge-et-la-hac-renforcent-les-capacites-des-journalistes-en-langues-nationales\/\",\"name\":\"Pr\u00e9sidentielle du 28 d\u00e9cembre 2025 : la DGE et la HAC renforcent les capacit\u00e9s des journalistes en langues nationales - UNIVERSNEWS224\",\"isPartOf\":{\"@id\":\"https:\/\/universnews224.com\/#website\"},\"datePublished\":\"2025-12-20T19:11:57+00:00\",\"dateModified\":\"2025-12-20T19:15:16+00:00\",\"inLanguage\":\"fr-FR\",\"potentialAction\":[{\"@type\":\"ReadAction\",\"target\":[\"https:\/\/universnews224.com\/index.php\/presidentielle-du-28-decembre-2025-la-dge-et-la-hac-renforcent-les-capacites-des-journalistes-en-langues-nationales\/\"]}]},{\"@type\":\"WebSite\",\"@id\":\"https:\/\/universnews224.com\/#website\",\"url\":\"https:\/\/universnews224.com\/\",\"name\":\"UNIVERSNEWS224\",\"description\":\"\",\"publisher\":{\"@id\":\"https:\/\/universnews224.com\/#organization\"},\"potentialAction\":[{\"@type\":\"SearchAction\",\"target\":{\"@type\":\"EntryPoint\",\"urlTemplate\":\"https:\/\/universnews224.com\/?s={search_term_string}\"},\"query-input\":\"required name=search_term_string\"}],\"inLanguage\":\"fr-FR\"},{\"@type\":\"Organization\",\"@id\":\"https:\/\/universnews224.com\/#organization\",\"name\":\"UNIVERSNEWS224\",\"url\":\"https:\/\/universnews224.com\/\",\"logo\":{\"@type\":\"ImageObject\",\"inLanguage\":\"fr-FR\",\"@id\":\"https:\/\/universnews224.com\/#\/schema\/logo\/image\/\",\"url\":\"https:\/\/universnews224.com\/wp-content\/uploads\/2022\/08\/cropped-cropped-logoban.jpg\",\"contentUrl\":\"https:\/\/universnews224.com\/wp-content\/uploads\/2022\/08\/cropped-cropped-logoban.jpg\",\"width\":1080,\"height\":138,\"caption\":\"UNIVERSNEWS224\"},\"image\":{\"@id\":\"https:\/\/universnews224.com\/#\/schema\/logo\/image\/\"}},{\"@type\":\"Person\",\"@id\":\"https:\/\/universnews224.com\/#\/schema\/person\/a4b7d4f94a4716df60456a491260485e\",\"name\":\"La R\u00e9daction\",\"image\":{\"@type\":\"ImageObject\",\"inLanguage\":\"fr-FR\",\"@id\":\"https:\/\/universnews224.com\/#\/schema\/person\/image\/\",\"url\":\"https:\/\/secure.gravatar.com\/avatar\/edb90acc7752b23e1b3307ad36c14f0d?s=96&d=mm&r=g\",\"contentUrl\":\"https:\/\/secure.gravatar.com\/avatar\/edb90acc7752b23e1b3307ad36c14f0d?s=96&d=mm&r=g\",\"caption\":\"La R\u00e9daction\"},\"sameAs\":[\"https:\/\/universnews224.com\"],\"url\":\"https:\/\/universnews224.com\/index.php\/author\/m-camara\/\"}]}<\/script>\n<!-- \/ Yoast SEO plugin. -->","yoast_head_json":{"title":"Pr\u00e9sidentielle du 28 d\u00e9cembre 2025 : la DGE et la HAC renforcent les capacit\u00e9s des journalistes en langues nationales - UNIVERSNEWS224","robots":{"index":"index","follow":"follow","max-snippet":"max-snippet:-1","max-image-preview":"max-image-preview:large","max-video-preview":"max-video-preview:-1"},"canonical":"https:\/\/universnews224.com\/index.php\/presidentielle-du-28-decembre-2025-la-dge-et-la-hac-renforcent-les-capacites-des-journalistes-en-langues-nationales\/","og_locale":"fr_FR","og_type":"article","og_title":"Pr\u00e9sidentielle du 28 d\u00e9cembre 2025 : la DGE et la HAC renforcent les capacit\u00e9s des journalistes en langues nationales - UNIVERSNEWS224","og_description":"Dans le cadre des pr\u00e9paratifs de l\u2019\u00e9lection pr\u00e9sidentielle du 28 d\u00e9cembre 2025, la Direction g\u00e9n\u00e9rale","og_url":"https:\/\/universnews224.com\/index.php\/presidentielle-du-28-decembre-2025-la-dge-et-la-hac-renforcent-les-capacites-des-journalistes-en-langues-nationales\/","og_site_name":"UNIVERSNEWS224","article_published_time":"2025-12-20T19:11:57+00:00","article_modified_time":"2025-12-20T19:15:16+00:00","og_image":[{"width":1280,"height":720,"url":"https:\/\/universnews224.com\/wp-content\/uploads\/2025\/12\/IMG-20251220-WA0038.jpg","type":"image\/jpeg"}],"author":"La R\u00e9daction","twitter_misc":{"\u00c9crit par":"La R\u00e9daction","Dur\u00e9e de lecture estim\u00e9e":"4 minutes"},"schema":{"@context":"https:\/\/schema.org","@graph":[{"@type":"Article","@id":"https:\/\/universnews224.com\/index.php\/presidentielle-du-28-decembre-2025-la-dge-et-la-hac-renforcent-les-capacites-des-journalistes-en-langues-nationales\/#article","isPartOf":{"@id":"https:\/\/universnews224.com\/index.php\/presidentielle-du-28-decembre-2025-la-dge-et-la-hac-renforcent-les-capacites-des-journalistes-en-langues-nationales\/"},"author":{"name":"La R\u00e9daction","@id":"https:\/\/universnews224.com\/#\/schema\/person\/a4b7d4f94a4716df60456a491260485e"},"headline":"Pr\u00e9sidentielle du 28 d\u00e9cembre 2025 : la DGE et la HAC renforcent les capacit\u00e9s des journalistes en langues nationales","datePublished":"2025-12-20T19:11:57+00:00","dateModified":"2025-12-20T19:15:16+00:00","mainEntityOfPage":{"@id":"https:\/\/universnews224.com\/index.php\/presidentielle-du-28-decembre-2025-la-dge-et-la-hac-renforcent-les-capacites-des-journalistes-en-langues-nationales\/"},"wordCount":576,"publisher":{"@id":"https:\/\/universnews224.com\/#organization"},"keywords":["A la une"],"articleSection":["ACTU","POLITIQUE"],"inLanguage":"fr-FR"},{"@type":"WebPage","@id":"https:\/\/universnews224.com\/index.php\/presidentielle-du-28-decembre-2025-la-dge-et-la-hac-renforcent-les-capacites-des-journalistes-en-langues-nationales\/","url":"https:\/\/universnews224.com\/index.php\/presidentielle-du-28-decembre-2025-la-dge-et-la-hac-renforcent-les-capacites-des-journalistes-en-langues-nationales\/","name":"Pr\u00e9sidentielle du 28 d\u00e9cembre 2025 : la DGE et la HAC renforcent les capacit\u00e9s des journalistes en langues nationales - UNIVERSNEWS224","isPartOf":{"@id":"https:\/\/universnews224.com\/#website"},"datePublished":"2025-12-20T19:11:57+00:00","dateModified":"2025-12-20T19:15:16+00:00","inLanguage":"fr-FR","potentialAction":[{"@type":"ReadAction","target":["https:\/\/universnews224.com\/index.php\/presidentielle-du-28-decembre-2025-la-dge-et-la-hac-renforcent-les-capacites-des-journalistes-en-langues-nationales\/"]}]},{"@type":"WebSite","@id":"https:\/\/universnews224.com\/#website","url":"https:\/\/universnews224.com\/","name":"UNIVERSNEWS224","description":"","publisher":{"@id":"https:\/\/universnews224.com\/#organization"},"potentialAction":[{"@type":"SearchAction","target":{"@type":"EntryPoint","urlTemplate":"https:\/\/universnews224.com\/?s={search_term_string}"},"query-input":"required name=search_term_string"}],"inLanguage":"fr-FR"},{"@type":"Organization","@id":"https:\/\/universnews224.com\/#organization","name":"UNIVERSNEWS224","url":"https:\/\/universnews224.com\/","logo":{"@type":"ImageObject","inLanguage":"fr-FR","@id":"https:\/\/universnews224.com\/#\/schema\/logo\/image\/","url":"https:\/\/universnews224.com\/wp-content\/uploads\/2022\/08\/cropped-cropped-logoban.jpg","contentUrl":"https:\/\/universnews224.com\/wp-content\/uploads\/2022\/08\/cropped-cropped-logoban.jpg","width":1080,"height":138,"caption":"UNIVERSNEWS224"},"image":{"@id":"https:\/\/universnews224.com\/#\/schema\/logo\/image\/"}},{"@type":"Person","@id":"https:\/\/universnews224.com\/#\/schema\/person\/a4b7d4f94a4716df60456a491260485e","name":"La R\u00e9daction","image":{"@type":"ImageObject","inLanguage":"fr-FR","@id":"https:\/\/universnews224.com\/#\/schema\/person\/image\/","url":"https:\/\/secure.gravatar.com\/avatar\/edb90acc7752b23e1b3307ad36c14f0d?s=96&d=mm&r=g","contentUrl":"https:\/\/secure.gravatar.com\/avatar\/edb90acc7752b23e1b3307ad36c14f0d?s=96&d=mm&r=g","caption":"La R\u00e9daction"},"sameAs":["https:\/\/universnews224.com"],"url":"https:\/\/universnews224.com\/index.php\/author\/m-camara\/"}]}},"_links":{"self":[{"href":"https:\/\/universnews224.com\/index.php\/wp-json\/wp\/v2\/posts\/9843"}],"collection":[{"href":"https:\/\/universnews224.com\/index.php\/wp-json\/wp\/v2\/posts"}],"about":[{"href":"https:\/\/universnews224.com\/index.php\/wp-json\/wp\/v2\/types\/post"}],"author":[{"embeddable":true,"href":"https:\/\/universnews224.com\/index.php\/wp-json\/wp\/v2\/users\/2"}],"replies":[{"embeddable":true,"href":"https:\/\/universnews224.com\/index.php\/wp-json\/wp\/v2\/comments?post=9843"}],"version-history":[{"count":1,"href":"https:\/\/universnews224.com\/index.php\/wp-json\/wp\/v2\/posts\/9843\/revisions"}],"predecessor-version":[{"id":9848,"href":"https:\/\/universnews224.com\/index.php\/wp-json\/wp\/v2\/posts\/9843\/revisions\/9848"}],"wp:featuredmedia":[{"embeddable":true,"href":"https:\/\/universnews224.com\/index.php\/wp-json\/wp\/v2\/media\/9847"}],"wp:attachment":[{"href":"https:\/\/universnews224.com\/index.php\/wp-json\/wp\/v2\/media?parent=9843"}],"wp:term":[{"taxonomy":"category","embeddable":true,"href":"https:\/\/universnews224.com\/index.php\/wp-json\/wp\/v2\/categories?post=9843"},{"taxonomy":"post_tag","embeddable":true,"href":"https:\/\/universnews224.com\/index.php\/wp-json\/wp\/v2\/tags?post=9843"}],"curies":[{"name":"wp","href":"https:\/\/api.w.org\/{rel}","templated":true}]}}