{"id":9949,"date":"2025-12-28T13:06:34","date_gmt":"2025-12-28T12:06:34","guid":{"rendered":"https:\/\/universnews224.com\/?p=9949"},"modified":"2025-12-28T13:06:34","modified_gmt":"2025-12-28T12:06:34","slug":"matam-les-habitants-de-coleah-madina-et-mafanco-se-mobilisent-progressivement-pour-voter","status":"publish","type":"post","link":"https:\/\/universnews224.com\/index.php\/matam-les-habitants-de-coleah-madina-et-mafanco-se-mobilisent-progressivement-pour-voter\/","title":{"rendered":"Matam : les habitants de Col\u00e9ah, Madina et Mafanco se mobilisent progressivement pour voter"},"content":{"rendered":"<p>Ce dimanche 28 d\u00e9cembre 2025, la Guin\u00e9e franchit une \u00e9tape historique avec l\u2019\u00e9lection pr\u00e9sidentielle marquant la fin de quatre ann\u00e9es de transition. Dans les quartiers n\u00e9vralgiques de Madina, Mafanco et Col\u00e9ah, les habitants arrivent progressivement dans les diff\u00e9rents centres de vote pour exercer leurs devoirs civiques.<a href=\"https:\/\/universnews224.com\/wp-content\/uploads\/2025\/12\/20251228_071800-scaled.jpg\"><img loading=\"lazy\" class=\"alignnone size-medium wp-image-9950\" src=\"https:\/\/universnews224.com\/wp-content\/uploads\/2025\/12\/20251228_071800-300x169.jpg\" alt=\"\" width=\"300\" height=\"169\" srcset=\"https:\/\/universnews224.com\/wp-content\/uploads\/2025\/12\/20251228_071800-300x169.jpg 300w, https:\/\/universnews224.com\/wp-content\/uploads\/2025\/12\/20251228_071800-1024x576.jpg 1024w, https:\/\/universnews224.com\/wp-content\/uploads\/2025\/12\/20251228_071800-768x432.jpg 768w, https:\/\/universnews224.com\/wp-content\/uploads\/2025\/12\/20251228_071800-1536x864.jpg 1536w, https:\/\/universnews224.com\/wp-content\/uploads\/2025\/12\/20251228_071800-2048x1153.jpg 2048w, https:\/\/universnews224.com\/wp-content\/uploads\/2025\/12\/20251228_071800-800x450.jpg 800w\" sizes=\"(max-width: 300px) 100vw, 300px\" \/><\/a><\/p>\n<p>\u00c9tat des lieux d&rsquo;une matin\u00e9e \u00e9lectorale au calme inhabituel.<\/p>\n<p>Un calme plat dans les zones d&rsquo;ordinaire effervescentes. \u00c0 Madina, le poumon \u00e9conomique du pays, l&rsquo;agitation habituelle a laiss\u00e9 place \u00e0 une ambiance lourde. Malgr\u00e9 un dispositif de s\u00e9curit\u00e9 impressionnant, les \u00e9lecteurs arrivent au compte-gouttes. Dans plusieurs bureaux de vote, les agents \u00e9lectoraux, install\u00e9s d\u00e8s l&rsquo;ouverture \u00e0 7h00, re\u00e7oivent progressivement les \u00e9lecteurs.<a href=\"https:\/\/universnews224.com\/wp-content\/uploads\/2025\/12\/20251228_075226-scaled.jpg\"><img loading=\"lazy\" class=\"alignnone size-medium wp-image-9951\" src=\"https:\/\/universnews224.com\/wp-content\/uploads\/2025\/12\/20251228_075226-300x169.jpg\" alt=\"\" width=\"300\" height=\"169\" srcset=\"https:\/\/universnews224.com\/wp-content\/uploads\/2025\/12\/20251228_075226-300x169.jpg 300w, https:\/\/universnews224.com\/wp-content\/uploads\/2025\/12\/20251228_075226-1024x576.jpg 1024w, https:\/\/universnews224.com\/wp-content\/uploads\/2025\/12\/20251228_075226-768x432.jpg 768w, https:\/\/universnews224.com\/wp-content\/uploads\/2025\/12\/20251228_075226-1536x864.jpg 1536w, https:\/\/universnews224.com\/wp-content\/uploads\/2025\/12\/20251228_075226-2048x1153.jpg 2048w, https:\/\/universnews224.com\/wp-content\/uploads\/2025\/12\/20251228_075226-800x450.jpg 800w\" sizes=\"(max-width: 300px) 100vw, 300px\" \/><\/a><\/p>\n<p>\u00c9cole primaire de Col\u00e9ah Centre. Ici, le contraste est frappant. Les citoyens se sont d\u00e9plac\u00e9s en masse pour accomplir leur devoir civique, formant une file continue sous la supervision des autorit\u00e9s locales.<\/p>\n<p>\u200b\u00c0 la sortie du bureau de vote de l&rsquo;\u00e9cole primaire de Col\u00e9ah Imprimerie, Cheikh Ahmed Bangoura, un citoyen rencontr\u00e9 apr\u00e8s avoir gliss\u00e9 son bulletin dans l&rsquo;urne, t\u00e9moigne : <a href=\"https:\/\/universnews224.com\/wp-content\/uploads\/2025\/12\/20251228_090038-scaled.jpg\"><img loading=\"lazy\" class=\"alignnone size-medium wp-image-9952\" src=\"https:\/\/universnews224.com\/wp-content\/uploads\/2025\/12\/20251228_090038-300x169.jpg\" alt=\"\" width=\"300\" height=\"169\" srcset=\"https:\/\/universnews224.com\/wp-content\/uploads\/2025\/12\/20251228_090038-300x169.jpg 300w, https:\/\/universnews224.com\/wp-content\/uploads\/2025\/12\/20251228_090038-1024x576.jpg 1024w, https:\/\/universnews224.com\/wp-content\/uploads\/2025\/12\/20251228_090038-768x432.jpg 768w, https:\/\/universnews224.com\/wp-content\/uploads\/2025\/12\/20251228_090038-1536x864.jpg 1536w, https:\/\/universnews224.com\/wp-content\/uploads\/2025\/12\/20251228_090038-2048x1153.jpg 2048w, https:\/\/universnews224.com\/wp-content\/uploads\/2025\/12\/20251228_090038-800x450.jpg 800w\" sizes=\"(max-width: 300px) 100vw, 300px\" \/><\/a><\/p>\n<p>\u00ab\u00a0J&rsquo;ai vot\u00e9 par pragmatisme. Ce que nous voulons, c&rsquo;est la continuit\u00e9 de l&rsquo;\u00c9tat et, surtout, la stabilit\u00e9 \u00e9conomique. Aujourd&rsquo;hui, je vote pour celui qui peut garantir notre d\u00e9veloppement et s&rsquo;assurer que les investissements, comme le projet Simandou, profitent enfin au peuple. On veut juste une vie normale\u00a0\u00bb a-t-il d\u00e9clar\u00e9, avant de lancer un appel au calme. \u00ab\u00a0J&rsquo;invite tous les Guin\u00e9ens \u00e0 voter dans la s\u00e9r\u00e9nit\u00e9. Quel que soit le vainqueur, il sera Guin\u00e9en et devra travailler pour tous\u00a0\u00bb, a t-il indiqu\u00e9.<\/p>\n<p>\u200b\u200bQuelques m\u00e8tres plus loin, dans le quartier de Mafanco, Dj\u00e9nab Barry, la quarantaine, affiche fi\u00e8rement son doigt marqu\u00e9 d&rsquo;encre ind\u00e9l\u00e9bile. Apr\u00e8s avoir accompli son devoir civique, cette m\u00e8re de famille exprime des attentes fortes envers le futur locataire de S\u00e9khoutour\u00e9ya :<a href=\"https:\/\/universnews224.com\/wp-content\/uploads\/2025\/12\/20251228_090551-scaled.jpg\"><img loading=\"lazy\" class=\"alignnone size-medium wp-image-9953\" src=\"https:\/\/universnews224.com\/wp-content\/uploads\/2025\/12\/20251228_090551-300x169.jpg\" alt=\"\" width=\"300\" height=\"169\" srcset=\"https:\/\/universnews224.com\/wp-content\/uploads\/2025\/12\/20251228_090551-300x169.jpg 300w, https:\/\/universnews224.com\/wp-content\/uploads\/2025\/12\/20251228_090551-1024x576.jpg 1024w, https:\/\/universnews224.com\/wp-content\/uploads\/2025\/12\/20251228_090551-768x432.jpg 768w, https:\/\/universnews224.com\/wp-content\/uploads\/2025\/12\/20251228_090551-1536x864.jpg 1536w, https:\/\/universnews224.com\/wp-content\/uploads\/2025\/12\/20251228_090551-2048x1153.jpg 2048w, https:\/\/universnews224.com\/wp-content\/uploads\/2025\/12\/20251228_090551-800x450.jpg 800w\" sizes=\"(max-width: 300px) 100vw, 300px\" \/><\/a><\/p>\n<p>\u00a0\u00bb J&rsquo;ai vot\u00e9 avec beaucoup d&rsquo;espoir, mais aussi avec exigence. On nous parle de nouvelle Constitution et de nouvelle \u00e8re, mais sur le terrain, nous constatons surtout que le co\u00fbt de la vie augmente. Je veux un pr\u00e9sident qui s&rsquo;occupe r\u00e9ellement de l&#8217;emploi des jeunes et de l&rsquo;\u00e9ducation. Voter est un droit, mais c&rsquo;est aussi un contrat. Si le gagnant oublie ses promesses d\u00e8s demain, le d\u00e9senchantement sera total\u00a0\u00bb, a-t-elle laiss\u00e9 entendre.<a href=\"https:\/\/universnews224.com\/wp-content\/uploads\/2025\/12\/20251228_081332-scaled.jpg\"><img loading=\"lazy\" class=\"alignnone size-medium wp-image-9954\" src=\"https:\/\/universnews224.com\/wp-content\/uploads\/2025\/12\/20251228_081332-300x169.jpg\" alt=\"\" width=\"300\" height=\"169\" srcset=\"https:\/\/universnews224.com\/wp-content\/uploads\/2025\/12\/20251228_081332-300x169.jpg 300w, https:\/\/universnews224.com\/wp-content\/uploads\/2025\/12\/20251228_081332-1024x576.jpg 1024w, https:\/\/universnews224.com\/wp-content\/uploads\/2025\/12\/20251228_081332-768x432.jpg 768w, https:\/\/universnews224.com\/wp-content\/uploads\/2025\/12\/20251228_081332-1536x864.jpg 1536w, https:\/\/universnews224.com\/wp-content\/uploads\/2025\/12\/20251228_081332-2048x1153.jpg 2048w, https:\/\/universnews224.com\/wp-content\/uploads\/2025\/12\/20251228_081332-800x450.jpg 800w\" sizes=\"(max-width: 300px) 100vw, 300px\" \/><\/a><\/p>\n<p>Si le d\u00e9marrage du scrutin a \u00e9t\u00e9 globalement ponctuel, respectant l&rsquo;ouverture l\u00e9gale de 7h00, les quelques rares soucis techniques observ\u00e9s ont \u00e9t\u00e9 corrig\u00e9s gr\u00e2ce \u00e0 la r\u00e9activit\u00e9 de la Direction G\u00e9n\u00e9rale des \u00c9lections (DGE). Globalement, les op\u00e9rations de vote se poursuivent normalement dans les diff\u00e9rents centres de vote de la commune de Matam.<a href=\"https:\/\/universnews224.com\/wp-content\/uploads\/2025\/12\/20251228_075614-scaled.jpg\"><img loading=\"lazy\" class=\"alignnone size-medium wp-image-9955\" src=\"https:\/\/universnews224.com\/wp-content\/uploads\/2025\/12\/20251228_075614-300x169.jpg\" alt=\"\" width=\"300\" height=\"169\" srcset=\"https:\/\/universnews224.com\/wp-content\/uploads\/2025\/12\/20251228_075614-300x169.jpg 300w, https:\/\/universnews224.com\/wp-content\/uploads\/2025\/12\/20251228_075614-1024x576.jpg 1024w, https:\/\/universnews224.com\/wp-content\/uploads\/2025\/12\/20251228_075614-768x432.jpg 768w, https:\/\/universnews224.com\/wp-content\/uploads\/2025\/12\/20251228_075614-1536x864.jpg 1536w, https:\/\/universnews224.com\/wp-content\/uploads\/2025\/12\/20251228_075614-2048x1153.jpg 2048w, https:\/\/universnews224.com\/wp-content\/uploads\/2025\/12\/20251228_075614-800x450.jpg 800w\" sizes=\"(max-width: 300px) 100vw, 300px\" \/><\/a><\/p>\n<p>&nbsp;<\/p>\n<p>Camara Mohamed, envoy\u00e9 sp\u00e9cial de l\u2019UFSIIG \u00e0 Matam<\/p>\n","protected":false},"excerpt":{"rendered":"<p>Ce dimanche 28 d\u00e9cembre 2025, la Guin\u00e9e franchit une \u00e9tape historique avec l\u2019\u00e9lection pr\u00e9sidentielle marquant<\/p>\n","protected":false},"author":2,"featured_media":9954,"comment_status":"closed","ping_status":"open","sticky":false,"template":"","format":"standard","meta":[],"categories":[3,4],"tags":[237],"yoast_head":"<!-- This site is optimized with the Yoast SEO plugin v19.13 - https:\/\/yoast.com\/wordpress\/plugins\/seo\/ -->\n<title>Matam : les habitants de Col\u00e9ah, Madina et Mafanco se mobilisent progressivement pour voter - UNIVERSNEWS224<\/title>\n<meta name=\"robots\" content=\"index, follow, max-snippet:-1, max-image-preview:large, max-video-preview:-1\" \/>\n<link rel=\"canonical\" href=\"https:\/\/universnews224.com\/index.php\/matam-les-habitants-de-coleah-madina-et-mafanco-se-mobilisent-progressivement-pour-voter\/\" \/>\n<meta property=\"og:locale\" content=\"fr_FR\" \/>\n<meta property=\"og:type\" content=\"article\" \/>\n<meta property=\"og:title\" content=\"Matam : les habitants de Col\u00e9ah, Madina et Mafanco se mobilisent progressivement pour voter - UNIVERSNEWS224\" \/>\n<meta property=\"og:description\" content=\"Ce dimanche 28 d\u00e9cembre 2025, la Guin\u00e9e franchit une \u00e9tape historique avec l\u2019\u00e9lection pr\u00e9sidentielle marquant\" \/>\n<meta property=\"og:url\" content=\"https:\/\/universnews224.com\/index.php\/matam-les-habitants-de-coleah-madina-et-mafanco-se-mobilisent-progressivement-pour-voter\/\" \/>\n<meta property=\"og:site_name\" content=\"UNIVERSNEWS224\" \/>\n<meta property=\"article:published_time\" content=\"2025-12-28T12:06:34+00:00\" \/>\n<meta property=\"og:image\" content=\"https:\/\/universnews224.com\/wp-content\/uploads\/2025\/12\/20251228_081332-scaled.jpg\" \/>\n\t<meta property=\"og:image:width\" content=\"2560\" \/>\n\t<meta property=\"og:image:height\" content=\"1441\" \/>\n\t<meta property=\"og:image:type\" content=\"image\/jpeg\" \/>\n<meta name=\"author\" content=\"La R\u00e9daction\" \/>\n<meta name=\"twitter:label1\" content=\"\u00c9crit par\" \/>\n\t<meta name=\"twitter:data1\" content=\"La R\u00e9daction\" \/>\n\t<meta name=\"twitter:label2\" content=\"Dur\u00e9e de lecture estim\u00e9e\" \/>\n\t<meta name=\"twitter:data2\" content=\"4 minutes\" \/>\n<script type=\"application\/ld+json\" class=\"yoast-schema-graph\">{\"@context\":\"https:\/\/schema.org\",\"@graph\":[{\"@type\":\"Article\",\"@id\":\"https:\/\/universnews224.com\/index.php\/matam-les-habitants-de-coleah-madina-et-mafanco-se-mobilisent-progressivement-pour-voter\/#article\",\"isPartOf\":{\"@id\":\"https:\/\/universnews224.com\/index.php\/matam-les-habitants-de-coleah-madina-et-mafanco-se-mobilisent-progressivement-pour-voter\/\"},\"author\":{\"name\":\"La R\u00e9daction\",\"@id\":\"https:\/\/universnews224.com\/#\/schema\/person\/a4b7d4f94a4716df60456a491260485e\"},\"headline\":\"Matam : les habitants de Col\u00e9ah, Madina et Mafanco se mobilisent progressivement pour voter\",\"datePublished\":\"2025-12-28T12:06:34+00:00\",\"dateModified\":\"2025-12-28T12:06:34+00:00\",\"mainEntityOfPage\":{\"@id\":\"https:\/\/universnews224.com\/index.php\/matam-les-habitants-de-coleah-madina-et-mafanco-se-mobilisent-progressivement-pour-voter\/\"},\"wordCount\":480,\"publisher\":{\"@id\":\"https:\/\/universnews224.com\/#organization\"},\"keywords\":[\"A la une\"],\"articleSection\":[\"ACTU\",\"POLITIQUE\"],\"inLanguage\":\"fr-FR\"},{\"@type\":\"WebPage\",\"@id\":\"https:\/\/universnews224.com\/index.php\/matam-les-habitants-de-coleah-madina-et-mafanco-se-mobilisent-progressivement-pour-voter\/\",\"url\":\"https:\/\/universnews224.com\/index.php\/matam-les-habitants-de-coleah-madina-et-mafanco-se-mobilisent-progressivement-pour-voter\/\",\"name\":\"Matam : les habitants de Col\u00e9ah, Madina et Mafanco se mobilisent progressivement pour voter - UNIVERSNEWS224\",\"isPartOf\":{\"@id\":\"https:\/\/universnews224.com\/#website\"},\"datePublished\":\"2025-12-28T12:06:34+00:00\",\"dateModified\":\"2025-12-28T12:06:34+00:00\",\"inLanguage\":\"fr-FR\",\"potentialAction\":[{\"@type\":\"ReadAction\",\"target\":[\"https:\/\/universnews224.com\/index.php\/matam-les-habitants-de-coleah-madina-et-mafanco-se-mobilisent-progressivement-pour-voter\/\"]}]},{\"@type\":\"WebSite\",\"@id\":\"https:\/\/universnews224.com\/#website\",\"url\":\"https:\/\/universnews224.com\/\",\"name\":\"UNIVERSNEWS224\",\"description\":\"\",\"publisher\":{\"@id\":\"https:\/\/universnews224.com\/#organization\"},\"potentialAction\":[{\"@type\":\"SearchAction\",\"target\":{\"@type\":\"EntryPoint\",\"urlTemplate\":\"https:\/\/universnews224.com\/?s={search_term_string}\"},\"query-input\":\"required name=search_term_string\"}],\"inLanguage\":\"fr-FR\"},{\"@type\":\"Organization\",\"@id\":\"https:\/\/universnews224.com\/#organization\",\"name\":\"UNIVERSNEWS224\",\"url\":\"https:\/\/universnews224.com\/\",\"logo\":{\"@type\":\"ImageObject\",\"inLanguage\":\"fr-FR\",\"@id\":\"https:\/\/universnews224.com\/#\/schema\/logo\/image\/\",\"url\":\"https:\/\/universnews224.com\/wp-content\/uploads\/2022\/08\/cropped-cropped-logoban.jpg\",\"contentUrl\":\"https:\/\/universnews224.com\/wp-content\/uploads\/2022\/08\/cropped-cropped-logoban.jpg\",\"width\":1080,\"height\":138,\"caption\":\"UNIVERSNEWS224\"},\"image\":{\"@id\":\"https:\/\/universnews224.com\/#\/schema\/logo\/image\/\"}},{\"@type\":\"Person\",\"@id\":\"https:\/\/universnews224.com\/#\/schema\/person\/a4b7d4f94a4716df60456a491260485e\",\"name\":\"La R\u00e9daction\",\"image\":{\"@type\":\"ImageObject\",\"inLanguage\":\"fr-FR\",\"@id\":\"https:\/\/universnews224.com\/#\/schema\/person\/image\/\",\"url\":\"https:\/\/secure.gravatar.com\/avatar\/edb90acc7752b23e1b3307ad36c14f0d?s=96&d=mm&r=g\",\"contentUrl\":\"https:\/\/secure.gravatar.com\/avatar\/edb90acc7752b23e1b3307ad36c14f0d?s=96&d=mm&r=g\",\"caption\":\"La R\u00e9daction\"},\"sameAs\":[\"https:\/\/universnews224.com\"],\"url\":\"https:\/\/universnews224.com\/index.php\/author\/m-camara\/\"}]}<\/script>\n<!-- \/ Yoast SEO plugin. -->","yoast_head_json":{"title":"Matam : les habitants de Col\u00e9ah, Madina et Mafanco se mobilisent progressivement pour voter - UNIVERSNEWS224","robots":{"index":"index","follow":"follow","max-snippet":"max-snippet:-1","max-image-preview":"max-image-preview:large","max-video-preview":"max-video-preview:-1"},"canonical":"https:\/\/universnews224.com\/index.php\/matam-les-habitants-de-coleah-madina-et-mafanco-se-mobilisent-progressivement-pour-voter\/","og_locale":"fr_FR","og_type":"article","og_title":"Matam : les habitants de Col\u00e9ah, Madina et Mafanco se mobilisent progressivement pour voter - UNIVERSNEWS224","og_description":"Ce dimanche 28 d\u00e9cembre 2025, la Guin\u00e9e franchit une \u00e9tape historique avec l\u2019\u00e9lection pr\u00e9sidentielle marquant","og_url":"https:\/\/universnews224.com\/index.php\/matam-les-habitants-de-coleah-madina-et-mafanco-se-mobilisent-progressivement-pour-voter\/","og_site_name":"UNIVERSNEWS224","article_published_time":"2025-12-28T12:06:34+00:00","og_image":[{"width":2560,"height":1441,"url":"https:\/\/universnews224.com\/wp-content\/uploads\/2025\/12\/20251228_081332-scaled.jpg","type":"image\/jpeg"}],"author":"La R\u00e9daction","twitter_misc":{"\u00c9crit par":"La R\u00e9daction","Dur\u00e9e de lecture estim\u00e9e":"4 minutes"},"schema":{"@context":"https:\/\/schema.org","@graph":[{"@type":"Article","@id":"https:\/\/universnews224.com\/index.php\/matam-les-habitants-de-coleah-madina-et-mafanco-se-mobilisent-progressivement-pour-voter\/#article","isPartOf":{"@id":"https:\/\/universnews224.com\/index.php\/matam-les-habitants-de-coleah-madina-et-mafanco-se-mobilisent-progressivement-pour-voter\/"},"author":{"name":"La R\u00e9daction","@id":"https:\/\/universnews224.com\/#\/schema\/person\/a4b7d4f94a4716df60456a491260485e"},"headline":"Matam : les habitants de Col\u00e9ah, Madina et Mafanco se mobilisent progressivement pour voter","datePublished":"2025-12-28T12:06:34+00:00","dateModified":"2025-12-28T12:06:34+00:00","mainEntityOfPage":{"@id":"https:\/\/universnews224.com\/index.php\/matam-les-habitants-de-coleah-madina-et-mafanco-se-mobilisent-progressivement-pour-voter\/"},"wordCount":480,"publisher":{"@id":"https:\/\/universnews224.com\/#organization"},"keywords":["A la une"],"articleSection":["ACTU","POLITIQUE"],"inLanguage":"fr-FR"},{"@type":"WebPage","@id":"https:\/\/universnews224.com\/index.php\/matam-les-habitants-de-coleah-madina-et-mafanco-se-mobilisent-progressivement-pour-voter\/","url":"https:\/\/universnews224.com\/index.php\/matam-les-habitants-de-coleah-madina-et-mafanco-se-mobilisent-progressivement-pour-voter\/","name":"Matam : les habitants de Col\u00e9ah, Madina et Mafanco se mobilisent progressivement pour voter - UNIVERSNEWS224","isPartOf":{"@id":"https:\/\/universnews224.com\/#website"},"datePublished":"2025-12-28T12:06:34+00:00","dateModified":"2025-12-28T12:06:34+00:00","inLanguage":"fr-FR","potentialAction":[{"@type":"ReadAction","target":["https:\/\/universnews224.com\/index.php\/matam-les-habitants-de-coleah-madina-et-mafanco-se-mobilisent-progressivement-pour-voter\/"]}]},{"@type":"WebSite","@id":"https:\/\/universnews224.com\/#website","url":"https:\/\/universnews224.com\/","name":"UNIVERSNEWS224","description":"","publisher":{"@id":"https:\/\/universnews224.com\/#organization"},"potentialAction":[{"@type":"SearchAction","target":{"@type":"EntryPoint","urlTemplate":"https:\/\/universnews224.com\/?s={search_term_string}"},"query-input":"required name=search_term_string"}],"inLanguage":"fr-FR"},{"@type":"Organization","@id":"https:\/\/universnews224.com\/#organization","name":"UNIVERSNEWS224","url":"https:\/\/universnews224.com\/","logo":{"@type":"ImageObject","inLanguage":"fr-FR","@id":"https:\/\/universnews224.com\/#\/schema\/logo\/image\/","url":"https:\/\/universnews224.com\/wp-content\/uploads\/2022\/08\/cropped-cropped-logoban.jpg","contentUrl":"https:\/\/universnews224.com\/wp-content\/uploads\/2022\/08\/cropped-cropped-logoban.jpg","width":1080,"height":138,"caption":"UNIVERSNEWS224"},"image":{"@id":"https:\/\/universnews224.com\/#\/schema\/logo\/image\/"}},{"@type":"Person","@id":"https:\/\/universnews224.com\/#\/schema\/person\/a4b7d4f94a4716df60456a491260485e","name":"La R\u00e9daction","image":{"@type":"ImageObject","inLanguage":"fr-FR","@id":"https:\/\/universnews224.com\/#\/schema\/person\/image\/","url":"https:\/\/secure.gravatar.com\/avatar\/edb90acc7752b23e1b3307ad36c14f0d?s=96&d=mm&r=g","contentUrl":"https:\/\/secure.gravatar.com\/avatar\/edb90acc7752b23e1b3307ad36c14f0d?s=96&d=mm&r=g","caption":"La R\u00e9daction"},"sameAs":["https:\/\/universnews224.com"],"url":"https:\/\/universnews224.com\/index.php\/author\/m-camara\/"}]}},"_links":{"self":[{"href":"https:\/\/universnews224.com\/index.php\/wp-json\/wp\/v2\/posts\/9949"}],"collection":[{"href":"https:\/\/universnews224.com\/index.php\/wp-json\/wp\/v2\/posts"}],"about":[{"href":"https:\/\/universnews224.com\/index.php\/wp-json\/wp\/v2\/types\/post"}],"author":[{"embeddable":true,"href":"https:\/\/universnews224.com\/index.php\/wp-json\/wp\/v2\/users\/2"}],"replies":[{"embeddable":true,"href":"https:\/\/universnews224.com\/index.php\/wp-json\/wp\/v2\/comments?post=9949"}],"version-history":[{"count":1,"href":"https:\/\/universnews224.com\/index.php\/wp-json\/wp\/v2\/posts\/9949\/revisions"}],"predecessor-version":[{"id":9956,"href":"https:\/\/universnews224.com\/index.php\/wp-json\/wp\/v2\/posts\/9949\/revisions\/9956"}],"wp:featuredmedia":[{"embeddable":true,"href":"https:\/\/universnews224.com\/index.php\/wp-json\/wp\/v2\/media\/9954"}],"wp:attachment":[{"href":"https:\/\/universnews224.com\/index.php\/wp-json\/wp\/v2\/media?parent=9949"}],"wp:term":[{"taxonomy":"category","embeddable":true,"href":"https:\/\/universnews224.com\/index.php\/wp-json\/wp\/v2\/categories?post=9949"},{"taxonomy":"post_tag","embeddable":true,"href":"https:\/\/universnews224.com\/index.php\/wp-json\/wp\/v2\/tags?post=9949"}],"curies":[{"name":"wp","href":"https:\/\/api.w.org\/{rel}","templated":true}]}}