{"id":9984,"date":"2025-12-28T15:30:21","date_gmt":"2025-12-28T14:30:21","guid":{"rendered":"https:\/\/universnews224.com\/?p=9984"},"modified":"2025-12-28T15:30:21","modified_gmt":"2025-12-28T14:30:21","slug":"ratoma-forte-mobilisation-et-climat-apaise","status":"publish","type":"post","link":"https:\/\/universnews224.com\/index.php\/ratoma-forte-mobilisation-et-climat-apaise\/","title":{"rendered":"Ratoma : forte mobilisation et climat apais\u00e9"},"content":{"rendered":"<p>\u00c0 l\u2019occasion de l\u2019\u00e9lection pr\u00e9sidentielle qui se tient ce dimanche 28 d\u00e9cembre, les citoyens de la commune de Ratoma se sont fortement mobilis\u00e9s pour accomplir leur devoir civique dans le calme et la s\u00e9r\u00e9nit\u00e9.<a href=\"https:\/\/universnews224.com\/wp-content\/uploads\/2025\/12\/IMG-20251228-WA0080.jpg\"><img loading=\"lazy\" class=\"alignnone size-medium wp-image-9986\" src=\"https:\/\/universnews224.com\/wp-content\/uploads\/2025\/12\/IMG-20251228-WA0080-300x225.jpg\" alt=\"\" width=\"300\" height=\"225\" srcset=\"https:\/\/universnews224.com\/wp-content\/uploads\/2025\/12\/IMG-20251228-WA0080-300x225.jpg 300w, https:\/\/universnews224.com\/wp-content\/uploads\/2025\/12\/IMG-20251228-WA0080-768x576.jpg 768w, https:\/\/universnews224.com\/wp-content\/uploads\/2025\/12\/IMG-20251228-WA0080-720x540.jpg 720w, https:\/\/universnews224.com\/wp-content\/uploads\/2025\/12\/IMG-20251228-WA0080.jpg 1020w\" sizes=\"(max-width: 300px) 100vw, 300px\" \/><\/a><\/p>\n<p>Selon les constats effectu\u00e9s dans plusieurs bureaux de vote, le processus \u00e9lectoral a d\u00e9marr\u00e9 dans de bonnes conditions. La majorit\u00e9 des bureaux ont ouvert d\u00e8s 7 heures du matin, permettant aux \u00e9lecteurs d\u2019affluer tr\u00e8s t\u00f4t. Au bureau de vote de l&rsquo;Institut Gandal n\u00b01, dans le quartier Hamdallaye Pharmacie, le pr\u00e9sident, Kamal Almamy, a confirm\u00e9 un fort engouement d\u00e8s l\u2019ouverture.<br \/>\n\u00ab Depuis ce matin, il y a un engouement total des \u00e9lecteurs. Ils se pr\u00e9sentent massivement et tout se passe tr\u00e8s bien comme pr\u00e9vu \u00bb, a-t-il d\u00e9clar\u00e9.<a href=\"https:\/\/universnews224.com\/wp-content\/uploads\/2025\/12\/IMG-20251228-WA0079.jpg\"><img loading=\"lazy\" class=\"alignnone size-medium wp-image-9985\" src=\"https:\/\/universnews224.com\/wp-content\/uploads\/2025\/12\/IMG-20251228-WA0079-300x225.jpg\" alt=\"\" width=\"300\" height=\"225\" srcset=\"https:\/\/universnews224.com\/wp-content\/uploads\/2025\/12\/IMG-20251228-WA0079-300x225.jpg 300w, https:\/\/universnews224.com\/wp-content\/uploads\/2025\/12\/IMG-20251228-WA0079-768x576.jpg 768w, https:\/\/universnews224.com\/wp-content\/uploads\/2025\/12\/IMG-20251228-WA0079-720x540.jpg 720w, https:\/\/universnews224.com\/wp-content\/uploads\/2025\/12\/IMG-20251228-WA0079.jpg 1020w\" sizes=\"(max-width: 300px) 100vw, 300px\" \/><\/a><\/p>\n<p>Poursuivant son intervention, le pr\u00e9sident du bureau de vote a indiqu\u00e9 que l\u2019urne a \u00e9t\u00e9 ouverte devant les \u00e9lecteurs pour d\u00e9montrer qu\u2019elle \u00e9tait vide avant le d\u00e9but du vote. Les citoyens votent librement, sans pression ni directive. \u00ab Il n\u2019y a personne ici pour donner des consignes de vote. Chacun vient, vote pour son candidat de choix et repart \u00bb, a pr\u00e9cis\u00e9 Kamal Almamy.<\/p>\n<p>Du c\u00f4t\u00e9 des \u00e9lecteurs, le m\u00eame sentiment pr\u00e9vaut. Oumou Salamata Bald\u00e9, citoyenne, s\u2019est dite satisfaite du d\u00e9roulement du vote dans son bureau : \u00ab Tout est bien organis\u00e9. Il y a de la transparence. Si quelqu\u2019un ne sait pas comment voter, on lui explique, mais personne ne l\u2019influence \u00bb, a-t-elle t\u00e9moign\u00e9.<\/p>\n<p>Les responsables et les \u00e9lecteurs ont lanc\u00e9 un appel aux citoyens encore h\u00e9sitants \u00e0 se rendre aux urnes : \u00ab Si on veut b\u00e9n\u00e9ficier de ses droits, il faut remplir ses devoirs. J\u2019invite tout le monde \u00e0 venir voter \u00bb, a exhort\u00e9 Oumou Salamata Bald\u00e9.<\/p>\n<p>Dans l\u2019ensemble de la commune de Ratoma, le scrutin se poursuit dans une ambiance apais\u00e9e, marqu\u00e9e par une forte participation, une bonne collaboration s\u00e9curitaire et un profond sens de responsabilit\u00e9 citoyenne.<\/p>\n<p>Barry 3, envoy\u00e9 sp\u00e9cial de L&rsquo;UFSIIG dans la commune de Ratoma<\/p>\n","protected":false},"excerpt":{"rendered":"<p>\u00c0 l\u2019occasion de l\u2019\u00e9lection pr\u00e9sidentielle qui se tient ce dimanche 28 d\u00e9cembre, les citoyens de<\/p>\n","protected":false},"author":2,"featured_media":9986,"comment_status":"closed","ping_status":"open","sticky":false,"template":"","format":"standard","meta":[],"categories":[3,4],"tags":[237],"yoast_head":"<!-- This site is optimized with the Yoast SEO plugin v19.13 - https:\/\/yoast.com\/wordpress\/plugins\/seo\/ -->\n<title>Ratoma : forte mobilisation et climat apais\u00e9 - UNIVERSNEWS224<\/title>\n<meta name=\"robots\" content=\"index, follow, max-snippet:-1, max-image-preview:large, max-video-preview:-1\" \/>\n<link rel=\"canonical\" href=\"https:\/\/universnews224.com\/index.php\/ratoma-forte-mobilisation-et-climat-apaise\/\" \/>\n<meta property=\"og:locale\" content=\"fr_FR\" \/>\n<meta property=\"og:type\" content=\"article\" \/>\n<meta property=\"og:title\" content=\"Ratoma : forte mobilisation et climat apais\u00e9 - UNIVERSNEWS224\" \/>\n<meta property=\"og:description\" content=\"\u00c0 l\u2019occasion de l\u2019\u00e9lection pr\u00e9sidentielle qui se tient ce dimanche 28 d\u00e9cembre, les citoyens de\" \/>\n<meta property=\"og:url\" content=\"https:\/\/universnews224.com\/index.php\/ratoma-forte-mobilisation-et-climat-apaise\/\" \/>\n<meta property=\"og:site_name\" content=\"UNIVERSNEWS224\" \/>\n<meta property=\"article:published_time\" content=\"2025-12-28T14:30:21+00:00\" \/>\n<meta property=\"og:image\" content=\"https:\/\/universnews224.com\/wp-content\/uploads\/2025\/12\/IMG-20251228-WA0080.jpg\" \/>\n\t<meta property=\"og:image:width\" content=\"1020\" \/>\n\t<meta property=\"og:image:height\" content=\"765\" \/>\n\t<meta property=\"og:image:type\" content=\"image\/jpeg\" \/>\n<meta name=\"author\" content=\"La R\u00e9daction\" \/>\n<meta name=\"twitter:label1\" content=\"\u00c9crit par\" \/>\n\t<meta name=\"twitter:data1\" content=\"La R\u00e9daction\" \/>\n\t<meta name=\"twitter:label2\" content=\"Dur\u00e9e de lecture estim\u00e9e\" \/>\n\t<meta name=\"twitter:data2\" content=\"2 minutes\" \/>\n<script type=\"application\/ld+json\" class=\"yoast-schema-graph\">{\"@context\":\"https:\/\/schema.org\",\"@graph\":[{\"@type\":\"Article\",\"@id\":\"https:\/\/universnews224.com\/index.php\/ratoma-forte-mobilisation-et-climat-apaise\/#article\",\"isPartOf\":{\"@id\":\"https:\/\/universnews224.com\/index.php\/ratoma-forte-mobilisation-et-climat-apaise\/\"},\"author\":{\"name\":\"La R\u00e9daction\",\"@id\":\"https:\/\/universnews224.com\/#\/schema\/person\/a4b7d4f94a4716df60456a491260485e\"},\"headline\":\"Ratoma : forte mobilisation et climat apais\u00e9\",\"datePublished\":\"2025-12-28T14:30:21+00:00\",\"dateModified\":\"2025-12-28T14:30:21+00:00\",\"mainEntityOfPage\":{\"@id\":\"https:\/\/universnews224.com\/index.php\/ratoma-forte-mobilisation-et-climat-apaise\/\"},\"wordCount\":356,\"publisher\":{\"@id\":\"https:\/\/universnews224.com\/#organization\"},\"keywords\":[\"A la une\"],\"articleSection\":[\"ACTU\",\"POLITIQUE\"],\"inLanguage\":\"fr-FR\"},{\"@type\":\"WebPage\",\"@id\":\"https:\/\/universnews224.com\/index.php\/ratoma-forte-mobilisation-et-climat-apaise\/\",\"url\":\"https:\/\/universnews224.com\/index.php\/ratoma-forte-mobilisation-et-climat-apaise\/\",\"name\":\"Ratoma : forte mobilisation et climat apais\u00e9 - UNIVERSNEWS224\",\"isPartOf\":{\"@id\":\"https:\/\/universnews224.com\/#website\"},\"datePublished\":\"2025-12-28T14:30:21+00:00\",\"dateModified\":\"2025-12-28T14:30:21+00:00\",\"inLanguage\":\"fr-FR\",\"potentialAction\":[{\"@type\":\"ReadAction\",\"target\":[\"https:\/\/universnews224.com\/index.php\/ratoma-forte-mobilisation-et-climat-apaise\/\"]}]},{\"@type\":\"WebSite\",\"@id\":\"https:\/\/universnews224.com\/#website\",\"url\":\"https:\/\/universnews224.com\/\",\"name\":\"UNIVERSNEWS224\",\"description\":\"\",\"publisher\":{\"@id\":\"https:\/\/universnews224.com\/#organization\"},\"potentialAction\":[{\"@type\":\"SearchAction\",\"target\":{\"@type\":\"EntryPoint\",\"urlTemplate\":\"https:\/\/universnews224.com\/?s={search_term_string}\"},\"query-input\":\"required name=search_term_string\"}],\"inLanguage\":\"fr-FR\"},{\"@type\":\"Organization\",\"@id\":\"https:\/\/universnews224.com\/#organization\",\"name\":\"UNIVERSNEWS224\",\"url\":\"https:\/\/universnews224.com\/\",\"logo\":{\"@type\":\"ImageObject\",\"inLanguage\":\"fr-FR\",\"@id\":\"https:\/\/universnews224.com\/#\/schema\/logo\/image\/\",\"url\":\"https:\/\/universnews224.com\/wp-content\/uploads\/2022\/08\/cropped-cropped-logoban.jpg\",\"contentUrl\":\"https:\/\/universnews224.com\/wp-content\/uploads\/2022\/08\/cropped-cropped-logoban.jpg\",\"width\":1080,\"height\":138,\"caption\":\"UNIVERSNEWS224\"},\"image\":{\"@id\":\"https:\/\/universnews224.com\/#\/schema\/logo\/image\/\"}},{\"@type\":\"Person\",\"@id\":\"https:\/\/universnews224.com\/#\/schema\/person\/a4b7d4f94a4716df60456a491260485e\",\"name\":\"La R\u00e9daction\",\"image\":{\"@type\":\"ImageObject\",\"inLanguage\":\"fr-FR\",\"@id\":\"https:\/\/universnews224.com\/#\/schema\/person\/image\/\",\"url\":\"https:\/\/secure.gravatar.com\/avatar\/edb90acc7752b23e1b3307ad36c14f0d?s=96&d=mm&r=g\",\"contentUrl\":\"https:\/\/secure.gravatar.com\/avatar\/edb90acc7752b23e1b3307ad36c14f0d?s=96&d=mm&r=g\",\"caption\":\"La R\u00e9daction\"},\"sameAs\":[\"https:\/\/universnews224.com\"],\"url\":\"https:\/\/universnews224.com\/index.php\/author\/m-camara\/\"}]}<\/script>\n<!-- \/ Yoast SEO plugin. -->","yoast_head_json":{"title":"Ratoma : forte mobilisation et climat apais\u00e9 - UNIVERSNEWS224","robots":{"index":"index","follow":"follow","max-snippet":"max-snippet:-1","max-image-preview":"max-image-preview:large","max-video-preview":"max-video-preview:-1"},"canonical":"https:\/\/universnews224.com\/index.php\/ratoma-forte-mobilisation-et-climat-apaise\/","og_locale":"fr_FR","og_type":"article","og_title":"Ratoma : forte mobilisation et climat apais\u00e9 - UNIVERSNEWS224","og_description":"\u00c0 l\u2019occasion de l\u2019\u00e9lection pr\u00e9sidentielle qui se tient ce dimanche 28 d\u00e9cembre, les citoyens de","og_url":"https:\/\/universnews224.com\/index.php\/ratoma-forte-mobilisation-et-climat-apaise\/","og_site_name":"UNIVERSNEWS224","article_published_time":"2025-12-28T14:30:21+00:00","og_image":[{"width":1020,"height":765,"url":"https:\/\/universnews224.com\/wp-content\/uploads\/2025\/12\/IMG-20251228-WA0080.jpg","type":"image\/jpeg"}],"author":"La R\u00e9daction","twitter_misc":{"\u00c9crit par":"La R\u00e9daction","Dur\u00e9e de lecture estim\u00e9e":"2 minutes"},"schema":{"@context":"https:\/\/schema.org","@graph":[{"@type":"Article","@id":"https:\/\/universnews224.com\/index.php\/ratoma-forte-mobilisation-et-climat-apaise\/#article","isPartOf":{"@id":"https:\/\/universnews224.com\/index.php\/ratoma-forte-mobilisation-et-climat-apaise\/"},"author":{"name":"La R\u00e9daction","@id":"https:\/\/universnews224.com\/#\/schema\/person\/a4b7d4f94a4716df60456a491260485e"},"headline":"Ratoma : forte mobilisation et climat apais\u00e9","datePublished":"2025-12-28T14:30:21+00:00","dateModified":"2025-12-28T14:30:21+00:00","mainEntityOfPage":{"@id":"https:\/\/universnews224.com\/index.php\/ratoma-forte-mobilisation-et-climat-apaise\/"},"wordCount":356,"publisher":{"@id":"https:\/\/universnews224.com\/#organization"},"keywords":["A la une"],"articleSection":["ACTU","POLITIQUE"],"inLanguage":"fr-FR"},{"@type":"WebPage","@id":"https:\/\/universnews224.com\/index.php\/ratoma-forte-mobilisation-et-climat-apaise\/","url":"https:\/\/universnews224.com\/index.php\/ratoma-forte-mobilisation-et-climat-apaise\/","name":"Ratoma : forte mobilisation et climat apais\u00e9 - UNIVERSNEWS224","isPartOf":{"@id":"https:\/\/universnews224.com\/#website"},"datePublished":"2025-12-28T14:30:21+00:00","dateModified":"2025-12-28T14:30:21+00:00","inLanguage":"fr-FR","potentialAction":[{"@type":"ReadAction","target":["https:\/\/universnews224.com\/index.php\/ratoma-forte-mobilisation-et-climat-apaise\/"]}]},{"@type":"WebSite","@id":"https:\/\/universnews224.com\/#website","url":"https:\/\/universnews224.com\/","name":"UNIVERSNEWS224","description":"","publisher":{"@id":"https:\/\/universnews224.com\/#organization"},"potentialAction":[{"@type":"SearchAction","target":{"@type":"EntryPoint","urlTemplate":"https:\/\/universnews224.com\/?s={search_term_string}"},"query-input":"required name=search_term_string"}],"inLanguage":"fr-FR"},{"@type":"Organization","@id":"https:\/\/universnews224.com\/#organization","name":"UNIVERSNEWS224","url":"https:\/\/universnews224.com\/","logo":{"@type":"ImageObject","inLanguage":"fr-FR","@id":"https:\/\/universnews224.com\/#\/schema\/logo\/image\/","url":"https:\/\/universnews224.com\/wp-content\/uploads\/2022\/08\/cropped-cropped-logoban.jpg","contentUrl":"https:\/\/universnews224.com\/wp-content\/uploads\/2022\/08\/cropped-cropped-logoban.jpg","width":1080,"height":138,"caption":"UNIVERSNEWS224"},"image":{"@id":"https:\/\/universnews224.com\/#\/schema\/logo\/image\/"}},{"@type":"Person","@id":"https:\/\/universnews224.com\/#\/schema\/person\/a4b7d4f94a4716df60456a491260485e","name":"La R\u00e9daction","image":{"@type":"ImageObject","inLanguage":"fr-FR","@id":"https:\/\/universnews224.com\/#\/schema\/person\/image\/","url":"https:\/\/secure.gravatar.com\/avatar\/edb90acc7752b23e1b3307ad36c14f0d?s=96&d=mm&r=g","contentUrl":"https:\/\/secure.gravatar.com\/avatar\/edb90acc7752b23e1b3307ad36c14f0d?s=96&d=mm&r=g","caption":"La R\u00e9daction"},"sameAs":["https:\/\/universnews224.com"],"url":"https:\/\/universnews224.com\/index.php\/author\/m-camara\/"}]}},"_links":{"self":[{"href":"https:\/\/universnews224.com\/index.php\/wp-json\/wp\/v2\/posts\/9984"}],"collection":[{"href":"https:\/\/universnews224.com\/index.php\/wp-json\/wp\/v2\/posts"}],"about":[{"href":"https:\/\/universnews224.com\/index.php\/wp-json\/wp\/v2\/types\/post"}],"author":[{"embeddable":true,"href":"https:\/\/universnews224.com\/index.php\/wp-json\/wp\/v2\/users\/2"}],"replies":[{"embeddable":true,"href":"https:\/\/universnews224.com\/index.php\/wp-json\/wp\/v2\/comments?post=9984"}],"version-history":[{"count":1,"href":"https:\/\/universnews224.com\/index.php\/wp-json\/wp\/v2\/posts\/9984\/revisions"}],"predecessor-version":[{"id":9987,"href":"https:\/\/universnews224.com\/index.php\/wp-json\/wp\/v2\/posts\/9984\/revisions\/9987"}],"wp:featuredmedia":[{"embeddable":true,"href":"https:\/\/universnews224.com\/index.php\/wp-json\/wp\/v2\/media\/9986"}],"wp:attachment":[{"href":"https:\/\/universnews224.com\/index.php\/wp-json\/wp\/v2\/media?parent=9984"}],"wp:term":[{"taxonomy":"category","embeddable":true,"href":"https:\/\/universnews224.com\/index.php\/wp-json\/wp\/v2\/categories?post=9984"},{"taxonomy":"post_tag","embeddable":true,"href":"https:\/\/universnews224.com\/index.php\/wp-json\/wp\/v2\/tags?post=9984"}],"curies":[{"name":"wp","href":"https:\/\/api.w.org\/{rel}","templated":true}]}}